{"id":268426,"date":"2022-12-04T17:03:50","date_gmt":"2022-12-04T15:03:50","guid":{"rendered":"http:\/\/107.6.182.27\/tr\/?p=268426"},"modified":"2022-12-05T11:23:36","modified_gmt":"2022-12-05T09:23:36","slug":"saglik-bazi-illerde-koleraya-karsi-agizdan-asilama-kampanyasi-baslatti","status":"publish","type":"post","link":"https:\/\/archive.sana.sy\/tr\/?p=268426","title":{"rendered":"Sa\u011fl\u0131k Bakanl\u0131\u011f\u0131 Baz\u0131 \u0130llerde Koleraya Kar\u015f\u0131 A\u011f\u0131zdan A\u015f\u0131lama Kampanyas\u0131 Ba\u015flatt\u0131"},"content":{"rendered":"<p>\u015eAM &#8211; Sa\u011fl\u0131k Bakanl\u0131\u011f\u0131 bug\u00fcn Halep, Haseke, Rakka ve Deyrizor k\u0131rsal\u0131nda y\u0131l boyunca her ya\u015ftan koleraya kar\u015f\u0131 a\u011f\u0131zdan a\u015f\u0131lama kampanyas\u0131 ba\u015flatt\u0131 ve bu ay\u0131n 15&#8217;ine kadar devam edecek.<\/p>\n<p>Bakanl\u0131k Temel Sa\u011fl\u0131k Hizmetleri M\u00fcd\u00fcr\u00fc Dr. Razan Tarabi\u015fi&#8217;ye g\u00f6re kampanya, 2.269 sa\u011fl\u0131k personelinin kat\u0131l\u0131m\u0131yla 63 sa\u011fl\u0131k merkezi ve 685 gezici ekip arac\u0131l\u0131\u011f\u0131yla y\u00fcr\u00fct\u00fcl\u00fcyor.<\/p>\n<p>Dr. Tarabi\u015fi, d\u015f\u0131n\u0131n g\u00fcvenli oldu\u011funu, onayland\u0131\u011f\u0131n\u0131, t\u00fcm d\u00fcnyada ba\u015far\u0131yla kullan\u0131ld\u0131\u011f\u0131n\u0131 ve etkinli\u011finin kan\u0131tland\u0131\u011f\u0131n\u0131 anlatarak, \u00a0a\u015f\u0131 olamayan ki\u015filerin hamileler, emzirenler ve a\u011f\u0131r hastal\u0131\u011f\u0131 olanlar oldu\u011funu belirtti.<\/p>\n<p><img loading=\"lazy\" decoding=\"async\" class=\"size-full wp-image-268428 alignright\" src=\"http:\/\/107.6.182.27\/tr\/wp-content\/uploads\/2022\/12\/photo_2022-12-04_09-42-30-1-300x169-1.jpg\" alt=\"\" width=\"300\" height=\"169\" srcset=\"https:\/\/archive.sana.sy\/tr\/wp-content\/uploads\/2022\/12\/photo_2022-12-04_09-42-30-1-300x169-1.jpg 300w, https:\/\/archive.sana.sy\/tr\/wp-content\/uploads\/2022\/12\/photo_2022-12-04_09-42-30-1-300x169-1-150x85.jpg 150w\" sizes=\"auto, (max-width: 300px) 100vw, 300px\" \/>Dr. Tarabi\u015fi ayr\u0131ca, hastal\u0131\u011f\u0131n epidemiyolojik durumunun kontrol alt\u0131nda oldu\u011funu ve azalma a\u015famas\u0131nda oldu\u011funu ve hastal\u0131\u011f\u0131 \u00f6nlemenin temelinin su kullan\u0131m\u0131, g\u00fcvenli bir kaynaktan g\u0131da al\u0131m\u0131 oldu\u011funu vurgulad\u0131.<\/p>\n<p>Halep Valili\u011fi Sa\u011fl\u0131k M\u00fcd\u00fcr\u00fc Dr. Ziyad Hac Taha, SANA muhabirine yapt\u0131\u011f\u0131 a\u00e7\u0131klamada, kampanyan\u0131n 350 bin ki\u015fiyi hedefledi\u011fini belirterek, Kampanyan\u0131n hedef ald\u0131\u011f\u0131 b\u00f6lgelerin As-Safira, Semaan ve Azaz oldu\u011funa dikkat \u00e7eken doktor, kampanyaya kat\u0131lan sa\u011fl\u0131k oca\u011f\u0131 say\u0131s\u0131n\u0131n 17 sa\u011fl\u0131k oca\u011f\u0131 oldu\u011funa dikkat \u00e7ekti.<\/p>\n<p>Taha, aileleri en yak\u0131n sa\u011fl\u0131k merkezine giderek \u00e7ocuklar\u0131n\u0131 bu merkezlerde bulunan \u00fccretsiz a\u015f\u0131lar\u0131 yapt\u0131rmaya \u00e7a\u011f\u0131rd\u0131.<\/p>\n<p>Deyrezzor Valili\u011fi Sa\u011fl\u0131k M\u00fcd\u00fcr\u00fc Dr. Be\u015f\u015far El \u015euaibi, kampanyan\u0131n a\u015f\u0131 sa\u011flamak i\u00e7in kasaba, k\u00f6y ve mahallelere da\u011f\u0131lm\u0131\u015f gezici ekiplerde \u00e7al\u0131\u015fan 770 \u00fcye arac\u0131l\u0131\u011f\u0131yla valilik genelinde 750.000 ki\u015fiyi hedefledi\u011fini belirterek, kampanyan\u0131n ilk g\u00fcnlerinde \u00f6nceli\u011fin, yaralanmalar\u0131n veya hastal\u0131k belirtilerinin ortaya \u00e7\u0131kt\u0131\u011f\u0131 alanlarda yo\u011funla\u015ft\u0131\u011f\u0131na dikkat \u00e7ektti.<\/p>\n<p>El \u015euaibi, a\u015f\u0131n\u0131n g\u00fcvenli ve onayl\u0131 oldu\u011funu, hamile ve emziren kad\u0131nlar ile a\u011f\u0131r hastal\u0131\u011f\u0131 olanlar d\u0131\u015f\u0131nda herkese verilebilece\u011fini kaydetti.<\/p>\n<p>Rakka Sa\u011fl\u0131k M\u00fcd\u00fcr\u00fc Dr. Gayis El Hammud, kampanyan\u0131n 495 sa\u011fl\u0131k \u00e7al\u0131\u015fan\u0131n\u0131n kat\u0131l\u0131m\u0131yla 38 sabit merkez ve 90 gezici ekip arac\u0131l\u0131\u011f\u0131yla valili\u011fin t\u00fcm b\u00f6lgelerinde ba\u015flat\u0131ld\u0131\u011f\u0131n\u0131 ve bir ya\u015f ve \u00fczeri, hamile ve emziren kad\u0131nlar hari\u00e7 497 bin 751 vatanda\u015f\u0131 hedefledi\u011fini bildirdi.<\/p>\n<p>Deyrezzor:<\/p>\n<div id='gallery-1' class='gallery galleryid-268426 gallery-columns-4 gallery-size-full'><figure class='gallery-item'>\n\t\t\t<div class='gallery-icon landscape'>\n\t\t\t\t<a href='https:\/\/archive.sana.sy\/tr\/wp-content\/uploads\/2022\/12\/photo_2022-12-04_13-35-41.jpg'><img loading=\"lazy\" decoding=\"async\" width=\"660\" height=\"399\" src=\"https:\/\/archive.sana.sy\/tr\/wp-content\/uploads\/2022\/12\/photo_2022-12-04_13-35-41.jpg\" class=\"attachment-full size-full\" alt=\"\" srcset=\"https:\/\/archive.sana.sy\/tr\/wp-content\/uploads\/2022\/12\/photo_2022-12-04_13-35-41.jpg 660w, https:\/\/archive.sana.sy\/tr\/wp-content\/uploads\/2022\/12\/photo_2022-12-04_13-35-41-300x181.jpg 300w, https:\/\/archive.sana.sy\/tr\/wp-content\/uploads\/2022\/12\/photo_2022-12-04_13-35-41-150x91.jpg 150w\" sizes=\"auto, (max-width: 660px) 100vw, 660px\" \/><\/a>\n\t\t\t<\/div><\/figure><figure class='gallery-item'>\n\t\t\t<div class='gallery-icon landscape'>\n\t\t\t\t<a href='https:\/\/archive.sana.sy\/tr\/wp-content\/uploads\/2022\/12\/photo_2022-12-04_13-35-21.jpg'><img loading=\"lazy\" decoding=\"async\" width=\"660\" height=\"423\" src=\"https:\/\/archive.sana.sy\/tr\/wp-content\/uploads\/2022\/12\/photo_2022-12-04_13-35-21.jpg\" class=\"attachment-full size-full\" alt=\"\" srcset=\"https:\/\/archive.sana.sy\/tr\/wp-content\/uploads\/2022\/12\/photo_2022-12-04_13-35-21.jpg 660w, https:\/\/archive.sana.sy\/tr\/wp-content\/uploads\/2022\/12\/photo_2022-12-04_13-35-21-300x192.jpg 300w, https:\/\/archive.sana.sy\/tr\/wp-content\/uploads\/2022\/12\/photo_2022-12-04_13-35-21-150x96.jpg 150w\" sizes=\"auto, (max-width: 660px) 100vw, 660px\" \/><\/a>\n\t\t\t<\/div><\/figure><figure class='gallery-item'>\n\t\t\t<div class='gallery-icon landscape'>\n\t\t\t\t<a href='https:\/\/archive.sana.sy\/tr\/wp-content\/uploads\/2022\/12\/photo_2022-12-04_13-35-23.jpg'><img loading=\"lazy\" decoding=\"async\" width=\"660\" height=\"388\" src=\"https:\/\/archive.sana.sy\/tr\/wp-content\/uploads\/2022\/12\/photo_2022-12-04_13-35-23.jpg\" class=\"attachment-full size-full\" alt=\"\" srcset=\"https:\/\/archive.sana.sy\/tr\/wp-content\/uploads\/2022\/12\/photo_2022-12-04_13-35-23.jpg 660w, https:\/\/archive.sana.sy\/tr\/wp-content\/uploads\/2022\/12\/photo_2022-12-04_13-35-23-300x176.jpg 300w, https:\/\/archive.sana.sy\/tr\/wp-content\/uploads\/2022\/12\/photo_2022-12-04_13-35-23-150x88.jpg 150w\" sizes=\"auto, (max-width: 660px) 100vw, 660px\" \/><\/a>\n\t\t\t<\/div><\/figure><figure class='gallery-item'>\n\t\t\t<div class='gallery-icon landscape'>\n\t\t\t\t<a href='https:\/\/archive.sana.sy\/tr\/wp-content\/uploads\/2022\/12\/photo_2022-12-04_13-35-39.jpg'><img loading=\"lazy\" decoding=\"async\" width=\"660\" height=\"421\" src=\"https:\/\/archive.sana.sy\/tr\/wp-content\/uploads\/2022\/12\/photo_2022-12-04_13-35-39.jpg\" class=\"attachment-full size-full\" alt=\"\" srcset=\"https:\/\/archive.sana.sy\/tr\/wp-content\/uploads\/2022\/12\/photo_2022-12-04_13-35-39.jpg 660w, https:\/\/archive.sana.sy\/tr\/wp-content\/uploads\/2022\/12\/photo_2022-12-04_13-35-39-300x191.jpg 300w, https:\/\/archive.sana.sy\/tr\/wp-content\/uploads\/2022\/12\/photo_2022-12-04_13-35-39-150x96.jpg 150w\" sizes=\"auto, (max-width: 660px) 100vw, 660px\" \/><\/a>\n\t\t\t<\/div><\/figure>\n\t\t<\/div>\n\n<p>Rakka K\u0131rsal\u0131:<\/p>\n<div id='gallery-2' class='gallery galleryid-268426 gallery-columns-4 gallery-size-thumbnail'><figure class='gallery-item'>\n\t\t\t<div class='gallery-icon landscape'>\n\t\t\t\t<a href='https:\/\/archive.sana.sy\/tr\/?attachment_id=268433'><img loading=\"lazy\" decoding=\"async\" width=\"150\" height=\"92\" src=\"https:\/\/archive.sana.sy\/tr\/wp-content\/uploads\/2022\/12\/photo_2022-12-04_13-32-01-150x92.jpg\" class=\"attachment-thumbnail size-thumbnail\" alt=\"\" srcset=\"https:\/\/archive.sana.sy\/tr\/wp-content\/uploads\/2022\/12\/photo_2022-12-04_13-32-01-150x92.jpg 150w, https:\/\/archive.sana.sy\/tr\/wp-content\/uploads\/2022\/12\/photo_2022-12-04_13-32-01-300x183.jpg 300w, https:\/\/archive.sana.sy\/tr\/wp-content\/uploads\/2022\/12\/photo_2022-12-04_13-32-01.jpg 660w\" sizes=\"auto, (max-width: 150px) 100vw, 150px\" \/><\/a>\n\t\t\t<\/div><\/figure><figure class='gallery-item'>\n\t\t\t<div class='gallery-icon landscape'>\n\t\t\t\t<a href='https:\/\/archive.sana.sy\/tr\/?attachment_id=268434'><img loading=\"lazy\" decoding=\"async\" width=\"150\" height=\"90\" src=\"https:\/\/archive.sana.sy\/tr\/wp-content\/uploads\/2022\/12\/photo_2022-12-04_13-32-15-150x90.jpg\" class=\"attachment-thumbnail size-thumbnail\" alt=\"\" srcset=\"https:\/\/archive.sana.sy\/tr\/wp-content\/uploads\/2022\/12\/photo_2022-12-04_13-32-15-150x90.jpg 150w, https:\/\/archive.sana.sy\/tr\/wp-content\/uploads\/2022\/12\/photo_2022-12-04_13-32-15-300x180.jpg 300w, https:\/\/archive.sana.sy\/tr\/wp-content\/uploads\/2022\/12\/photo_2022-12-04_13-32-15.jpg 660w\" sizes=\"auto, (max-width: 150px) 100vw, 150px\" \/><\/a>\n\t\t\t<\/div><\/figure><figure class='gallery-item'>\n\t\t\t<div class='gallery-icon landscape'>\n\t\t\t\t<a href='https:\/\/archive.sana.sy\/tr\/?attachment_id=268435'><img loading=\"lazy\" decoding=\"async\" width=\"150\" height=\"84\" src=\"https:\/\/archive.sana.sy\/tr\/wp-content\/uploads\/2022\/12\/photo_2022-12-04_13-32-17-150x84.jpg\" class=\"attachment-thumbnail size-thumbnail\" alt=\"\" srcset=\"https:\/\/archive.sana.sy\/tr\/wp-content\/uploads\/2022\/12\/photo_2022-12-04_13-32-17-150x84.jpg 150w, https:\/\/archive.sana.sy\/tr\/wp-content\/uploads\/2022\/12\/photo_2022-12-04_13-32-17-300x169.jpg 300w, https:\/\/archive.sana.sy\/tr\/wp-content\/uploads\/2022\/12\/photo_2022-12-04_13-32-17.jpg 660w\" sizes=\"auto, (max-width: 150px) 100vw, 150px\" \/><\/a>\n\t\t\t<\/div><\/figure><figure class='gallery-item'>\n\t\t\t<div class='gallery-icon landscape'>\n\t\t\t\t<a href='https:\/\/archive.sana.sy\/tr\/?attachment_id=268436'><img loading=\"lazy\" decoding=\"async\" width=\"150\" height=\"91\" src=\"https:\/\/archive.sana.sy\/tr\/wp-content\/uploads\/2022\/12\/photo_2022-12-04_13-32-19-150x91.jpg\" class=\"attachment-thumbnail size-thumbnail\" alt=\"\" srcset=\"https:\/\/archive.sana.sy\/tr\/wp-content\/uploads\/2022\/12\/photo_2022-12-04_13-32-19-150x91.jpg 150w, https:\/\/archive.sana.sy\/tr\/wp-content\/uploads\/2022\/12\/photo_2022-12-04_13-32-19-300x183.jpg 300w, https:\/\/archive.sana.sy\/tr\/wp-content\/uploads\/2022\/12\/photo_2022-12-04_13-32-19.jpg 660w\" sizes=\"auto, (max-width: 150px) 100vw, 150px\" \/><\/a>\n\t\t\t<\/div><\/figure>\n\t\t<\/div>\n\n<p><a class=\"x1i10hfl xjbqb8w x6umtig x1b1mbwd xaqea5y xav7gou x9f619 x1ypdohk xt0psk2 xe8uvvx xdj266r x11i5rnm xat24cr x1mh8g0r xexx8yu x4uap5 x18d9i69 xkhd6sd x16tdsg8 x1hl2dhg xggy1nq x1a2a7pz xt0b8zv x1qq9wsj xo1l8bm\" tabindex=\"0\" role=\"link\" href=\"https:\/\/www.facebook.com\/hashtag\/telegram_kanal%C4%B1m%C4%B1z?__eep__=6&amp;__cft__[0]=AZWbGEG4krkmlR37HQdeRa_tm56Wm_RC0u1zo5iXDu5xV6XEJRwbLQFJC38G1tcWgZeX0p8zTSUd3uyeehoD7OhBF5QQI7DXPOTG-RSKBT0GYfKLZkWmnLBfVHBHy5SYz_aGgCq4tF1FyKaM3Ll7_puD3CQxRM61XsCjwkxuytTi1E9ZGHfz4-ZPSvnOSYFQ0KU&amp;__tn__=*NK-R\">#Telegram_Kanal\u0131m\u0131z<\/a>:\u00a0<a class=\"x1i10hfl xjbqb8w x6umtig x1b1mbwd xaqea5y xav7gou x9f619 x1ypdohk xt0psk2 xe8uvvx xdj266r x11i5rnm xat24cr x1mh8g0r xexx8yu x4uap5 x18d9i69 xkhd6sd x16tdsg8 x1hl2dhg xggy1nq x1a2a7pz xt0b8zv x1fey0fg\" tabindex=\"0\" role=\"link\" href=\"https:\/\/t.me\/SuriyeArapHaberAjans%C4%B1?fbclid=IwAR1mjgJbN7oiCUhCmbkxYbE3Yf-NwYxepsBh4WXMfHRx1gYI0RRefa-kvPs\" target=\"_blank\" rel=\"nofollow noopener\">https:\/\/t.me\/SuriyeArapHaberAjans\u0131<\/a><\/p>\n<p>&nbsp;<\/p>\n","protected":false},"excerpt":{"rendered":"<p>\u015eAM &#8211; Sa\u011fl\u0131k Bakanl\u0131\u011f\u0131 bug\u00fcn Halep, Haseke, Rakka ve Deyrizor k\u0131rsal\u0131nda y\u0131l boyunca her ya\u015ftan koleraya kar\u015f\u0131 a\u011f\u0131zdan a\u015f\u0131lama kampanyas\u0131 ba\u015flatt\u0131 ve bu ay\u0131n 15&#8217;ine kadar devam edecek. Bakanl\u0131k Temel Sa\u011fl\u0131k Hizmetleri M\u00fcd\u00fcr\u00fc Dr. Razan Tarabi\u015fi&#8217;ye g\u00f6re kampanya, 2.269 sa\u011fl\u0131k personelinin kat\u0131l\u0131m\u0131yla 63 sa\u011fl\u0131k merkezi ve 685 gezici ekip arac\u0131l\u0131\u011f\u0131yla y\u00fcr\u00fct\u00fcl\u00fcyor. Dr. Tarabi\u015fi, d\u015f\u0131n\u0131n g\u00fcvenli &hellip;<\/p>\n","protected":false},"author":41,"featured_media":268427,"comment_status":"closed","ping_status":"closed","sticky":false,"template":"","format":"standard","meta":{"footnotes":""},"categories":[479,17988,478],"tags":[],"class_list":["post-268426","post","type-post","status-publish","format-standard","has-post-thumbnail","","category-haberler-yerel","category-son-haberler","category-yerel"],"_links":{"self":[{"href":"https:\/\/archive.sana.sy\/tr\/index.php?rest_route=\/wp\/v2\/posts\/268426","targetHints":{"allow":["GET"]}}],"collection":[{"href":"https:\/\/archive.sana.sy\/tr\/index.php?rest_route=\/wp\/v2\/posts"}],"about":[{"href":"https:\/\/archive.sana.sy\/tr\/index.php?rest_route=\/wp\/v2\/types\/post"}],"author":[{"embeddable":true,"href":"https:\/\/archive.sana.sy\/tr\/index.php?rest_route=\/wp\/v2\/users\/41"}],"replies":[{"embeddable":true,"href":"https:\/\/archive.sana.sy\/tr\/index.php?rest_route=%2Fwp%2Fv2%2Fcomments&post=268426"}],"version-history":[{"count":0,"href":"https:\/\/archive.sana.sy\/tr\/index.php?rest_route=\/wp\/v2\/posts\/268426\/revisions"}],"wp:featuredmedia":[{"embeddable":true,"href":"https:\/\/archive.sana.sy\/tr\/index.php?rest_route=\/wp\/v2\/media\/268427"}],"wp:attachment":[{"href":"https:\/\/archive.sana.sy\/tr\/index.php?rest_route=%2Fwp%2Fv2%2Fmedia&parent=268426"}],"wp:term":[{"taxonomy":"category","embeddable":true,"href":"https:\/\/archive.sana.sy\/tr\/index.php?rest_route=%2Fwp%2Fv2%2Fcategories&post=268426"},{"taxonomy":"post_tag","embeddable":true,"href":"https:\/\/archive.sana.sy\/tr\/index.php?rest_route=%2Fwp%2Fv2%2Ftags&post=268426"}],"curies":[{"name":"wp","href":"https:\/\/api.w.org\/{rel}","templated":true}]}}