{"id":268444,"date":"2022-12-04T20:07:57","date_gmt":"2022-12-04T18:07:57","guid":{"rendered":"http:\/\/107.6.182.27\/tr\/?p=268444"},"modified":"2022-12-06T07:33:26","modified_gmt":"2022-12-06T05:33:26","slug":"cumhurbaskani-esadi-temsilen-bakan-azzam-eski-cin-devlet-baskani-jiang-zeminin-vefati-nedeniyle-taziyelerini-sundu","status":"publish","type":"post","link":"https:\/\/archive.sana.sy\/tr\/?p=268444","title":{"rendered":"Cumhurba\u015fkan\u0131 \u00a0Esad&#8217;\u0131 Temsilen &#8230;. \u00a0Bakan Azzam, Eski \u00c7in Devlet Ba\u015fkan\u0131 Jiang Zemin&#8217;in Vefat\u0131 \u00a0Nedeniyle Taziyelerini Sundu"},"content":{"rendered":"<p>\u015eAM \u2013 Cumhurba\u015fkan\u0131 Be\u015f\u015far Esad&#8217;\u0131 temsilen Cumhurba\u015fkanl\u0131\u011f\u0131 \u0130\u015fleri Bakan\u0131 Mensur Azzam \u015eam&#8217;daki \u00c7in B\u00fcy\u00fckel\u00e7ili\u011fi&#8217;nde eski \u00c7in Devlet Ba\u015fkan\u0131 Jiang Zemin&#8217;in vefat\u0131 nedeniyle taziyelerini sundu.<\/p>\n<p>Bakan azzam taziye defterine, Cumhurba\u015fkan\u0131 Esad&#8217;\u0131n \u00c7in halk\u0131na ve Liderli\u011fine taziyelerini aktaran bir s\u00f6z\u00fc yazd\u0131.<\/p>\n<p><img loading=\"lazy\" decoding=\"async\" class=\"aligncenter wp-image-268494 size-full\" src=\"http:\/\/107.6.182.27\/tr\/wp-content\/uploads\/2022\/12\/02.jpg\" alt=\"\" width=\"660\" height=\"459\" srcset=\"https:\/\/archive.sana.sy\/tr\/wp-content\/uploads\/2022\/12\/02.jpg 660w, https:\/\/archive.sana.sy\/tr\/wp-content\/uploads\/2022\/12\/02-300x209.jpg 300w, https:\/\/archive.sana.sy\/tr\/wp-content\/uploads\/2022\/12\/02-150x104.jpg 150w\" sizes=\"auto, (max-width: 660px) 100vw, 660px\" \/><\/p>\n<p><a class=\"x1i10hfl xjbqb8w x6umtig x1b1mbwd xaqea5y xav7gou x9f619 x1ypdohk xt0psk2 xe8uvvx xdj266r x11i5rnm xat24cr x1mh8g0r xexx8yu x4uap5 x18d9i69 xkhd6sd x16tdsg8 x1hl2dhg xggy1nq x1a2a7pz xt0b8zv x1qq9wsj xo1l8bm\" tabindex=\"0\" role=\"link\" href=\"https:\/\/www.facebook.com\/hashtag\/telegram_kanal%C4%B1m%C4%B1z?__eep__=6&amp;__cft__[0]=AZWbGEG4krkmlR37HQdeRa_tm56Wm_RC0u1zo5iXDu5xV6XEJRwbLQFJC38G1tcWgZeX0p8zTSUd3uyeehoD7OhBF5QQI7DXPOTG-RSKBT0GYfKLZkWmnLBfVHBHy5SYz_aGgCq4tF1FyKaM3Ll7_puD3CQxRM61XsCjwkxuytTi1E9ZGHfz4-ZPSvnOSYFQ0KU&amp;__tn__=*NK-R\">#Telegram_Kanal\u0131m\u0131z<\/a>:\u00a0<a class=\"x1i10hfl xjbqb8w x6umtig x1b1mbwd xaqea5y xav7gou x9f619 x1ypdohk xt0psk2 xe8uvvx xdj266r x11i5rnm xat24cr x1mh8g0r xexx8yu x4uap5 x18d9i69 xkhd6sd x16tdsg8 x1hl2dhg xggy1nq x1a2a7pz xt0b8zv x1fey0fg\" tabindex=\"0\" role=\"link\" href=\"https:\/\/t.me\/SuriyeArapHaberAjans%C4%B1?fbclid=IwAR1mjgJbN7oiCUhCmbkxYbE3Yf-NwYxepsBh4WXMfHRx1gYI0RRefa-kvPs\" target=\"_blank\" rel=\"nofollow noopener\">https:\/\/t.me\/SuriyeArapHaberAjans\u0131<\/a><\/p>\n","protected":false},"excerpt":{"rendered":"<p>\u015eAM \u2013 Cumhurba\u015fkan\u0131 Be\u015f\u015far Esad&#8217;\u0131 temsilen Cumhurba\u015fkanl\u0131\u011f\u0131 \u0130\u015fleri Bakan\u0131 Mensur Azzam \u015eam&#8217;daki \u00c7in B\u00fcy\u00fckel\u00e7ili\u011fi&#8217;nde eski \u00c7in Devlet Ba\u015fkan\u0131 Jiang Zemin&#8217;in vefat\u0131 nedeniyle taziyelerini sundu. Bakan azzam taziye defterine, Cumhurba\u015fkan\u0131 Esad&#8217;\u0131n \u00c7in halk\u0131na ve Liderli\u011fine taziyelerini aktaran bir s\u00f6z\u00fc yazd\u0131. #Telegram_Kanal\u0131m\u0131z:\u00a0https:\/\/t.me\/SuriyeArapHaberAjans\u0131<\/p>\n","protected":false},"author":41,"featured_media":268445,"comment_status":"closed","ping_status":"closed","sticky":false,"template":"","format":"standard","meta":{"footnotes":""},"categories":[479,17988,478],"tags":[],"class_list":["post-268444","post","type-post","status-publish","format-standard","has-post-thumbnail","","category-haberler-yerel","category-son-haberler","category-yerel"],"_links":{"self":[{"href":"https:\/\/archive.sana.sy\/tr\/index.php?rest_route=\/wp\/v2\/posts\/268444","targetHints":{"allow":["GET"]}}],"collection":[{"href":"https:\/\/archive.sana.sy\/tr\/index.php?rest_route=\/wp\/v2\/posts"}],"about":[{"href":"https:\/\/archive.sana.sy\/tr\/index.php?rest_route=\/wp\/v2\/types\/post"}],"author":[{"embeddable":true,"href":"https:\/\/archive.sana.sy\/tr\/index.php?rest_route=\/wp\/v2\/users\/41"}],"replies":[{"embeddable":true,"href":"https:\/\/archive.sana.sy\/tr\/index.php?rest_route=%2Fwp%2Fv2%2Fcomments&post=268444"}],"version-history":[{"count":0,"href":"https:\/\/archive.sana.sy\/tr\/index.php?rest_route=\/wp\/v2\/posts\/268444\/revisions"}],"wp:featuredmedia":[{"embeddable":true,"href":"https:\/\/archive.sana.sy\/tr\/index.php?rest_route=\/wp\/v2\/media\/268445"}],"wp:attachment":[{"href":"https:\/\/archive.sana.sy\/tr\/index.php?rest_route=%2Fwp%2Fv2%2Fmedia&parent=268444"}],"wp:term":[{"taxonomy":"category","embeddable":true,"href":"https:\/\/archive.sana.sy\/tr\/index.php?rest_route=%2Fwp%2Fv2%2Fcategories&post=268444"},{"taxonomy":"post_tag","embeddable":true,"href":"https:\/\/archive.sana.sy\/tr\/index.php?rest_route=%2Fwp%2Fv2%2Ftags&post=268444"}],"curies":[{"name":"wp","href":"https:\/\/api.w.org\/{rel}","templated":true}]}}