{"id":268458,"date":"2022-12-05T10:27:22","date_gmt":"2022-12-05T08:27:22","guid":{"rendered":"http:\/\/107.6.182.27\/tr\/?p=268458"},"modified":"2022-12-06T11:00:32","modified_gmt":"2022-12-06T09:00:32","slug":"ukraynada-ozel-rus-askeri-operasyonundan-gelismeler-14","status":"publish","type":"post","link":"https:\/\/archive.sana.sy\/tr\/?p=268458","title":{"rendered":"Ukrayna\u2019da \u00d6zel Rus Askeri Operasyonundan Geli\u015fmeler"},"content":{"rendered":"<ul>\n<li>\u00c7ek siyaset\u00e7i: Amerika, Ukrayna krizini yaln\u0131zca \u00e7\u0131karlar\u0131na ula\u015fmak i\u00e7in kullan\u0131yor<\/li>\n<li>Ukrayna bombard\u0131man\u0131 ile Donetsk&#8217;in merkezinde iki evi yakmak<\/li>\n<\/ul>\n<p><a class=\"x1i10hfl xjbqb8w x6umtig x1b1mbwd xaqea5y xav7gou x9f619 x1ypdohk xt0psk2 xe8uvvx xdj266r x11i5rnm xat24cr x1mh8g0r xexx8yu x4uap5 x18d9i69 xkhd6sd x16tdsg8 x1hl2dhg xggy1nq x1a2a7pz xt0b8zv x1qq9wsj xo1l8bm\" tabindex=\"0\" role=\"link\" href=\"https:\/\/www.facebook.com\/hashtag\/telegram_kanal%C4%B1m%C4%B1z?__eep__=6&amp;__cft__[0]=AZXHRRPm1RgO2sIAhnnxwtk0TjH9q_MZwVUTvQLdx28cB_mOx2lJVqOlMUYECM2XVZ88Ac-OpJq6OUGoYfuCkEQDuiy6-_e3r3eHSNng_DKwTCEIqqpODeoTCxzeC-65jAc&amp;__tn__=*NK-R\">#Telegram_Kanal\u0131m\u0131z<\/a>: <a class=\"x1i10hfl xjbqb8w x6umtig x1b1mbwd xaqea5y xav7gou x9f619 x1ypdohk xt0psk2 xe8uvvx xdj266r x11i5rnm xat24cr x1mh8g0r xexx8yu x4uap5 x18d9i69 xkhd6sd x16tdsg8 x1hl2dhg xggy1nq x1a2a7pz xt0b8zv x1fey0fg\" tabindex=\"0\" role=\"link\" href=\"https:\/\/t.me\/SuriyeArapHaberAjans%C4%B1?fbclid=IwAR0dDz-A-uXhHn7P2Ny082Eg48OBP2zqOkz8tziZs86nnDpnQEC-8XgKKLI\" target=\"_blank\" rel=\"nofollow noopener\">https:\/\/t.me\/SuriyeArapHaberAjans\u0131<\/a><\/p>\n","protected":false},"excerpt":{"rendered":"<p>\u00c7ek siyaset\u00e7i: Amerika, Ukrayna krizini yaln\u0131zca \u00e7\u0131karlar\u0131na ula\u015fmak i\u00e7in kullan\u0131yor Ukrayna bombard\u0131man\u0131 ile Donetsk&#8217;in merkezinde iki evi yakmak #Telegram_Kanal\u0131m\u0131z: https:\/\/t.me\/SuriyeArapHaberAjans\u0131<\/p>\n","protected":false},"author":39,"featured_media":268459,"comment_status":"closed","ping_status":"closed","sticky":false,"template":"","format":"standard","meta":{"footnotes":""},"categories":[458,459,17988],"tags":[],"class_list":["post-268458","post","type-post","status-publish","format-standard","has-post-thumbnail","","category-dunya1","category-haberler-arap-uluslararasi-politika","category-son-haberler"],"_links":{"self":[{"href":"https:\/\/archive.sana.sy\/tr\/index.php?rest_route=\/wp\/v2\/posts\/268458","targetHints":{"allow":["GET"]}}],"collection":[{"href":"https:\/\/archive.sana.sy\/tr\/index.php?rest_route=\/wp\/v2\/posts"}],"about":[{"href":"https:\/\/archive.sana.sy\/tr\/index.php?rest_route=\/wp\/v2\/types\/post"}],"author":[{"embeddable":true,"href":"https:\/\/archive.sana.sy\/tr\/index.php?rest_route=\/wp\/v2\/users\/39"}],"replies":[{"embeddable":true,"href":"https:\/\/archive.sana.sy\/tr\/index.php?rest_route=%2Fwp%2Fv2%2Fcomments&post=268458"}],"version-history":[{"count":0,"href":"https:\/\/archive.sana.sy\/tr\/index.php?rest_route=\/wp\/v2\/posts\/268458\/revisions"}],"wp:featuredmedia":[{"embeddable":true,"href":"https:\/\/archive.sana.sy\/tr\/index.php?rest_route=\/wp\/v2\/media\/268459"}],"wp:attachment":[{"href":"https:\/\/archive.sana.sy\/tr\/index.php?rest_route=%2Fwp%2Fv2%2Fmedia&parent=268458"}],"wp:term":[{"taxonomy":"category","embeddable":true,"href":"https:\/\/archive.sana.sy\/tr\/index.php?rest_route=%2Fwp%2Fv2%2Fcategories&post=268458"},{"taxonomy":"post_tag","embeddable":true,"href":"https:\/\/archive.sana.sy\/tr\/index.php?rest_route=%2Fwp%2Fv2%2Ftags&post=268458"}],"curies":[{"name":"wp","href":"https:\/\/api.w.org\/{rel}","templated":true}]}}