{"id":268461,"date":"2022-12-05T10:33:52","date_gmt":"2022-12-05T08:33:52","guid":{"rendered":"http:\/\/107.6.182.27\/tr\/?p=268461"},"modified":"2022-12-06T07:34:09","modified_gmt":"2022-12-06T05:34:09","slug":"kamisli-kentinde-bomba-yuklu-bir-arac-patladi","status":"publish","type":"post","link":"https:\/\/archive.sana.sy\/tr\/?p=268461","title":{"rendered":"Kam\u0131\u015fl\u0131&#8217;da Bomba Y\u00fckl\u00fc Ara\u00e7 Patlad\u0131"},"content":{"rendered":"<p>HASEKE \u2013 Kam\u0131\u015fl\u0131 kentindeki El Kuvvetli caddesinde, Amerikan i\u015fgal g\u00fc\u00e7lerince destekli DSG milislerinin karargahlar\u0131ndan birinde bomba y\u00fckl\u00fc bir ara\u00e7 infilak etti.<\/p>\n<p>Yerel kaynaklar SANA muhabirine, DSG Milisler taraf\u0131ndan ele ge\u00e7irilen ve s\u00f6zde (E\u011fitim Heyeti) karargah\u0131na d\u00f6n\u00fc\u015ft\u00fcr\u00fclen, Kam\u0131\u015fl\u0131 kentindeki El Kuvvetli Caddesi&#8217;ndeki El Uruba Okulu&#8217;nun i\u00e7inde bir araca yerle\u015ftirilen patlay\u0131c\u0131n\u0131n infilak etti\u011fini, bilinmeyen say\u0131da ter\u00f6rist yaraland\u0131\u011f\u0131n\u0131 ve karargahta maddi hasarlara yol a\u00e7\u0131ld\u0131\u011f\u0131n\u0131 belirtti.<\/p>\n<p>2014&#8217;ten bu yana DSG milisleri, Haseke ilindeki devlet okullar\u0131n\u0131n \u00e7o\u011funu ele ge\u00e7irmi\u015f, burada e\u011fitim verilmesini engellem\u015fi ve onlar\u0131 askeri karargah ve hapishanelere d\u00f6n\u00fc\u015ft\u00fcrm\u00fc\u015ft\u00fc.<\/p>\n<p><a class=\"x1i10hfl xjbqb8w x6umtig x1b1mbwd xaqea5y xav7gou x9f619 x1ypdohk xt0psk2 xe8uvvx xdj266r x11i5rnm xat24cr x1mh8g0r xexx8yu x4uap5 x18d9i69 xkhd6sd x16tdsg8 x1hl2dhg xggy1nq x1a2a7pz xt0b8zv x1qq9wsj xo1l8bm\" tabindex=\"0\" role=\"link\" href=\"https:\/\/www.facebook.com\/hashtag\/telegram_kanal%C4%B1m%C4%B1z?__eep__=6&amp;__cft__[0]=AZU8b6ssf5C_n4aso9IdsNNN8aiCZBUOqeGRS3AR-Ws-CWZpEqIFuPc9LEd_ekuNFJeh915Z01EV5V6qJhvj7ra2l8-78udqmJdo5cAw19QauRKN3dgvVh4c-1LbSL-_wRQ&amp;__tn__=*NK-R\">#Telegram_Kanal\u0131m\u0131z<\/a>: <a class=\"x1i10hfl xjbqb8w x6umtig x1b1mbwd xaqea5y xav7gou x9f619 x1ypdohk xt0psk2 xe8uvvx xdj266r x11i5rnm xat24cr x1mh8g0r xexx8yu x4uap5 x18d9i69 xkhd6sd x16tdsg8 x1hl2dhg xggy1nq x1a2a7pz xt0b8zv x1fey0fg\" tabindex=\"0\" role=\"link\" href=\"https:\/\/t.me\/SuriyeArapHaberAjans%C4%B1?fbclid=IwAR1W_chm0rmrU8GCWnQ7vYA7f4gMbek7Q5OKgnSXPdLPX040cLovpcfQjVU\" target=\"_blank\" rel=\"nofollow noopener\">https:\/\/t.me\/SuriyeArapHaberAjans\u0131<\/a><\/p>\n","protected":false},"excerpt":{"rendered":"<p>HASEKE \u2013 Kam\u0131\u015fl\u0131 kentindeki El Kuvvetli caddesinde, Amerikan i\u015fgal g\u00fc\u00e7lerince destekli DSG milislerinin karargahlar\u0131ndan birinde bomba y\u00fckl\u00fc bir ara\u00e7 infilak etti. Yerel kaynaklar SANA muhabirine, DSG Milisler taraf\u0131ndan ele ge\u00e7irilen ve s\u00f6zde (E\u011fitim Heyeti) karargah\u0131na d\u00f6n\u00fc\u015ft\u00fcr\u00fclen, Kam\u0131\u015fl\u0131 kentindeki El Kuvvetli Caddesi&#8217;ndeki El Uruba Okulu&#8217;nun i\u00e7inde bir araca yerle\u015ftirilen patlay\u0131c\u0131n\u0131n infilak etti\u011fini, bilinmeyen say\u0131da ter\u00f6rist yaraland\u0131\u011f\u0131n\u0131 &hellip;<\/p>\n","protected":false},"author":39,"featured_media":268462,"comment_status":"closed","ping_status":"closed","sticky":false,"template":"","format":"standard","meta":{"footnotes":""},"categories":[479,575,17988,478],"tags":[],"class_list":["post-268461","post","type-post","status-publish","format-standard","has-post-thumbnail","","category-haberler-yerel","category-olaylar-ve-gercekler","category-son-haberler","category-yerel"],"_links":{"self":[{"href":"https:\/\/archive.sana.sy\/tr\/index.php?rest_route=\/wp\/v2\/posts\/268461","targetHints":{"allow":["GET"]}}],"collection":[{"href":"https:\/\/archive.sana.sy\/tr\/index.php?rest_route=\/wp\/v2\/posts"}],"about":[{"href":"https:\/\/archive.sana.sy\/tr\/index.php?rest_route=\/wp\/v2\/types\/post"}],"author":[{"embeddable":true,"href":"https:\/\/archive.sana.sy\/tr\/index.php?rest_route=\/wp\/v2\/users\/39"}],"replies":[{"embeddable":true,"href":"https:\/\/archive.sana.sy\/tr\/index.php?rest_route=%2Fwp%2Fv2%2Fcomments&post=268461"}],"version-history":[{"count":0,"href":"https:\/\/archive.sana.sy\/tr\/index.php?rest_route=\/wp\/v2\/posts\/268461\/revisions"}],"wp:featuredmedia":[{"embeddable":true,"href":"https:\/\/archive.sana.sy\/tr\/index.php?rest_route=\/wp\/v2\/media\/268462"}],"wp:attachment":[{"href":"https:\/\/archive.sana.sy\/tr\/index.php?rest_route=%2Fwp%2Fv2%2Fmedia&parent=268461"}],"wp:term":[{"taxonomy":"category","embeddable":true,"href":"https:\/\/archive.sana.sy\/tr\/index.php?rest_route=%2Fwp%2Fv2%2Fcategories&post=268461"},{"taxonomy":"post_tag","embeddable":true,"href":"https:\/\/archive.sana.sy\/tr\/index.php?rest_route=%2Fwp%2Fv2%2Ftags&post=268461"}],"curies":[{"name":"wp","href":"https:\/\/api.w.org\/{rel}","templated":true}]}}