{"id":268464,"date":"2022-12-04T23:50:18","date_gmt":"2022-12-04T21:50:18","guid":{"rendered":"http:\/\/107.6.182.27\/tr\/?p=268464"},"modified":"2022-12-06T07:33:35","modified_gmt":"2022-12-06T05:33:35","slug":"icisleri-suveyda-ilinin-guven-ve-istikrarini-sarsan-her-sahsin-pesi-birakilmayacak-hakkinda-yasal-islemler-alinacak","status":"publish","type":"post","link":"https:\/\/archive.sana.sy\/tr\/?p=268464","title":{"rendered":"\u0130\u00e7i\u015fleri: S\u00fcveyda \u0130linin G\u00fcven Ve \u0130stikrar\u0131n\u0131 Sarsan Her \u015eahs\u0131n Pe\u015fi B\u0131rak\u0131lmayacak, Hakk\u0131nda Yasal \u0130\u015flemler Al\u0131nacak"},"content":{"rendered":"<p>S\u00dcVEYDA &#8211; \u0130\u00e7i\u015fleri Bakanl\u0131\u011f\u0131, baz\u0131lar\u0131n\u0131n bireysel silah ta\u015f\u0131yan bir grup kanun ka\u00e7a\u011f\u0131n\u0131n bu sabah saat 11:30&#8217;da S\u00fcveyda ilindeki Al Ma\u015fnaka kav\u015fa\u011f\u0131n\u0131n yan\u0131nda lastikler yakarak yolu kapatmaya \u00e7al\u0131\u015ft\u0131klar\u0131n\u0131 bildirdi.<\/p>\n<p>Bakanl\u0131ktan yap\u0131lan a\u00e7\u0131klamada, &#8220;Grup daha sonra S\u00fcveyde Valili\u011fi binas\u0131na giderek geli\u015fig\u00fczel ate\u015f a\u00e7t\u0131, sonucunda bir g\u00fcvenlik birimi unsur ve orada bulunan \u00e7ok say\u0131da vatanda\u015f yaraland\u0131. Binaya silah zoruyla girdi, b\u00fcro e\u015fyalar\u0131n\u0131 k\u0131rarak resmi evraklar da dahil olmak \u00fczere binan\u0131n b\u00fcy\u00fck bir b\u00f6l\u00fcm\u00fcn\u00fc \u00e7alarak binay\u0131 ve yak\u0131n\u0131nda bulunan ara\u00e7lar\u0131 ate\u015fe verdi, daha sonra il emniyet m\u00fcd\u00fcrl\u00fc\u011f\u00fc binas\u0131na bask\u0131n yapmaya kalk\u0131\u015fmas\u0131 sonucunda polis Mahmud el Selmavi&#8217;nin \u015fehit d\u00fc\u015fmesine neden oldu&#8221; dedi.<\/p>\n<p>Bakanl\u0131k a\u00e7\u0131klamas\u0131n\u0131n sonunda, kanuna kar\u015f\u0131 \u00e7\u0131kanlar\u0131n pe\u015fine d\u00fc\u015fece\u011fini, S\u00fcveyda ilinin g\u00fcvenlik ve istikrar\u0131 ile vatanda\u015flar\u0131n\u0131n g\u00fcvenli\u011fini bozmaya \u00e7al\u0131\u015fanlara kar\u015f\u0131 yasal i\u015flem ba\u015flataca\u011f\u0131n\u0131 belirtti.<\/p>\n<p><a class=\"x1i10hfl xjbqb8w x6umtig x1b1mbwd xaqea5y xav7gou x9f619 x1ypdohk xt0psk2 xe8uvvx xdj266r x11i5rnm xat24cr x1mh8g0r xexx8yu x4uap5 x18d9i69 xkhd6sd x16tdsg8 x1hl2dhg xggy1nq x1a2a7pz xt0b8zv x1qq9wsj xo1l8bm\" tabindex=\"0\" role=\"link\" href=\"https:\/\/www.facebook.com\/hashtag\/telegram_kanal%C4%B1m%C4%B1z?__eep__=6&amp;__cft__[0]=AZXcCIR_xRuYEzThgYXFWBeObBKpG19BRp5Zr4TP7nwTQCUsRF6KbIwyqBIUIUcvYgW3UB5ryrN6AS-VNMJT-4k87sXucYdE4sIcM6yW_5yEACyZTN0h93cVrgV6je-mzI8&amp;__tn__=*NK-R\">#Telegram_Kanal\u0131m\u0131z<\/a>: <a class=\"x1i10hfl xjbqb8w x6umtig x1b1mbwd xaqea5y xav7gou x9f619 x1ypdohk xt0psk2 xe8uvvx xdj266r x11i5rnm xat24cr x1mh8g0r xexx8yu x4uap5 x18d9i69 xkhd6sd x16tdsg8 x1hl2dhg xggy1nq x1a2a7pz xt0b8zv x1fey0fg\" tabindex=\"0\" role=\"link\" href=\"https:\/\/t.me\/SuriyeArapHaberAjans%C4%B1?fbclid=IwAR3i6x4S18xE0Yl-4sbYWByqQwZb28YdmaxFH3EzFnmb-2llk2t70MUyPWo\" target=\"_blank\" rel=\"nofollow noopener\">https:\/\/t.me\/SuriyeArapHaberAjans\u0131<\/a><\/p>\n","protected":false},"excerpt":{"rendered":"<p>S\u00dcVEYDA &#8211; \u0130\u00e7i\u015fleri Bakanl\u0131\u011f\u0131, baz\u0131lar\u0131n\u0131n bireysel silah ta\u015f\u0131yan bir grup kanun ka\u00e7a\u011f\u0131n\u0131n bu sabah saat 11:30&#8217;da S\u00fcveyda ilindeki Al Ma\u015fnaka kav\u015fa\u011f\u0131n\u0131n yan\u0131nda lastikler yakarak yolu kapatmaya \u00e7al\u0131\u015ft\u0131klar\u0131n\u0131 bildirdi. Bakanl\u0131ktan yap\u0131lan a\u00e7\u0131klamada, &#8220;Grup daha sonra S\u00fcveyde Valili\u011fi binas\u0131na giderek geli\u015fig\u00fczel ate\u015f a\u00e7t\u0131, sonucunda bir g\u00fcvenlik birimi unsur ve orada bulunan \u00e7ok say\u0131da vatanda\u015f yaraland\u0131. Binaya silah &hellip;<\/p>\n","protected":false},"author":1,"featured_media":268465,"comment_status":"closed","ping_status":"closed","sticky":false,"template":"","format":"standard","meta":{"footnotes":""},"categories":[479,17988,478],"tags":[],"class_list":["post-268464","post","type-post","status-publish","format-standard","has-post-thumbnail","","category-haberler-yerel","category-son-haberler","category-yerel"],"_links":{"self":[{"href":"https:\/\/archive.sana.sy\/tr\/index.php?rest_route=\/wp\/v2\/posts\/268464","targetHints":{"allow":["GET"]}}],"collection":[{"href":"https:\/\/archive.sana.sy\/tr\/index.php?rest_route=\/wp\/v2\/posts"}],"about":[{"href":"https:\/\/archive.sana.sy\/tr\/index.php?rest_route=\/wp\/v2\/types\/post"}],"author":[{"embeddable":true,"href":"https:\/\/archive.sana.sy\/tr\/index.php?rest_route=\/wp\/v2\/users\/1"}],"replies":[{"embeddable":true,"href":"https:\/\/archive.sana.sy\/tr\/index.php?rest_route=%2Fwp%2Fv2%2Fcomments&post=268464"}],"version-history":[{"count":0,"href":"https:\/\/archive.sana.sy\/tr\/index.php?rest_route=\/wp\/v2\/posts\/268464\/revisions"}],"wp:featuredmedia":[{"embeddable":true,"href":"https:\/\/archive.sana.sy\/tr\/index.php?rest_route=\/wp\/v2\/media\/268465"}],"wp:attachment":[{"href":"https:\/\/archive.sana.sy\/tr\/index.php?rest_route=%2Fwp%2Fv2%2Fmedia&parent=268464"}],"wp:term":[{"taxonomy":"category","embeddable":true,"href":"https:\/\/archive.sana.sy\/tr\/index.php?rest_route=%2Fwp%2Fv2%2Fcategories&post=268464"},{"taxonomy":"post_tag","embeddable":true,"href":"https:\/\/archive.sana.sy\/tr\/index.php?rest_route=%2Fwp%2Fv2%2Ftags&post=268464"}],"curies":[{"name":"wp","href":"https:\/\/api.w.org\/{rel}","templated":true}]}}