{"id":268472,"date":"2022-12-05T12:00:21","date_gmt":"2022-12-05T10:00:21","guid":{"rendered":"http:\/\/107.6.182.27\/tr\/?p=268472"},"modified":"2022-12-06T07:34:15","modified_gmt":"2022-12-06T05:34:15","slug":"rus-ordusu-iki-savas-ucagi-iki-helikopter-ve-10-ukrayna-insansiz-hava-aracini-dusurdu","status":"publish","type":"post","link":"https:\/\/archive.sana.sy\/tr\/?p=268472","title":{"rendered":"Rus Ordusu \u0130ki Sava\u015f U\u00e7a\u011f\u0131, \u0130ki Helikopter ve 10 Ukrayna \u0130nsans\u0131z Hava Arac\u0131n\u0131 D\u00fc\u015f\u00fcrd\u00fc"},"content":{"rendered":"<p>MOSKOVA \u2013 Rusya Savunma Bakanl\u0131\u011f\u0131, g\u00fc\u00e7lerinin son 24 saat i\u00e7inde komuta merkezleri, depolar ve sava\u015f ara\u00e7lar\u0131 dahil olmak \u00fczere \u00e7ok say\u0131da Ukrayna askeri b\u00f6lgesini ve tesisini hedef ald\u0131\u011f\u0131n\u0131 ve imha etti\u011fini, ayr\u0131ca iki sava\u015f u\u00e7a\u011f\u0131, iki helikopter ve 10 insans\u0131z hava arac\u0131n\u0131 d\u00fc\u015f\u00fcrd\u00fc\u011f\u00fcn\u00fc duyurdu.<\/p>\n<p>Bakanl\u0131\u011f\u0131n a\u00e7\u0131klamas\u0131na g\u00f6re, Harkov b\u00f6lgesindeki Tabayevka kasabas\u0131 \u00e7evresinde Ukrayna kuvvetlerinin konu\u015fland\u0131r\u0131ld\u0131\u011f\u0131 yerlere Rus bombard\u0131man\u0131 65 Ukrayna askerini etkisiz hale getirildi.<\/p>\n<p>Bakanl\u0131k, Donetsk y\u00f6n\u00fcnde, 70&#8217;den fazla Ukraynal\u0131 askerin \u00f6ld\u00fcr\u00fcld\u00fc\u011f\u00fcn\u00fc ve iki tank\u0131, d\u00f6rt z\u0131rhl\u0131 sava\u015f arac\u0131 ve d\u00f6rt kamyonetinin \u00a0imha edildi\u011fini kaydederek, operasyonel ve taktik havac\u0131l\u0131k, Ukrayna Silahl\u0131 Kuvvetlerinin Kruglyakovka, Kislovka, Krakhmalnoye, Kharkov b\u00f6lgesi, Tunenkoy, Turskoye, Ivano-Darivka ve Vodiane banliy\u00f6lerindeki yedi komuta noktas\u0131n\u0131 bombalad\u0131\u011f\u0131n\u0131 s\u00f6zlerine ekledi.<\/p>\n<p>Bakanl\u0131k ayr\u0131ca, Ukrayna Silahl\u0131 Kuvvetlerinin top\u00e7u birliklerinden 72 askerin yaraland\u0131\u011f\u0131na \u00a0ve 193 il\u00e7ede insan g\u00fcc\u00fc ve askeri te\u00e7hizat toplama merkezleri bombaland\u0131\u011f\u0131na dikkat \u00e7ekerken, Donetsk&#8217;teki Ray Alexandrovka k\u00f6y\u00fc yak\u0131nlar\u0131nda S-300 u\u00e7aksavar f\u00fcze rampalar\u0131na hizmet veren bir radar istasyonunun yerle bir edildi\u011fini ifade etti.<\/p>\n<p><a class=\"x1i10hfl xjbqb8w x6umtig x1b1mbwd xaqea5y xav7gou x9f619 x1ypdohk xt0psk2 xe8uvvx xdj266r x11i5rnm xat24cr x1mh8g0r xexx8yu x4uap5 x18d9i69 xkhd6sd x16tdsg8 x1hl2dhg xggy1nq x1a2a7pz xt0b8zv x1qq9wsj xo1l8bm\" tabindex=\"0\" role=\"link\" href=\"https:\/\/www.facebook.com\/hashtag\/telegram_kanal%C4%B1m%C4%B1z?__eep__=6&amp;__cft__[0]=AZWbGEG4krkmlR37HQdeRa_tm56Wm_RC0u1zo5iXDu5xV6XEJRwbLQFJC38G1tcWgZeX0p8zTSUd3uyeehoD7OhBF5QQI7DXPOTG-RSKBT0GYfKLZkWmnLBfVHBHy5SYz_aGgCq4tF1FyKaM3Ll7_puD3CQxRM61XsCjwkxuytTi1E9ZGHfz4-ZPSvnOSYFQ0KU&amp;__tn__=*NK-R\">#Telegram_Kanal\u0131m\u0131z<\/a>:\u00a0<a class=\"x1i10hfl xjbqb8w x6umtig x1b1mbwd xaqea5y xav7gou x9f619 x1ypdohk xt0psk2 xe8uvvx xdj266r x11i5rnm xat24cr x1mh8g0r xexx8yu x4uap5 x18d9i69 xkhd6sd x16tdsg8 x1hl2dhg xggy1nq x1a2a7pz xt0b8zv x1fey0fg\" tabindex=\"0\" role=\"link\" href=\"https:\/\/t.me\/SuriyeArapHaberAjans%C4%B1?fbclid=IwAR1mjgJbN7oiCUhCmbkxYbE3Yf-NwYxepsBh4WXMfHRx1gYI0RRefa-kvPs\" target=\"_blank\" rel=\"nofollow noopener\">https:\/\/t.me\/SuriyeArapHaberAjans\u0131<\/a><\/p>\n","protected":false},"excerpt":{"rendered":"<p>MOSKOVA \u2013 Rusya Savunma Bakanl\u0131\u011f\u0131, g\u00fc\u00e7lerinin son 24 saat i\u00e7inde komuta merkezleri, depolar ve sava\u015f ara\u00e7lar\u0131 dahil olmak \u00fczere \u00e7ok say\u0131da Ukrayna askeri b\u00f6lgesini ve tesisini hedef ald\u0131\u011f\u0131n\u0131 ve imha etti\u011fini, ayr\u0131ca iki sava\u015f u\u00e7a\u011f\u0131, iki helikopter ve 10 insans\u0131z hava arac\u0131n\u0131 d\u00fc\u015f\u00fcrd\u00fc\u011f\u00fcn\u00fc duyurdu. Bakanl\u0131\u011f\u0131n a\u00e7\u0131klamas\u0131na g\u00f6re, Harkov b\u00f6lgesindeki Tabayevka kasabas\u0131 \u00e7evresinde Ukrayna kuvvetlerinin konu\u015fland\u0131r\u0131ld\u0131\u011f\u0131 &hellip;<\/p>\n","protected":false},"author":41,"featured_media":268473,"comment_status":"closed","ping_status":"closed","sticky":false,"template":"","format":"standard","meta":{"footnotes":""},"categories":[458,459,17988],"tags":[],"class_list":["post-268472","post","type-post","status-publish","format-standard","has-post-thumbnail","","category-dunya1","category-haberler-arap-uluslararasi-politika","category-son-haberler"],"_links":{"self":[{"href":"https:\/\/archive.sana.sy\/tr\/index.php?rest_route=\/wp\/v2\/posts\/268472","targetHints":{"allow":["GET"]}}],"collection":[{"href":"https:\/\/archive.sana.sy\/tr\/index.php?rest_route=\/wp\/v2\/posts"}],"about":[{"href":"https:\/\/archive.sana.sy\/tr\/index.php?rest_route=\/wp\/v2\/types\/post"}],"author":[{"embeddable":true,"href":"https:\/\/archive.sana.sy\/tr\/index.php?rest_route=\/wp\/v2\/users\/41"}],"replies":[{"embeddable":true,"href":"https:\/\/archive.sana.sy\/tr\/index.php?rest_route=%2Fwp%2Fv2%2Fcomments&post=268472"}],"version-history":[{"count":0,"href":"https:\/\/archive.sana.sy\/tr\/index.php?rest_route=\/wp\/v2\/posts\/268472\/revisions"}],"wp:featuredmedia":[{"embeddable":true,"href":"https:\/\/archive.sana.sy\/tr\/index.php?rest_route=\/wp\/v2\/media\/268473"}],"wp:attachment":[{"href":"https:\/\/archive.sana.sy\/tr\/index.php?rest_route=%2Fwp%2Fv2%2Fmedia&parent=268472"}],"wp:term":[{"taxonomy":"category","embeddable":true,"href":"https:\/\/archive.sana.sy\/tr\/index.php?rest_route=%2Fwp%2Fv2%2Fcategories&post=268472"},{"taxonomy":"post_tag","embeddable":true,"href":"https:\/\/archive.sana.sy\/tr\/index.php?rest_route=%2Fwp%2Fv2%2Ftags&post=268472"}],"curies":[{"name":"wp","href":"https:\/\/api.w.org\/{rel}","templated":true}]}}