{"id":268475,"date":"2022-12-05T14:06:34","date_gmt":"2022-12-05T12:06:34","guid":{"rendered":"http:\/\/107.6.182.27\/tr\/?p=268475"},"modified":"2022-12-06T07:34:48","modified_gmt":"2022-12-06T05:34:48","slug":"krisati-ve-eby-yerinden-edilmis-kisilerin-yermuk-kampindaki-evlerine-geri-donmelerini-saglama-cabalarini-gorusuyor","status":"publish","type":"post","link":"https:\/\/archive.sana.sy\/tr\/?p=268475","title":{"rendered":"Kri\u015fati Ve Eby, Yerinden Edilmi\u015f Ki\u015filerin Yermuk Kamp\u0131ndaki Evlerine Geri D\u00f6nmelerini Sa\u011flama \u00c7abalar\u0131n\u0131 G\u00f6r\u00fc\u015f\u00fcyor"},"content":{"rendered":"<p>\u015eAM \u2013 \u015eam Valisi Muhammed Tar\u0131k Kri\u015fati, Suriye&#8217;deki Birle\u015fmi\u015f Milletler Filistin M\u00fcltecilerine Yard\u0131m ve \u00c7al\u0131\u015fma Ajans\u0131 (UNRWA) Direkt\u00f6r\u00fc Amania Michael Eby ile Yermuk kamp\u0131 ve altyap\u0131 rehabilitasyon projelerinde yerinden edilmi\u015f ki\u015filerin evlerine d\u00f6n\u00fc\u015flerini g\u00fcvence alt\u0131na almak i\u00e7in i\u015fbirli\u011fi ve \u00e7abalar\u0131n art\u0131r\u0131lmas\u0131n\u0131 g\u00f6r\u00fc\u015ft\u00fc.<\/p>\n<p><img loading=\"lazy\" decoding=\"async\" class=\"size-full wp-image-268477 alignright\" src=\"http:\/\/107.6.182.27\/tr\/wp-content\/uploads\/2022\/12\/16-1-300x183-1.jpg\" alt=\"\" width=\"300\" height=\"183\" srcset=\"https:\/\/archive.sana.sy\/tr\/wp-content\/uploads\/2022\/12\/16-1-300x183-1.jpg 300w, https:\/\/archive.sana.sy\/tr\/wp-content\/uploads\/2022\/12\/16-1-300x183-1-150x92.jpg 150w\" sizes=\"auto, (max-width: 300px) 100vw, 300px\" \/>Kri\u015fati, valili\u011fin, evlerin yap\u0131sal g\u00fcvenli\u011finin sa\u011flanmas\u0131 ve gerekli onaylar\u0131n al\u0131nmas\u0131 ko\u015fuluyla, y\u00f6netmelik ve yasalara uygun olarak, kamptaki insanlar\u0131n evlerine d\u00f6n\u00fc\u015f\u00fc i\u00e7in t\u00fcm imkanlar\u0131 sa\u011flamaya devam etti\u011fini vurgulad\u0131.<\/p>\n<p>Kri\u015fati ayr\u0131ca, Valili\u011fin Sosyal \u0130\u015fler ve \u00c7al\u0131\u015fma Bakanl\u0131\u011f\u0131 ve Birle\u015fmi\u015f Milletler N\u00fcfus Fonu ile i\u015fbirli\u011fi i\u00e7inde Noor Toplumsal Kalk\u0131nma Merkezi&#8217;ni a\u00e7man\u0131n yan\u0131 s\u0131ra kanalizasyon ve i\u00e7me suyu \u015febekesini ve g\u00fcvenli ula\u015f\u0131m ara\u00e7lar\u0131n\u0131 iyile\u015ftirme \u00e7al\u0131\u015fmalar\u0131 y\u00fcr\u00fctt\u00fc\u011f\u00fcn\u00fc a\u00e7\u0131klad\u0131.<\/p>\n<p>Eby ise, Suriye h\u00fck\u00fcmetinin kamptaki altyap\u0131y\u0131 iyile\u015ftirme, yerinden edilenlerin evlerine d\u00f6n\u00fc\u015f\u00fcn\u00fc kolayla\u015ft\u0131rma ve \u015eam ve t\u00fcm Suriye vilayetlerindeki \u00e7al\u0131\u015fmalar\u0131 i\u00e7in gereken her t\u00fcrl\u00fc deste\u011fi sa\u011flama \u00e7abalar\u0131na te\u015fekk\u00fcr ederek, Ajans\u0131n \u00f6nceli\u011finin, kamptaki okullar ve sosyal ve sa\u011fl\u0131k i\u015fleri merkezleri gibi ba\u011fl\u0131 tesisleri hizmete sokmak i\u00e7in rehabilite etmek oldu\u011funa i\u015faret etti.<\/p>\n<p><a class=\"x1i10hfl xjbqb8w x6umtig x1b1mbwd xaqea5y xav7gou x9f619 x1ypdohk xt0psk2 xe8uvvx xdj266r x11i5rnm xat24cr x1mh8g0r xexx8yu x4uap5 x18d9i69 xkhd6sd x16tdsg8 x1hl2dhg xggy1nq x1a2a7pz xt0b8zv x1qq9wsj xo1l8bm\" tabindex=\"0\" role=\"link\" href=\"https:\/\/www.facebook.com\/hashtag\/telegram_kanal%C4%B1m%C4%B1z?__eep__=6&amp;__cft__[0]=AZWbGEG4krkmlR37HQdeRa_tm56Wm_RC0u1zo5iXDu5xV6XEJRwbLQFJC38G1tcWgZeX0p8zTSUd3uyeehoD7OhBF5QQI7DXPOTG-RSKBT0GYfKLZkWmnLBfVHBHy5SYz_aGgCq4tF1FyKaM3Ll7_puD3CQxRM61XsCjwkxuytTi1E9ZGHfz4-ZPSvnOSYFQ0KU&amp;__tn__=*NK-R\">#Telegram_Kanal\u0131m\u0131z<\/a>:\u00a0<a class=\"x1i10hfl xjbqb8w x6umtig x1b1mbwd xaqea5y xav7gou x9f619 x1ypdohk xt0psk2 xe8uvvx xdj266r x11i5rnm xat24cr x1mh8g0r xexx8yu x4uap5 x18d9i69 xkhd6sd x16tdsg8 x1hl2dhg xggy1nq x1a2a7pz xt0b8zv x1fey0fg\" tabindex=\"0\" role=\"link\" href=\"https:\/\/t.me\/SuriyeArapHaberAjans%C4%B1?fbclid=IwAR1mjgJbN7oiCUhCmbkxYbE3Yf-NwYxepsBh4WXMfHRx1gYI0RRefa-kvPs\" target=\"_blank\" rel=\"nofollow noopener\">https:\/\/t.me\/SuriyeArapHaberAjans\u0131<\/a><\/p>\n","protected":false},"excerpt":{"rendered":"<p>\u015eAM \u2013 \u015eam Valisi Muhammed Tar\u0131k Kri\u015fati, Suriye&#8217;deki Birle\u015fmi\u015f Milletler Filistin M\u00fcltecilerine Yard\u0131m ve \u00c7al\u0131\u015fma Ajans\u0131 (UNRWA) Direkt\u00f6r\u00fc Amania Michael Eby ile Yermuk kamp\u0131 ve altyap\u0131 rehabilitasyon projelerinde yerinden edilmi\u015f ki\u015filerin evlerine d\u00f6n\u00fc\u015flerini g\u00fcvence alt\u0131na almak i\u00e7in i\u015fbirli\u011fi ve \u00e7abalar\u0131n art\u0131r\u0131lmas\u0131n\u0131 g\u00f6r\u00fc\u015ft\u00fc. Kri\u015fati, valili\u011fin, evlerin yap\u0131sal g\u00fcvenli\u011finin sa\u011flanmas\u0131 ve gerekli onaylar\u0131n al\u0131nmas\u0131 ko\u015fuluyla, y\u00f6netmelik ve &hellip;<\/p>\n","protected":false},"author":41,"featured_media":268476,"comment_status":"closed","ping_status":"closed","sticky":false,"template":"","format":"standard","meta":{"footnotes":""},"categories":[479,17988,478],"tags":[],"class_list":["post-268475","post","type-post","status-publish","format-standard","has-post-thumbnail","","category-haberler-yerel","category-son-haberler","category-yerel"],"_links":{"self":[{"href":"https:\/\/archive.sana.sy\/tr\/index.php?rest_route=\/wp\/v2\/posts\/268475","targetHints":{"allow":["GET"]}}],"collection":[{"href":"https:\/\/archive.sana.sy\/tr\/index.php?rest_route=\/wp\/v2\/posts"}],"about":[{"href":"https:\/\/archive.sana.sy\/tr\/index.php?rest_route=\/wp\/v2\/types\/post"}],"author":[{"embeddable":true,"href":"https:\/\/archive.sana.sy\/tr\/index.php?rest_route=\/wp\/v2\/users\/41"}],"replies":[{"embeddable":true,"href":"https:\/\/archive.sana.sy\/tr\/index.php?rest_route=%2Fwp%2Fv2%2Fcomments&post=268475"}],"version-history":[{"count":0,"href":"https:\/\/archive.sana.sy\/tr\/index.php?rest_route=\/wp\/v2\/posts\/268475\/revisions"}],"wp:featuredmedia":[{"embeddable":true,"href":"https:\/\/archive.sana.sy\/tr\/index.php?rest_route=\/wp\/v2\/media\/268476"}],"wp:attachment":[{"href":"https:\/\/archive.sana.sy\/tr\/index.php?rest_route=%2Fwp%2Fv2%2Fmedia&parent=268475"}],"wp:term":[{"taxonomy":"category","embeddable":true,"href":"https:\/\/archive.sana.sy\/tr\/index.php?rest_route=%2Fwp%2Fv2%2Fcategories&post=268475"},{"taxonomy":"post_tag","embeddable":true,"href":"https:\/\/archive.sana.sy\/tr\/index.php?rest_route=%2Fwp%2Fv2%2Ftags&post=268475"}],"curies":[{"name":"wp","href":"https:\/\/api.w.org\/{rel}","templated":true}]}}