{"id":268511,"date":"2022-12-05T17:30:54","date_gmt":"2022-12-05T15:30:54","guid":{"rendered":"http:\/\/107.6.182.27\/tr\/?p=268511"},"modified":"2022-12-06T07:36:10","modified_gmt":"2022-12-06T05:36:10","slug":"uluslararasi-jimnastik-firavunlari-kupasinda-suriyeye-altin-madalya","status":"publish","type":"post","link":"https:\/\/archive.sana.sy\/tr\/?p=268511","title":{"rendered":"Uluslararas\u0131 Jimnastik Firavunlar\u0131 Kupas\u0131&#8217;nda Suriye&#8217;ye Alt\u0131n Madalya"},"content":{"rendered":"<p>KAH\u0130RE &#8211; M\u0131s\u0131r&#8217;\u0131n ba\u015fkenti Kahire&#8217;de d\u00fczenlenen Uluslararas\u0131 Firavunlar Kupas\u0131&#8217;nda atlama platformunda alt\u0131n madalyay\u0131 Suriyeli jimnastik\u00e7i Abdullah Tarrab kazand\u0131.<\/p>\n<p>Jimnastik Federasyonu Ba\u015fkan\u0131 Muhammed Hububati, SANA&#8217;ya yapt\u0131\u011f\u0131 a\u00e7\u0131klamada: \u2018\u2019 Geni\u015f kat\u0131l\u0131m\u0131n oldu\u011fu bu turnuvada alt\u0131n madalya almak, genelde Suriye sporu \u00f6zelde ise jimnastik i\u00e7in yeni bir ba\u015far\u0131d\u0131r.\u2019\u2019 ifadelerini kullanarak, Jimnastik Federasyonu&#8217;nun uluslararas\u0131 forumlarda Suriye bayra\u011f\u0131n\u0131 dalgaland\u0131rmak ad\u0131na her zaman en iyisini sunmak i\u00e7in \u00e7aba g\u00f6sterdi\u011fini belirtti.<\/p>\n<p>\u015eamponiyas\u0131na Suriye&#8217;nin yan\u0131 s\u0131ra M\u0131s\u0131r, Macaristan, Portekiz, Tunus, Yemen, K\u0131br\u0131s, Hindistan, Katar ve G\u00fcrcistan kat\u0131lacak.<\/p>\n<p><a class=\"x1i10hfl xjbqb8w x6umtig x1b1mbwd xaqea5y xav7gou x9f619 x1ypdohk xt0psk2 xe8uvvx xdj266r x11i5rnm xat24cr x1mh8g0r xexx8yu x4uap5 x18d9i69 xkhd6sd x16tdsg8 x1hl2dhg xggy1nq x1a2a7pz xt0b8zv x1qq9wsj xo1l8bm\" tabindex=\"0\" role=\"link\" href=\"https:\/\/www.facebook.com\/hashtag\/telegram_kanal%C4%B1m%C4%B1z?__eep__=6&amp;__cft__[0]=AZWbGEG4krkmlR37HQdeRa_tm56Wm_RC0u1zo5iXDu5xV6XEJRwbLQFJC38G1tcWgZeX0p8zTSUd3uyeehoD7OhBF5QQI7DXPOTG-RSKBT0GYfKLZkWmnLBfVHBHy5SYz_aGgCq4tF1FyKaM3Ll7_puD3CQxRM61XsCjwkxuytTi1E9ZGHfz4-ZPSvnOSYFQ0KU&amp;__tn__=*NK-R\">#Telegram_Kanal\u0131m\u0131z<\/a>:\u00a0<a class=\"x1i10hfl xjbqb8w x6umtig x1b1mbwd xaqea5y xav7gou x9f619 x1ypdohk xt0psk2 xe8uvvx xdj266r x11i5rnm xat24cr x1mh8g0r xexx8yu x4uap5 x18d9i69 xkhd6sd x16tdsg8 x1hl2dhg xggy1nq x1a2a7pz xt0b8zv x1fey0fg\" tabindex=\"0\" role=\"link\" href=\"https:\/\/t.me\/SuriyeArapHaberAjans%C4%B1?fbclid=IwAR1mjgJbN7oiCUhCmbkxYbE3Yf-NwYxepsBh4WXMfHRx1gYI0RRefa-kvPs\" target=\"_blank\" rel=\"nofollow noopener\">https:\/\/t.me\/SuriyeArapHaberAjans\u0131<\/a><\/p>\n","protected":false},"excerpt":{"rendered":"<p>KAH\u0130RE &#8211; M\u0131s\u0131r&#8217;\u0131n ba\u015fkenti Kahire&#8217;de d\u00fczenlenen Uluslararas\u0131 Firavunlar Kupas\u0131&#8217;nda atlama platformunda alt\u0131n madalyay\u0131 Suriyeli jimnastik\u00e7i Abdullah Tarrab kazand\u0131. Jimnastik Federasyonu Ba\u015fkan\u0131 Muhammed Hububati, SANA&#8217;ya yapt\u0131\u011f\u0131 a\u00e7\u0131klamada: \u2018\u2019 Geni\u015f kat\u0131l\u0131m\u0131n oldu\u011fu bu turnuvada alt\u0131n madalya almak, genelde Suriye sporu \u00f6zelde ise jimnastik i\u00e7in yeni bir ba\u015far\u0131d\u0131r.\u2019\u2019 ifadelerini kullanarak, Jimnastik Federasyonu&#8217;nun uluslararas\u0131 forumlarda Suriye bayra\u011f\u0131n\u0131 dalgaland\u0131rmak ad\u0131na &hellip;<\/p>\n","protected":false},"author":41,"featured_media":268512,"comment_status":"closed","ping_status":"closed","sticky":false,"template":"","format":"standard","meta":{"footnotes":""},"categories":[498,17988,496],"tags":[],"class_list":["post-268511","post","type-post","status-publish","format-standard","has-post-thumbnail","","category-dunya-turnuvalari","category-son-haberler","category-spor"],"_links":{"self":[{"href":"https:\/\/archive.sana.sy\/tr\/index.php?rest_route=\/wp\/v2\/posts\/268511","targetHints":{"allow":["GET"]}}],"collection":[{"href":"https:\/\/archive.sana.sy\/tr\/index.php?rest_route=\/wp\/v2\/posts"}],"about":[{"href":"https:\/\/archive.sana.sy\/tr\/index.php?rest_route=\/wp\/v2\/types\/post"}],"author":[{"embeddable":true,"href":"https:\/\/archive.sana.sy\/tr\/index.php?rest_route=\/wp\/v2\/users\/41"}],"replies":[{"embeddable":true,"href":"https:\/\/archive.sana.sy\/tr\/index.php?rest_route=%2Fwp%2Fv2%2Fcomments&post=268511"}],"version-history":[{"count":0,"href":"https:\/\/archive.sana.sy\/tr\/index.php?rest_route=\/wp\/v2\/posts\/268511\/revisions"}],"wp:featuredmedia":[{"embeddable":true,"href":"https:\/\/archive.sana.sy\/tr\/index.php?rest_route=\/wp\/v2\/media\/268512"}],"wp:attachment":[{"href":"https:\/\/archive.sana.sy\/tr\/index.php?rest_route=%2Fwp%2Fv2%2Fmedia&parent=268511"}],"wp:term":[{"taxonomy":"category","embeddable":true,"href":"https:\/\/archive.sana.sy\/tr\/index.php?rest_route=%2Fwp%2Fv2%2Fcategories&post=268511"},{"taxonomy":"post_tag","embeddable":true,"href":"https:\/\/archive.sana.sy\/tr\/index.php?rest_route=%2Fwp%2Fv2%2Ftags&post=268511"}],"curies":[{"name":"wp","href":"https:\/\/api.w.org\/{rel}","templated":true}]}}