{"id":268619,"date":"2022-12-06T22:19:14","date_gmt":"2022-12-06T20:19:14","guid":{"rendered":"http:\/\/107.6.182.27\/tr\/?p=268619"},"modified":"2022-12-08T07:10:58","modified_gmt":"2022-12-08T05:10:58","slug":"dera-kirsalinda-bir-mayin-patladi-iki-kiz-cocuk-yaralandi","status":"publish","type":"post","link":"https:\/\/archive.sana.sy\/tr\/?p=268619","title":{"rendered":"Dera K\u0131rsal\u0131nda Bir May\u0131n Patlad\u0131, \u0130ki Kiz \u00e7ocuk Yaraland\u0131"},"content":{"rendered":"<p>DERA \u2013 Dera k\u0131rsal\u0131n\u0131n kuzeyinde yer alan Karfa beldesinde ter\u00f6r gruplar\u0131ndan kalan bir may\u0131n\u0131n patlamas\u0131 sonucunde iki k\u0131z \u00e7ocu\u011fu yaraland\u0131.<\/p>\n<p>Dera Ulusal Hastanesi Genel Yetkili M\u00fcd\u00fcr\u00fc Yahya Kivan SANA&#8217;ya yapt\u0131\u011f\u0131 a\u00e7\u0131klamada, hastanenin \u00e7ok say\u0131da \u015farapnel ve g\u00f6z yaralanmas\u0131 sonucu yaralanan iki k\u0131z \u00e7ocu\u011funu &#8220;3 ve 6 ya\u015flar\u0131nda&#8221; hastane taraf\u0131ndan kabul edildi\u011fini ve onlara ilk m\u00fcdahalenin yap\u0131lmas\u0131 i\u00e7in \u0130zraa Ulusal Hastanesine nakil edildiklerini belirtti.<\/p>\n<p>Kivan , \u201cg\u00f6z yaralanmalar\u0131 i\u00e7in \u00f6zel tedaviyi tamamlamalar\u0131 i\u00e7in yaralanan k\u0131z \u00e7ocuklar\u0131 \u015eam hastanelerine nakledildiklerine i\u015faret etti.<\/p>\n<p><span style=\"color: #0000ff;\">#Telegram_Kanal\u0131m\u0131z: https:\/\/t.me\/SuriyeArapHaberAjans\u0131<\/span><\/p>\n","protected":false},"excerpt":{"rendered":"<p>DERA \u2013 Dera k\u0131rsal\u0131n\u0131n kuzeyinde yer alan Karfa beldesinde ter\u00f6r gruplar\u0131ndan kalan bir may\u0131n\u0131n patlamas\u0131 sonucunde iki k\u0131z \u00e7ocu\u011fu yaraland\u0131. Dera Ulusal Hastanesi Genel Yetkili M\u00fcd\u00fcr\u00fc Yahya Kivan SANA&#8217;ya yapt\u0131\u011f\u0131 a\u00e7\u0131klamada, hastanenin \u00e7ok say\u0131da \u015farapnel ve g\u00f6z yaralanmas\u0131 sonucu yaralanan iki k\u0131z \u00e7ocu\u011funu &#8220;3 ve 6 ya\u015flar\u0131nda&#8221; hastane taraf\u0131ndan kabul edildi\u011fini ve onlara ilk m\u00fcdahalenin &hellip;<\/p>\n","protected":false},"author":36,"featured_media":268620,"comment_status":"closed","ping_status":"closed","sticky":false,"template":"","format":"standard","meta":{"footnotes":""},"categories":[479,575,17988,478],"tags":[],"class_list":["post-268619","post","type-post","status-publish","format-standard","has-post-thumbnail","","category-haberler-yerel","category-olaylar-ve-gercekler","category-son-haberler","category-yerel"],"_links":{"self":[{"href":"https:\/\/archive.sana.sy\/tr\/index.php?rest_route=\/wp\/v2\/posts\/268619","targetHints":{"allow":["GET"]}}],"collection":[{"href":"https:\/\/archive.sana.sy\/tr\/index.php?rest_route=\/wp\/v2\/posts"}],"about":[{"href":"https:\/\/archive.sana.sy\/tr\/index.php?rest_route=\/wp\/v2\/types\/post"}],"author":[{"embeddable":true,"href":"https:\/\/archive.sana.sy\/tr\/index.php?rest_route=\/wp\/v2\/users\/36"}],"replies":[{"embeddable":true,"href":"https:\/\/archive.sana.sy\/tr\/index.php?rest_route=%2Fwp%2Fv2%2Fcomments&post=268619"}],"version-history":[{"count":0,"href":"https:\/\/archive.sana.sy\/tr\/index.php?rest_route=\/wp\/v2\/posts\/268619\/revisions"}],"wp:featuredmedia":[{"embeddable":true,"href":"https:\/\/archive.sana.sy\/tr\/index.php?rest_route=\/wp\/v2\/media\/268620"}],"wp:attachment":[{"href":"https:\/\/archive.sana.sy\/tr\/index.php?rest_route=%2Fwp%2Fv2%2Fmedia&parent=268619"}],"wp:term":[{"taxonomy":"category","embeddable":true,"href":"https:\/\/archive.sana.sy\/tr\/index.php?rest_route=%2Fwp%2Fv2%2Fcategories&post=268619"},{"taxonomy":"post_tag","embeddable":true,"href":"https:\/\/archive.sana.sy\/tr\/index.php?rest_route=%2Fwp%2Fv2%2Ftags&post=268619"}],"curies":[{"name":"wp","href":"https:\/\/api.w.org\/{rel}","templated":true}]}}