{"id":268628,"date":"2022-12-07T10:39:45","date_gmt":"2022-12-07T08:39:45","guid":{"rendered":"http:\/\/107.6.182.27\/tr\/?p=268628"},"modified":"2022-12-08T07:11:16","modified_gmt":"2022-12-08T05:11:16","slug":"israil-isgal-gucleri-bati-yakada-basmasi-sonucu-2-filistinli-yaralandi-ve-digerleri-tutuklandi","status":"publish","type":"post","link":"https:\/\/archive.sana.sy\/tr\/?p=268628","title":{"rendered":"\u0130srail \u0130\u015fgal G\u00fc\u00e7leri, Bat\u0131 yaka&#8217;da D\u00fczenledi\u011fi Bask\u0131nlarda 2 Filistinli Yaraland\u0131 Ve Di\u011ferleri Tutukland\u0131"},"content":{"rendered":"<p>\u0130\u015eGAL ED\u0130LEN KUD\u00dcS \u2013 \u0130srail i\u015fgal g\u00fc\u00e7leri, Bat\u0131 Yaka&#8217;n\u0131n farkl\u0131 b\u00f6lgelerine d\u00fczenledi\u011fi bask\u0131nlarda 3 Filistinli yaraland\u0131 ve 13 ki\u015fi tutukland\u0131.<\/p>\n<p>Filistinli medyas\u0131, \u0130srail i\u015fgal g\u00fc\u00e7lerinin, Nablus\u2019taki Eski beldesinde ate\u015f a\u00e7arak 3 Filistinliyi yaralad\u0131\u011f\u0131n\u0131 belirtti.<\/p>\n<p>Filistinli medyas\u0131 ayr\u0131ca, \u0130\u015fgal g\u00fc\u00e7lerinin, Beyt Lahm\u2019daki birka\u00e7 mahalleye ve Teko beldesine ve\u00a0 El Halil&#8217;deki El Semu ve \u00a0i\u015fgal edilen Kud\u00fcs&#8217;teki Beyt Daku beldelerine bask\u0131n d\u00fczenledi\u011fini belirtirken,13 Filistinliyi tutuklad\u0131\u011f\u0131na i\u015faret etti.<\/p>\n<p><a class=\"x1i10hfl xjbqb8w x6umtig x1b1mbwd xaqea5y xav7gou x9f619 x1ypdohk xt0psk2 xe8uvvx xdj266r x11i5rnm xat24cr x1mh8g0r xexx8yu x4uap5 x18d9i69 xkhd6sd x16tdsg8 x1hl2dhg xggy1nq x1a2a7pz xt0b8zv x1qq9wsj xo1l8bm\" tabindex=\"0\" role=\"link\" href=\"https:\/\/www.facebook.com\/hashtag\/telegram_kanal%C4%B1m%C4%B1z?__eep__=6&amp;__cft__[0]=AZVMADVQ6r4IcTAP7eYf3Hav0gj3XUjPXNldB4_DgkzC6z3W2EnmWZCN9yxBpMAbu20VnlahAmBkIfopMT1LyCilCAKslEXhAT1z-EVbCgeMqUUPdCIskqa_CIAAJo02H_AYeTOzEDuVJszT9P7PzVPG2AX0AF5i0-qdBxkbtUk8SL7F-Lz89qNrmk_o4zwxpP-lwyxiku_I4OPg9xEHvhd3&amp;__tn__=*NK-R\">#Telegram_Kanal\u0131m\u0131z<\/a>: <a class=\"x1i10hfl xjbqb8w x6umtig x1b1mbwd xaqea5y xav7gou x9f619 x1ypdohk xt0psk2 xe8uvvx xdj266r x11i5rnm xat24cr x1mh8g0r xexx8yu x4uap5 x18d9i69 xkhd6sd x16tdsg8 x1hl2dhg xggy1nq x1a2a7pz xt0b8zv x1fey0fg\" tabindex=\"0\" role=\"link\" href=\"https:\/\/t.me\/SuriyeArapHaberAjans%C4%B1\" target=\"_blank\" rel=\"nofollow noopener\">https:\/\/t.me\/SuriyeArapHaberAjans\u0131<\/a><\/p>\n","protected":false},"excerpt":{"rendered":"<p>\u0130\u015eGAL ED\u0130LEN KUD\u00dcS \u2013 \u0130srail i\u015fgal g\u00fc\u00e7leri, Bat\u0131 Yaka&#8217;n\u0131n farkl\u0131 b\u00f6lgelerine d\u00fczenledi\u011fi bask\u0131nlarda 3 Filistinli yaraland\u0131 ve 13 ki\u015fi tutukland\u0131. Filistinli medyas\u0131, \u0130srail i\u015fgal g\u00fc\u00e7lerinin, Nablus\u2019taki Eski beldesinde ate\u015f a\u00e7arak 3 Filistinliyi yaralad\u0131\u011f\u0131n\u0131 belirtti. Filistinli medyas\u0131 ayr\u0131ca, \u0130\u015fgal g\u00fc\u00e7lerinin, Beyt Lahm\u2019daki birka\u00e7 mahalleye ve Teko beldesine ve\u00a0 El Halil&#8217;deki El Semu ve \u00a0i\u015fgal edilen Kud\u00fcs&#8217;teki &hellip;<\/p>\n","protected":false},"author":39,"featured_media":268629,"comment_status":"closed","ping_status":"closed","sticky":false,"template":"","format":"standard","meta":{"footnotes":""},"categories":[458,459,17988],"tags":[],"class_list":["post-268628","post","type-post","status-publish","format-standard","has-post-thumbnail","","category-dunya1","category-haberler-arap-uluslararasi-politika","category-son-haberler"],"_links":{"self":[{"href":"https:\/\/archive.sana.sy\/tr\/index.php?rest_route=\/wp\/v2\/posts\/268628","targetHints":{"allow":["GET"]}}],"collection":[{"href":"https:\/\/archive.sana.sy\/tr\/index.php?rest_route=\/wp\/v2\/posts"}],"about":[{"href":"https:\/\/archive.sana.sy\/tr\/index.php?rest_route=\/wp\/v2\/types\/post"}],"author":[{"embeddable":true,"href":"https:\/\/archive.sana.sy\/tr\/index.php?rest_route=\/wp\/v2\/users\/39"}],"replies":[{"embeddable":true,"href":"https:\/\/archive.sana.sy\/tr\/index.php?rest_route=%2Fwp%2Fv2%2Fcomments&post=268628"}],"version-history":[{"count":0,"href":"https:\/\/archive.sana.sy\/tr\/index.php?rest_route=\/wp\/v2\/posts\/268628\/revisions"}],"wp:featuredmedia":[{"embeddable":true,"href":"https:\/\/archive.sana.sy\/tr\/index.php?rest_route=\/wp\/v2\/media\/268629"}],"wp:attachment":[{"href":"https:\/\/archive.sana.sy\/tr\/index.php?rest_route=%2Fwp%2Fv2%2Fmedia&parent=268628"}],"wp:term":[{"taxonomy":"category","embeddable":true,"href":"https:\/\/archive.sana.sy\/tr\/index.php?rest_route=%2Fwp%2Fv2%2Fcategories&post=268628"},{"taxonomy":"post_tag","embeddable":true,"href":"https:\/\/archive.sana.sy\/tr\/index.php?rest_route=%2Fwp%2Fv2%2Ftags&post=268628"}],"curies":[{"name":"wp","href":"https:\/\/api.w.org\/{rel}","templated":true}]}}