{"id":268636,"date":"2022-12-06T23:40:20","date_gmt":"2022-12-06T21:40:20","guid":{"rendered":"http:\/\/107.6.182.27\/tr\/?p=268636"},"modified":"2022-12-08T07:11:07","modified_gmt":"2022-12-08T05:11:07","slug":"cumhurbaskani-esadin-himayesinde-komuta-ve-kurmayin-37-donem-mezuniyet-toreni","status":"publish","type":"post","link":"https:\/\/archive.sana.sy\/tr\/?p=268636","title":{"rendered":"Cumhurba\u015fkan\u0131 Esad&#8217;\u0131n Himayesinde&#8230; Komuta Ve Kurmay&#8217;\u0131n 37. D\u00f6nem Mezuniyet T\u00f6reni"},"content":{"rendered":"<p>\u015eAM &#8211; Cumhurba\u015fkan\u0131, Ordu ve Silahl\u0131 Kuvvetler Ba\u015fkomutan\u0131 Korgeneral Be\u015f\u015far Esad&#8217;\u0131n himayesinde, Y\u00fcksek Harp Akademisi&#8217;nde bug\u00fcn 37. komuta ve kurmay kursunun mezuniyeti kutland\u0131.<\/p>\n<p>Esad&#8217;\u0131, Savunma Bakan\u0131 Ba\u015fkomutan Yard\u0131mc\u0131s\u0131 General Ali Mahmud Abbas temsil etti.<\/p>\n<p>\u015eeref k\u0131tas\u0131n\u0131n yeniden g\u00f6zden ge\u00e7irilmesinin ard\u0131ndan aziz \u015fehitlerimizin ruhlar\u0131 i\u00e7in bir dakikal\u0131k sayg\u0131 duru\u015fu ile ba\u015flayan t\u00f6ren, ard\u0131ndan Suriye Arap Cumhuriyeti Milli Mar\u015f\u0131&#8217;n\u0131n okunmas\u0131yla ba\u015flad\u0131.<\/p>\n<p><img loading=\"lazy\" decoding=\"async\" class=\"size-full wp-image-268643 alignright\" src=\"http:\/\/107.6.182.27\/tr\/wp-content\/uploads\/2022\/12\/317723279_2247651592061431_1745181969333623719_n-300x200-1.jpg\" alt=\"\" width=\"300\" height=\"200\" srcset=\"https:\/\/archive.sana.sy\/tr\/wp-content\/uploads\/2022\/12\/317723279_2247651592061431_1745181969333623719_n-300x200-1.jpg 300w, https:\/\/archive.sana.sy\/tr\/wp-content\/uploads\/2022\/12\/317723279_2247651592061431_1745181969333623719_n-300x200-1-150x100.jpg 150w\" sizes=\"auto, (max-width: 300px) 100vw, 300px\" \/>Kutlaman\u0131n sponsor temsilcisi General Abbas, mezun olan subaylar\u0131 Cumhurba\u015fkan\u0131 Esad&#8217;\u0131n tebriklerini iletti\u011fi bir konu\u015fma yapt\u0131 ve ordudaki yolda\u015flar\u0131yla birlikte kendilerini bekleyen g\u00f6revleri yerine getirmelerinde ba\u015far\u0131 ve ba\u015far\u0131lar dileyerek, Silahl\u0131 kuvvetler, Askeri bayrak alanlar\u0131ndaki her yenili\u011fe ayak uydurarak bu oturumda edinilen bilim ve bilgileri geli\u015ftirmenin \u00f6nemini belirtti.<\/p>\n<p>Savunma Bakan\u0131, Suriye i\u00e7in haz\u0131rlanan s\u00f6m\u00fcrge projesinin eski ve yeni bir konu oldu\u011funu, i\u015fgalcilerin ve a\u00e7g\u00f6zl\u00fclerin her zaman Suriye&#8217;nin kaynaklar\u0131n\u0131 ve halk\u0131n\u0131n yeteneklerini ya\u011fmalamaya \u00e7al\u0131\u015ft\u0131klar\u0131n\u0131 ve kararl\u0131l\u0131k unsurlar\u0131n\u0131 hedef ald\u0131klar\u0131n\u0131 vurgulayarak, aziz vatan\u0131m\u0131za kar\u015f\u0131 y\u00fcr\u00fct\u00fclen bu haks\u0131z ku\u015fatma ve ter\u00f6r sava\u015f\u0131n\u0131n t\u00fcm insanlar\u0131m\u0131z\u0131 en temel ihtiya\u00e7lardan mahrum b\u0131rakarak etkileyen haks\u0131z ku\u015fatmayla, \u00fclkemizi baltalamaya y\u00f6nelik bilinen s\u00f6m\u00fcrgeci g\u00fcndemlerin hizmetinde geldi\u011fini belirtti.<\/p>\n<p>Kara ve Silahl\u0131 Kuvvetler Ba\u015fkomutan Yard\u0131mc\u0131s\u0131, liderliklerinden dolay\u0131 Y\u00fcksek Harp Akademisi ile Komuta ve Kurmay Koleji&#8217;ne ve bilgi ve birikim hizmetinde g\u00f6sterilen b\u00fcy\u00fck \u00e7abalar i\u00e7in e\u011fitmenlere te\u015fekk\u00fcr ederek, ordumuzun yi\u011fit subay ve askerleriyle her zaman bu halk\u0131n umudu, umutlar\u0131n\u0131n ve \u00f6zlemlerinin ya\u015fam alan\u0131 oldu\u011fu i\u00e7in ayakta durman\u0131n \u00f6nemini vurgulayarak, Cumhurba\u015fkan\u0131 Esad&#8217;\u0131n tan\u0131mlad\u0131\u011f\u0131 \u015fekliyle Suriye Arap Ordusunun, Suriye&#8217;nin ulusal tarihinin merkezinde yer ald\u0131\u011f\u0131n\u0131 dile getirdi.<\/p>\n<p><img loading=\"lazy\" decoding=\"async\" class=\"size-full wp-image-268644 alignright\" src=\"http:\/\/107.6.182.27\/tr\/wp-content\/uploads\/2022\/12\/318359392_2247651468728110_3897490103884778922_n-300x174-1.jpg\" alt=\"\" width=\"300\" height=\"174\" srcset=\"https:\/\/archive.sana.sy\/tr\/wp-content\/uploads\/2022\/12\/318359392_2247651468728110_3897490103884778922_n-300x174-1.jpg 300w, https:\/\/archive.sana.sy\/tr\/wp-content\/uploads\/2022\/12\/318359392_2247651468728110_3897490103884778922_n-300x174-1-150x87.jpg 150w\" sizes=\"auto, (max-width: 300px) 100vw, 300px\" \/>Ayr\u0131ca, Y\u00fcksek Harp Okulu M\u00fcd\u00fcr\u00fc de bir konu\u015fma yaparak, mezun olan subaylar\u0131n bu kurs s\u00fcresince bilim ve bilgilerini bir grup y\u00fcksek nitelikli e\u011fitimcinin ellerinde geli\u015ftirerek gerekli uzmanl\u0131\u011f\u0131 elde edebildiklerini, bug\u00fcn ve gelecekte kendilerine emanet edilen g\u00f6revleri ba\u015far\u0131yla yerine getirmelerini sa\u011flayacak taktik ve operasyonel d\u00fczeyde, \u015feref sahalar\u0131nda, kahramanl\u0131k ve zafer arenalar\u0131nda yolda\u015flar\u0131n\u0131n yan\u0131nda yer alacaklar\u0131n\u0131 s\u00f6yledi.<\/p>\n<p>Birinci mezun da bir konu\u015fma yaparak, mezunlar\u0131n Akademi&#8217;de ald\u0131klar\u0131 bilgileri sahada uygulamal\u0131 olarak uygulamalar\u0131n\u0131n \u00f6nemini vurgulayarak, ter\u00f6re ve destek\u00e7ilerine kar\u015f\u0131 belirleyici muharebemizin ortas\u0131nda silahl\u0131 kuvvetlerimizin muharebe haz\u0131rl\u0131k seviyesinin y\u00fckseltilmesine etkin bir \u015fekilde katk\u0131da bulunacaklar\u0131n\u0131 vurgulad\u0131.<\/p>\n<p>Ard\u0131ndan ba\u015far\u0131 s\u0131ralamas\u0131 okunarak ilk mezunlara sertifikalar\u0131 da\u011f\u0131t\u0131ld\u0131. Sonra birinci mezun Ba\u015fkomutan temsilcisi Orgeneral Abbas&#8217;a kurs kalkan\u0131n\u0131, Arap \u00f6\u011frencilerden birinci mezun ise kurs kalkan\u0131n\u0131 General Abbas&#8217;a sunduktan sonra t\u00f6ren Suriye Arap Cumhuriyeti&#8217;nin milli mar\u015f\u0131 ile sona erdi.<\/p>\n<p><a class=\"x1i10hfl xjbqb8w x6umtig x1b1mbwd xaqea5y xav7gou x9f619 x1ypdohk xt0psk2 xe8uvvx xdj266r x11i5rnm xat24cr x1mh8g0r xexx8yu x4uap5 x18d9i69 xkhd6sd x16tdsg8 x1hl2dhg xggy1nq x1a2a7pz xt0b8zv x1qq9wsj xo1l8bm\" tabindex=\"0\" role=\"link\" href=\"https:\/\/www.facebook.com\/hashtag\/telegram_kanal%C4%B1m%C4%B1z?__eep__=6&amp;__cft__[0]=AZVMADVQ6r4IcTAP7eYf3Hav0gj3XUjPXNldB4_DgkzC6z3W2EnmWZCN9yxBpMAbu20VnlahAmBkIfopMT1LyCilCAKslEXhAT1z-EVbCgeMqUUPdCIskqa_CIAAJo02H_AYeTOzEDuVJszT9P7PzVPG2AX0AF5i0-qdBxkbtUk8SL7F-Lz89qNrmk_o4zwxpP-lwyxiku_I4OPg9xEHvhd3&amp;__tn__=*NK-R\">#Telegram_Kanal\u0131m\u0131z<\/a>: <a class=\"x1i10hfl xjbqb8w x6umtig x1b1mbwd xaqea5y xav7gou x9f619 x1ypdohk xt0psk2 xe8uvvx xdj266r x11i5rnm xat24cr x1mh8g0r xexx8yu x4uap5 x18d9i69 xkhd6sd x16tdsg8 x1hl2dhg xggy1nq x1a2a7pz xt0b8zv x1fey0fg\" tabindex=\"0\" role=\"link\" href=\"https:\/\/t.me\/SuriyeArapHaberAjans%C4%B1\" target=\"_blank\" rel=\"nofollow noopener\">https:\/\/t.me\/SuriyeArapHaberAjans\u0131<\/a><\/p>\n<div id='gallery-1' class='gallery galleryid-268636 gallery-columns-3 gallery-size-full'><figure class='gallery-item'>\n\t\t\t<div class='gallery-icon landscape'>\n\t\t\t\t<a href='https:\/\/archive.sana.sy\/tr\/wp-content\/uploads\/2022\/12\/317999306_2247651568728100_5658940221188401284_n.jpg'><img loading=\"lazy\" decoding=\"async\" width=\"660\" height=\"391\" src=\"https:\/\/archive.sana.sy\/tr\/wp-content\/uploads\/2022\/12\/317999306_2247651568728100_5658940221188401284_n.jpg\" class=\"attachment-full size-full\" alt=\"\" srcset=\"https:\/\/archive.sana.sy\/tr\/wp-content\/uploads\/2022\/12\/317999306_2247651568728100_5658940221188401284_n.jpg 660w, https:\/\/archive.sana.sy\/tr\/wp-content\/uploads\/2022\/12\/317999306_2247651568728100_5658940221188401284_n-300x178.jpg 300w, https:\/\/archive.sana.sy\/tr\/wp-content\/uploads\/2022\/12\/317999306_2247651568728100_5658940221188401284_n-150x89.jpg 150w\" sizes=\"auto, (max-width: 660px) 100vw, 660px\" \/><\/a>\n\t\t\t<\/div><\/figure><figure class='gallery-item'>\n\t\t\t<div class='gallery-icon landscape'>\n\t\t\t\t<a href='https:\/\/archive.sana.sy\/tr\/wp-content\/uploads\/2022\/12\/318106811_2247651582061432_9051287584810133326_n.jpg'><img loading=\"lazy\" decoding=\"async\" width=\"660\" height=\"440\" src=\"https:\/\/archive.sana.sy\/tr\/wp-content\/uploads\/2022\/12\/318106811_2247651582061432_9051287584810133326_n.jpg\" class=\"attachment-full size-full\" alt=\"\" srcset=\"https:\/\/archive.sana.sy\/tr\/wp-content\/uploads\/2022\/12\/318106811_2247651582061432_9051287584810133326_n.jpg 660w, https:\/\/archive.sana.sy\/tr\/wp-content\/uploads\/2022\/12\/318106811_2247651582061432_9051287584810133326_n-300x200.jpg 300w, https:\/\/archive.sana.sy\/tr\/wp-content\/uploads\/2022\/12\/318106811_2247651582061432_9051287584810133326_n-150x100.jpg 150w\" sizes=\"auto, (max-width: 660px) 100vw, 660px\" \/><\/a>\n\t\t\t<\/div><\/figure><figure class='gallery-item'>\n\t\t\t<div class='gallery-icon landscape'>\n\t\t\t\t<a href='https:\/\/archive.sana.sy\/tr\/wp-content\/uploads\/2022\/12\/318239805_2247651375394786_7893627076955133498_n.jpg'><img loading=\"lazy\" decoding=\"async\" width=\"660\" height=\"410\" src=\"https:\/\/archive.sana.sy\/tr\/wp-content\/uploads\/2022\/12\/318239805_2247651375394786_7893627076955133498_n.jpg\" class=\"attachment-full size-full\" alt=\"\" srcset=\"https:\/\/archive.sana.sy\/tr\/wp-content\/uploads\/2022\/12\/318239805_2247651375394786_7893627076955133498_n.jpg 660w, https:\/\/archive.sana.sy\/tr\/wp-content\/uploads\/2022\/12\/318239805_2247651375394786_7893627076955133498_n-300x186.jpg 300w, https:\/\/archive.sana.sy\/tr\/wp-content\/uploads\/2022\/12\/318239805_2247651375394786_7893627076955133498_n-150x93.jpg 150w\" sizes=\"auto, (max-width: 660px) 100vw, 660px\" \/><\/a>\n\t\t\t<\/div><\/figure><figure class='gallery-item'>\n\t\t\t<div class='gallery-icon landscape'>\n\t\t\t\t<a href='https:\/\/archive.sana.sy\/tr\/wp-content\/uploads\/2022\/12\/318410490_2247651352061455_6225897777205183559_n.jpg'><img loading=\"lazy\" decoding=\"async\" width=\"660\" height=\"518\" src=\"https:\/\/archive.sana.sy\/tr\/wp-content\/uploads\/2022\/12\/318410490_2247651352061455_6225897777205183559_n.jpg\" class=\"attachment-full size-full\" alt=\"\" srcset=\"https:\/\/archive.sana.sy\/tr\/wp-content\/uploads\/2022\/12\/318410490_2247651352061455_6225897777205183559_n.jpg 660w, https:\/\/archive.sana.sy\/tr\/wp-content\/uploads\/2022\/12\/318410490_2247651352061455_6225897777205183559_n-300x235.jpg 300w, https:\/\/archive.sana.sy\/tr\/wp-content\/uploads\/2022\/12\/318410490_2247651352061455_6225897777205183559_n-150x118.jpg 150w\" sizes=\"auto, (max-width: 660px) 100vw, 660px\" \/><\/a>\n\t\t\t<\/div><\/figure><figure class='gallery-item'>\n\t\t\t<div class='gallery-icon landscape'>\n\t\t\t\t<a href='https:\/\/archive.sana.sy\/tr\/wp-content\/uploads\/2022\/12\/318410490_2247651352061455_6225897777205183559_n-300x235-1.jpg'><img loading=\"lazy\" decoding=\"async\" width=\"660\" height=\"440\" src=\"https:\/\/archive.sana.sy\/tr\/wp-content\/uploads\/2022\/12\/318410490_2247651352061455_6225897777205183559_n-300x235-1.jpg\" class=\"attachment-full size-full\" alt=\"\" srcset=\"https:\/\/archive.sana.sy\/tr\/wp-content\/uploads\/2022\/12\/318410490_2247651352061455_6225897777205183559_n-300x235-1.jpg 660w, https:\/\/archive.sana.sy\/tr\/wp-content\/uploads\/2022\/12\/318410490_2247651352061455_6225897777205183559_n-300x235-1-300x200.jpg 300w, https:\/\/archive.sana.sy\/tr\/wp-content\/uploads\/2022\/12\/318410490_2247651352061455_6225897777205183559_n-300x235-1-150x100.jpg 150w\" sizes=\"auto, (max-width: 660px) 100vw, 660px\" \/><\/a>\n\t\t\t<\/div><\/figure><figure class='gallery-item'>\n\t\t\t<div class='gallery-icon landscape'>\n\t\t\t\t<a href='https:\/\/archive.sana.sy\/tr\/wp-content\/uploads\/2022\/12\/318564324_2247651258728131_2904229992129570875_n.jpg'><img loading=\"lazy\" decoding=\"async\" width=\"660\" height=\"358\" src=\"https:\/\/archive.sana.sy\/tr\/wp-content\/uploads\/2022\/12\/318564324_2247651258728131_2904229992129570875_n.jpg\" class=\"attachment-full size-full\" alt=\"\" srcset=\"https:\/\/archive.sana.sy\/tr\/wp-content\/uploads\/2022\/12\/318564324_2247651258728131_2904229992129570875_n.jpg 660w, https:\/\/archive.sana.sy\/tr\/wp-content\/uploads\/2022\/12\/318564324_2247651258728131_2904229992129570875_n-300x163.jpg 300w, https:\/\/archive.sana.sy\/tr\/wp-content\/uploads\/2022\/12\/318564324_2247651258728131_2904229992129570875_n-150x81.jpg 150w\" sizes=\"auto, (max-width: 660px) 100vw, 660px\" \/><\/a>\n\t\t\t<\/div><\/figure>\n\t\t<\/div>\n\n","protected":false},"excerpt":{"rendered":"<p>\u015eAM &#8211; Cumhurba\u015fkan\u0131, Ordu ve Silahl\u0131 Kuvvetler Ba\u015fkomutan\u0131 Korgeneral Be\u015f\u015far Esad&#8217;\u0131n himayesinde, Y\u00fcksek Harp Akademisi&#8217;nde bug\u00fcn 37. komuta ve kurmay kursunun mezuniyeti kutland\u0131. Esad&#8217;\u0131, Savunma Bakan\u0131 Ba\u015fkomutan Yard\u0131mc\u0131s\u0131 General Ali Mahmud Abbas temsil etti. \u015eeref k\u0131tas\u0131n\u0131n yeniden g\u00f6zden ge\u00e7irilmesinin ard\u0131ndan aziz \u015fehitlerimizin ruhlar\u0131 i\u00e7in bir dakikal\u0131k sayg\u0131 duru\u015fu ile ba\u015flayan t\u00f6ren, ard\u0131ndan Suriye Arap Cumhuriyeti &hellip;<\/p>\n","protected":false},"author":1,"featured_media":268645,"comment_status":"closed","ping_status":"closed","sticky":false,"template":"","format":"standard","meta":{"footnotes":""},"categories":[596,479,17988,478],"tags":[],"class_list":["post-268636","post","type-post","status-publish","format-standard","has-post-thumbnail","","category-fotografli-raporlar","category-haberler-yerel","category-son-haberler","category-yerel"],"_links":{"self":[{"href":"https:\/\/archive.sana.sy\/tr\/index.php?rest_route=\/wp\/v2\/posts\/268636","targetHints":{"allow":["GET"]}}],"collection":[{"href":"https:\/\/archive.sana.sy\/tr\/index.php?rest_route=\/wp\/v2\/posts"}],"about":[{"href":"https:\/\/archive.sana.sy\/tr\/index.php?rest_route=\/wp\/v2\/types\/post"}],"author":[{"embeddable":true,"href":"https:\/\/archive.sana.sy\/tr\/index.php?rest_route=\/wp\/v2\/users\/1"}],"replies":[{"embeddable":true,"href":"https:\/\/archive.sana.sy\/tr\/index.php?rest_route=%2Fwp%2Fv2%2Fcomments&post=268636"}],"version-history":[{"count":0,"href":"https:\/\/archive.sana.sy\/tr\/index.php?rest_route=\/wp\/v2\/posts\/268636\/revisions"}],"wp:featuredmedia":[{"embeddable":true,"href":"https:\/\/archive.sana.sy\/tr\/index.php?rest_route=\/wp\/v2\/media\/268645"}],"wp:attachment":[{"href":"https:\/\/archive.sana.sy\/tr\/index.php?rest_route=%2Fwp%2Fv2%2Fmedia&parent=268636"}],"wp:term":[{"taxonomy":"category","embeddable":true,"href":"https:\/\/archive.sana.sy\/tr\/index.php?rest_route=%2Fwp%2Fv2%2Fcategories&post=268636"},{"taxonomy":"post_tag","embeddable":true,"href":"https:\/\/archive.sana.sy\/tr\/index.php?rest_route=%2Fwp%2Fv2%2Ftags&post=268636"}],"curies":[{"name":"wp","href":"https:\/\/api.w.org\/{rel}","templated":true}]}}