{"id":268661,"date":"2022-12-07T09:00:33","date_gmt":"2022-12-07T07:00:33","guid":{"rendered":"http:\/\/107.6.182.27\/tr\/?p=268661"},"modified":"2022-12-07T15:04:49","modified_gmt":"2022-12-07T13:04:49","slug":"lavrov-suriyenin-egemenligi-ve-toprak-butunlugunukoruma-cabamiz-surecek-nato-hedeflerinde-basarisiz-oldu","status":"publish","type":"post","link":"https:\/\/archive.sana.sy\/tr\/?p=268661","title":{"rendered":"Lavrov: Suriye\u2019nin Egemenli\u011fini Ve Toprak B\u00fct\u00fcnl\u00fc\u011f\u00fcn\u00fc Koruma \u00c7abam\u0131z S\u00fcrecek.. NATO Hedeflerinde Ba\u015far\u0131s\u0131z Oldu"},"content":{"rendered":"<p>MOSKOVA &#8211; Rusya D\u0131\u015fi\u015fleri Bakan\u0131 Sergey Lavrov, Amerika Birle\u015fik Devletleri kuvvetlerinin Suriye topraklar\u0131nda gayr\u0131 me\u015fru \u015fekilde bulunduklar\u0131n\u0131, bulunduklar\u0131 b\u00f6lgelerdeki ter\u00f6rist \u00f6rg\u00fctleri destekledi\u011fini belirterek, ayr\u0131l\u0131k\u00e7\u0131 herhangi bir ajandan\u0131n uygulanmas\u0131n\u0131 bertaraf ederek\u00a0 Suriye&#8217;nin egemenli\u011fi, toprak b\u00fct\u00fcnl\u00fc\u011f\u00fc ve istiklalini korumaya y\u00f6nelik \u00e7abalar\u0131n\u0131 s\u00fcrd\u00fcreceklerini vurgulad\u0131.<\/p>\n<p>Lavrov, Moskova&#8217;da yapt\u0131\u011f\u0131 konu\u015fmada Bat\u0131&#8217;n\u0131n hegemonyas\u0131n\u0131 peki\u015ftirmek i\u00e7in enerji ve g\u0131da piyasalar\u0131n\u0131 istikrars\u0131zla\u015ft\u0131rmaya ve \u00fclkelerin do\u011fal kaynaklar\u0131n\u0131 kontrol etmeye \u00e7al\u0131\u015ft\u0131\u011f\u0131n\u0131, ancak d\u00fcnyan\u0131n de\u011fi\u015fti\u011fini ve \u00e7ok kutuplulu\u011fa do\u011fru ilerledi\u011fini belirtti.<\/p>\n<p>Lavrov, NATO&#8217;nun hedeflerine ula\u015famad\u0131\u011f\u0131n\u0131 ve politikas\u0131n\u0131n sadece Rusya&#8217;ya kar\u015f\u0131 olmad\u0131\u011f\u0131n\u0131, di\u011fer bir\u00e7ok \u00fclkeye kar\u015f\u0131 da oldu\u011funu s\u00f6yledi.<\/p>\n<p>Lavrov, g\u00fcvenli\u011fin b\u00f6l\u00fcnmezli\u011fi ilkesinin di\u011fer \u00fclkelerin g\u00fcvenliklerinden taviz verilmemesi gerekti\u011fini belirtti\u011fine dikkat \u00e7ekti.<\/p>\n<p>Lavrov, &#8220;2008&#8217;de Avrupa g\u00fcvenli\u011fi konusunda bir anla\u015fma \u00f6nerdik ama reddedildi. Buna ra\u011fmen ge\u00e7en y\u0131l Br\u00fcksel ve Washington i\u00e7in iki g\u00fcvenlik garantisi belgesi \u00f6nerimizle giri\u015fimlerimizi s\u00fcrd\u00fcrd\u00fck ama bizi dinlemediler&#8221; dedi.<\/p>\n<p><a class=\"x1i10hfl xjbqb8w x6umtig x1b1mbwd xaqea5y xav7gou x9f619 x1ypdohk xt0psk2 xe8uvvx xdj266r x11i5rnm xat24cr x1mh8g0r xexx8yu x4uap5 x18d9i69 xkhd6sd x16tdsg8 x1hl2dhg xggy1nq x1a2a7pz xt0b8zv x1qq9wsj xo1l8bm\" tabindex=\"0\" role=\"link\" href=\"https:\/\/www.facebook.com\/hashtag\/telegram_kanal%C4%B1m%C4%B1z?__eep__=6&amp;__cft__[0]=AZVMADVQ6r4IcTAP7eYf3Hav0gj3XUjPXNldB4_DgkzC6z3W2EnmWZCN9yxBpMAbu20VnlahAmBkIfopMT1LyCilCAKslEXhAT1z-EVbCgeMqUUPdCIskqa_CIAAJo02H_AYeTOzEDuVJszT9P7PzVPG2AX0AF5i0-qdBxkbtUk8SL7F-Lz89qNrmk_o4zwxpP-lwyxiku_I4OPg9xEHvhd3&amp;__tn__=*NK-R\">#Telegram_Kanal\u0131m\u0131z<\/a>: <a class=\"x1i10hfl xjbqb8w x6umtig x1b1mbwd xaqea5y xav7gou x9f619 x1ypdohk xt0psk2 xe8uvvx xdj266r x11i5rnm xat24cr x1mh8g0r xexx8yu x4uap5 x18d9i69 xkhd6sd x16tdsg8 x1hl2dhg xggy1nq x1a2a7pz xt0b8zv x1fey0fg\" tabindex=\"0\" role=\"link\" href=\"https:\/\/t.me\/SuriyeArapHaberAjans%C4%B1\" target=\"_blank\" rel=\"nofollow noopener\">https:\/\/t.me\/SuriyeArapHaberAjans\u0131<\/a><\/p>\n","protected":false},"excerpt":{"rendered":"<p>MOSKOVA &#8211; Rusya D\u0131\u015fi\u015fleri Bakan\u0131 Sergey Lavrov, Amerika Birle\u015fik Devletleri kuvvetlerinin Suriye topraklar\u0131nda gayr\u0131 me\u015fru \u015fekilde bulunduklar\u0131n\u0131, bulunduklar\u0131 b\u00f6lgelerdeki ter\u00f6rist \u00f6rg\u00fctleri destekledi\u011fini belirterek, ayr\u0131l\u0131k\u00e7\u0131 herhangi bir ajandan\u0131n uygulanmas\u0131n\u0131 bertaraf ederek\u00a0 Suriye&#8217;nin egemenli\u011fi, toprak b\u00fct\u00fcnl\u00fc\u011f\u00fc ve istiklalini korumaya y\u00f6nelik \u00e7abalar\u0131n\u0131 s\u00fcrd\u00fcreceklerini vurgulad\u0131. Lavrov, Moskova&#8217;da yapt\u0131\u011f\u0131 konu\u015fmada Bat\u0131&#8217;n\u0131n hegemonyas\u0131n\u0131 peki\u015ftirmek i\u00e7in enerji ve g\u0131da piyasalar\u0131n\u0131 istikrars\u0131zla\u015ft\u0131rmaya ve &hellip;<\/p>\n","protected":false},"author":1,"featured_media":268662,"comment_status":"closed","ping_status":"closed","sticky":false,"template":"","format":"standard","meta":{"footnotes":""},"categories":[1],"tags":[],"class_list":["post-268661","post","type-post","status-publish","format-standard","has-post-thumbnail","","category-news-not-sorted"],"_links":{"self":[{"href":"https:\/\/archive.sana.sy\/tr\/index.php?rest_route=\/wp\/v2\/posts\/268661","targetHints":{"allow":["GET"]}}],"collection":[{"href":"https:\/\/archive.sana.sy\/tr\/index.php?rest_route=\/wp\/v2\/posts"}],"about":[{"href":"https:\/\/archive.sana.sy\/tr\/index.php?rest_route=\/wp\/v2\/types\/post"}],"author":[{"embeddable":true,"href":"https:\/\/archive.sana.sy\/tr\/index.php?rest_route=\/wp\/v2\/users\/1"}],"replies":[{"embeddable":true,"href":"https:\/\/archive.sana.sy\/tr\/index.php?rest_route=%2Fwp%2Fv2%2Fcomments&post=268661"}],"version-history":[{"count":0,"href":"https:\/\/archive.sana.sy\/tr\/index.php?rest_route=\/wp\/v2\/posts\/268661\/revisions"}],"wp:featuredmedia":[{"embeddable":true,"href":"https:\/\/archive.sana.sy\/tr\/index.php?rest_route=\/wp\/v2\/media\/268662"}],"wp:attachment":[{"href":"https:\/\/archive.sana.sy\/tr\/index.php?rest_route=%2Fwp%2Fv2%2Fmedia&parent=268661"}],"wp:term":[{"taxonomy":"category","embeddable":true,"href":"https:\/\/archive.sana.sy\/tr\/index.php?rest_route=%2Fwp%2Fv2%2Fcategories&post=268661"},{"taxonomy":"post_tag","embeddable":true,"href":"https:\/\/archive.sana.sy\/tr\/index.php?rest_route=%2Fwp%2Fv2%2Ftags&post=268661"}],"curies":[{"name":"wp","href":"https:\/\/api.w.org\/{rel}","templated":true}]}}