{"id":268665,"date":"2022-12-07T12:54:16","date_gmt":"2022-12-07T10:54:16","guid":{"rendered":"http:\/\/107.6.182.27\/tr\/?p=268665"},"modified":"2022-12-08T07:11:35","modified_gmt":"2022-12-08T05:11:35","slug":"turk-isgal-gucleri-haseke-kirsalindaki-ebu-rasyen-kasabasini-bombaladi","status":"publish","type":"post","link":"https:\/\/archive.sana.sy\/tr\/?p=268665","title":{"rendered":"T\u00fcrk \u0130\u015fgal G\u00fc\u00e7leri, Haseke K\u0131rsal\u0131ndaki Ebu Raseyn Kasabas\u0131n\u0131 Bombalad\u0131"},"content":{"rendered":"<p>HASEKE \u2013 T\u00fcrk i\u015fgal g\u00fc\u00e7leri, Haseke&#8217;nin kuzey k\u0131rsal\u0131ndaki Ebu Raseyn kasabas\u0131na y\u00f6nelik sald\u0131r\u0131s\u0131n\u0131 yenileyerek, halk\u0131n g\u00fcnl\u00fck ekmek ihtiyac\u0131n\u0131 kar\u015f\u0131layan f\u0131r\u0131n\u0131n y\u0131k\u0131lmas\u0131na yol a\u00e7t\u0131.<\/p>\n<p>Yerel kaynaklar SANA muhabirine, T\u00fcrk i\u015fgalinin Haseke&#8217;nin kuzey k\u0131rsal\u0131ndaki Ebu Raseyn kasabas\u0131n\u0131 top\u00e7u mermileriyle bombalamas\u0131 sonucu kasaban\u0131n g\u00fcneyinde bulunan ve b\u00f6lgedeki sivillere ekmek sa\u011flayan f\u0131r\u0131n\u0131n y\u0131k\u0131lmas\u0131na yol a\u00e7t\u0131\u011f\u0131n\u0131 belirtti.<\/p>\n<p><a class=\"x1i10hfl xjbqb8w x6umtig x1b1mbwd xaqea5y xav7gou x9f619 x1ypdohk xt0psk2 xe8uvvx xdj266r x11i5rnm xat24cr x1mh8g0r xexx8yu x4uap5 x18d9i69 xkhd6sd x16tdsg8 x1hl2dhg xggy1nq x1a2a7pz xt0b8zv x1qq9wsj xo1l8bm\" tabindex=\"0\" role=\"link\" href=\"https:\/\/www.facebook.com\/hashtag\/telegram_kanal%C4%B1m%C4%B1z?__eep__=6&amp;__cft__[0]=AZUWVAVtSfLy6PobFpN-j8BcKYIXyRBdIpMvt4sELUb1P552xDQnPbe5cMAnXYclFoQdqdZgMa_zpByMb-BmXX1EKIECixKiA70Mr7CJWaR7eN22Gcz89CnbOOw2nhdtK3s&amp;__tn__=*NK-R\">#Telegram_Kanal\u0131m\u0131z<\/a>: <a class=\"x1i10hfl xjbqb8w x6umtig x1b1mbwd xaqea5y xav7gou x9f619 x1ypdohk xt0psk2 xe8uvvx xdj266r x11i5rnm xat24cr x1mh8g0r xexx8yu x4uap5 x18d9i69 xkhd6sd x16tdsg8 x1hl2dhg xggy1nq x1a2a7pz xt0b8zv x1fey0fg\" tabindex=\"0\" role=\"link\" href=\"https:\/\/t.me\/SuriyeArapHaberAjans%C4%B1?fbclid=IwAR1OvDFI95fxT4qnHwGkqE6za_ubmmAAHUcMOxAcGY5xgYnqmBwzdMHetns\" target=\"_blank\" rel=\"nofollow noopener\">https:\/\/t.me\/SuriyeArapHaberAjans\u0131<\/a><\/p>\n","protected":false},"excerpt":{"rendered":"<p>HASEKE \u2013 T\u00fcrk i\u015fgal g\u00fc\u00e7leri, Haseke&#8217;nin kuzey k\u0131rsal\u0131ndaki Ebu Raseyn kasabas\u0131na y\u00f6nelik sald\u0131r\u0131s\u0131n\u0131 yenileyerek, halk\u0131n g\u00fcnl\u00fck ekmek ihtiyac\u0131n\u0131 kar\u015f\u0131layan f\u0131r\u0131n\u0131n y\u0131k\u0131lmas\u0131na yol a\u00e7t\u0131. Yerel kaynaklar SANA muhabirine, T\u00fcrk i\u015fgalinin Haseke&#8217;nin kuzey k\u0131rsal\u0131ndaki Ebu Raseyn kasabas\u0131n\u0131 top\u00e7u mermileriyle bombalamas\u0131 sonucu kasaban\u0131n g\u00fcneyinde bulunan ve b\u00f6lgedeki sivillere ekmek sa\u011flayan f\u0131r\u0131n\u0131n y\u0131k\u0131lmas\u0131na yol a\u00e7t\u0131\u011f\u0131n\u0131 belirtti. #Telegram_Kanal\u0131m\u0131z: https:\/\/t.me\/SuriyeArapHaberAjans\u0131<\/p>\n","protected":false},"author":39,"featured_media":268666,"comment_status":"closed","ping_status":"closed","sticky":false,"template":"","format":"standard","meta":{"footnotes":""},"categories":[479,575,17988,478],"tags":[],"class_list":["post-268665","post","type-post","status-publish","format-standard","has-post-thumbnail","","category-haberler-yerel","category-olaylar-ve-gercekler","category-son-haberler","category-yerel"],"_links":{"self":[{"href":"https:\/\/archive.sana.sy\/tr\/index.php?rest_route=\/wp\/v2\/posts\/268665","targetHints":{"allow":["GET"]}}],"collection":[{"href":"https:\/\/archive.sana.sy\/tr\/index.php?rest_route=\/wp\/v2\/posts"}],"about":[{"href":"https:\/\/archive.sana.sy\/tr\/index.php?rest_route=\/wp\/v2\/types\/post"}],"author":[{"embeddable":true,"href":"https:\/\/archive.sana.sy\/tr\/index.php?rest_route=\/wp\/v2\/users\/39"}],"replies":[{"embeddable":true,"href":"https:\/\/archive.sana.sy\/tr\/index.php?rest_route=%2Fwp%2Fv2%2Fcomments&post=268665"}],"version-history":[{"count":0,"href":"https:\/\/archive.sana.sy\/tr\/index.php?rest_route=\/wp\/v2\/posts\/268665\/revisions"}],"wp:featuredmedia":[{"embeddable":true,"href":"https:\/\/archive.sana.sy\/tr\/index.php?rest_route=\/wp\/v2\/media\/268666"}],"wp:attachment":[{"href":"https:\/\/archive.sana.sy\/tr\/index.php?rest_route=%2Fwp%2Fv2%2Fmedia&parent=268665"}],"wp:term":[{"taxonomy":"category","embeddable":true,"href":"https:\/\/archive.sana.sy\/tr\/index.php?rest_route=%2Fwp%2Fv2%2Fcategories&post=268665"},{"taxonomy":"post_tag","embeddable":true,"href":"https:\/\/archive.sana.sy\/tr\/index.php?rest_route=%2Fwp%2Fv2%2Ftags&post=268665"}],"curies":[{"name":"wp","href":"https:\/\/api.w.org\/{rel}","templated":true}]}}