{"id":268670,"date":"2022-12-07T14:02:37","date_gmt":"2022-12-07T12:02:37","guid":{"rendered":"http:\/\/107.6.182.27\/tr\/?p=268670"},"modified":"2022-12-08T07:11:52","modified_gmt":"2022-12-08T05:11:52","slug":"abu-dabi-uluslararasi-gida-fuarinda-dokuz-suriyeli-sirket","status":"publish","type":"post","link":"https:\/\/archive.sana.sy\/tr\/?p=268670","title":{"rendered":"Abu Dabi Uluslararas\u0131 G\u0131da Fuar\u0131&#8217;nda Dokuz Suriyeli \u015eirket"},"content":{"rendered":"<p>ABDU DAB\u0130 \u2013 Suriye, Abu Dabi Uluslararas\u0131 G\u0131da Fuar\u0131&#8217;n\u0131n ilk oturumuna, g\u0131da end\u00fcstrisi alan\u0131nda \u00f6nde gelen dokuz \u015firketin yer ald\u0131\u011f\u0131 Uluslararas\u0131 Sergiler ve Fuarlar Genel Kurumu \u00a0taraf\u0131ndan d\u00fczenlenen bir pavyon arac\u0131l\u0131\u011f\u0131yla kat\u0131l\u0131yor.<\/p>\n<p><img loading=\"lazy\" decoding=\"async\" class=\" wp-image-268672 alignright\" src=\"http:\/\/107.6.182.27\/tr\/wp-content\/uploads\/2022\/12\/photo_2022-12-07_12-51-38-300x169-1.jpg\" alt=\"\" width=\"257\" height=\"145\" srcset=\"https:\/\/archive.sana.sy\/tr\/wp-content\/uploads\/2022\/12\/photo_2022-12-07_12-51-38-300x169-1.jpg 300w, https:\/\/archive.sana.sy\/tr\/wp-content\/uploads\/2022\/12\/photo_2022-12-07_12-51-38-300x169-1-150x85.jpg 150w\" sizes=\"auto, (max-width: 257px) 100vw, 257px\" \/>Kurum M\u00fcd\u00fcr\u00fc Gassan Fakyani SANA muhabirine yapt\u0131\u011f\u0131 a\u00e7\u0131klamada, \u00a0fuar\u0131n Birle\u015fik Arap Emirlikleri&#8217;ndeki Abu Dabi Sergi Merkezi&#8217;nde d\u00fcn faaliyetlerine ba\u015flad\u0131\u011f\u0131n\u0131\u00a0 ve \u00a0Suriye pavyonun\u0131n 126 metrekarelik bir alana yay\u0131ld\u0131\u011f\u0131n\u0131 beleirterek, \u00e7e\u015fitli yerel \u00fcr\u00fcnleri srgileyecek dokuz Suriyeli \u015firketlerin kat\u0131l\u0131m\u0131yla ba\u015flayan fuara d\u00fcnyan\u0131n d\u00f6rt taraf\u0131ndan 41 \u00fclkeden uzmanla\u015fm\u0131\u015f 445 Arap ve yapanc\u0131 \u015fiket de kat\u0131lacakt\u0131r.<\/p>\n<p>Yar\u0131n faaliyetlerini tamamlayacak olan fuarda, g\u0131da g\u00fcvenli\u011fi, g\u0131da \u00fcretiminde yat\u0131r\u0131mlar ve inovasyon ile g\u0131da ve i\u00e7ecek alan\u0131nda sanayi olmak \u00fczere 3 ana eksende odaklanan bir dizi diyalog oturumu yer al\u0131yor.<\/p>\n<div id='gallery-1' class='gallery galleryid-268670 gallery-columns-3 gallery-size-full'><figure class='gallery-item'>\n\t\t\t<div class='gallery-icon landscape'>\n\t\t\t\t<a href='https:\/\/archive.sana.sy\/tr\/wp-content\/uploads\/2022\/12\/photo_2022-12-07_12-51-45.jpg'><img loading=\"lazy\" decoding=\"async\" width=\"660\" height=\"388\" src=\"https:\/\/archive.sana.sy\/tr\/wp-content\/uploads\/2022\/12\/photo_2022-12-07_12-51-45.jpg\" class=\"attachment-full size-full\" alt=\"\" srcset=\"https:\/\/archive.sana.sy\/tr\/wp-content\/uploads\/2022\/12\/photo_2022-12-07_12-51-45.jpg 660w, https:\/\/archive.sana.sy\/tr\/wp-content\/uploads\/2022\/12\/photo_2022-12-07_12-51-45-300x176.jpg 300w, https:\/\/archive.sana.sy\/tr\/wp-content\/uploads\/2022\/12\/photo_2022-12-07_12-51-45-150x88.jpg 150w\" sizes=\"auto, (max-width: 660px) 100vw, 660px\" \/><\/a>\n\t\t\t<\/div><\/figure><figure class='gallery-item'>\n\t\t\t<div class='gallery-icon landscape'>\n\t\t\t\t<a href='https:\/\/archive.sana.sy\/tr\/wp-content\/uploads\/2022\/12\/photo_2022-12-07_12-51-50.jpg'><img loading=\"lazy\" decoding=\"async\" width=\"660\" height=\"438\" src=\"https:\/\/archive.sana.sy\/tr\/wp-content\/uploads\/2022\/12\/photo_2022-12-07_12-51-50.jpg\" class=\"attachment-full size-full\" alt=\"\" srcset=\"https:\/\/archive.sana.sy\/tr\/wp-content\/uploads\/2022\/12\/photo_2022-12-07_12-51-50.jpg 660w, https:\/\/archive.sana.sy\/tr\/wp-content\/uploads\/2022\/12\/photo_2022-12-07_12-51-50-300x199.jpg 300w, https:\/\/archive.sana.sy\/tr\/wp-content\/uploads\/2022\/12\/photo_2022-12-07_12-51-50-150x100.jpg 150w, https:\/\/archive.sana.sy\/tr\/wp-content\/uploads\/2022\/12\/photo_2022-12-07_12-51-50-310x205.jpg 310w\" sizes=\"auto, (max-width: 660px) 100vw, 660px\" \/><\/a>\n\t\t\t<\/div><\/figure><figure class='gallery-item'>\n\t\t\t<div class='gallery-icon landscape'>\n\t\t\t\t<a href='https:\/\/archive.sana.sy\/tr\/wp-content\/uploads\/2022\/12\/photo_2022-12-07_12-51-58.jpg'><img loading=\"lazy\" decoding=\"async\" width=\"660\" height=\"455\" src=\"https:\/\/archive.sana.sy\/tr\/wp-content\/uploads\/2022\/12\/photo_2022-12-07_12-51-58.jpg\" class=\"attachment-full size-full\" alt=\"\" srcset=\"https:\/\/archive.sana.sy\/tr\/wp-content\/uploads\/2022\/12\/photo_2022-12-07_12-51-58.jpg 660w, https:\/\/archive.sana.sy\/tr\/wp-content\/uploads\/2022\/12\/photo_2022-12-07_12-51-58-300x207.jpg 300w, https:\/\/archive.sana.sy\/tr\/wp-content\/uploads\/2022\/12\/photo_2022-12-07_12-51-58-150x103.jpg 150w, https:\/\/archive.sana.sy\/tr\/wp-content\/uploads\/2022\/12\/photo_2022-12-07_12-51-58-110x75.jpg 110w\" sizes=\"auto, (max-width: 660px) 100vw, 660px\" \/><\/a>\n\t\t\t<\/div><\/figure>\n\t\t<\/div>\n\n<p><a class=\"x1i10hfl xjbqb8w x6umtig x1b1mbwd xaqea5y xav7gou x9f619 x1ypdohk xt0psk2 xe8uvvx xdj266r x11i5rnm xat24cr x1mh8g0r xexx8yu x4uap5 x18d9i69 xkhd6sd x16tdsg8 x1hl2dhg xggy1nq x1a2a7pz xt0b8zv x1qq9wsj xo1l8bm\" tabindex=\"0\" role=\"link\" href=\"https:\/\/www.facebook.com\/hashtag\/telegram_kanal%C4%B1m%C4%B1z?__eep__=6&amp;__cft__[0]=AZVMADVQ6r4IcTAP7eYf3Hav0gj3XUjPXNldB4_DgkzC6z3W2EnmWZCN9yxBpMAbu20VnlahAmBkIfopMT1LyCilCAKslEXhAT1z-EVbCgeMqUUPdCIskqa_CIAAJo02H_AYeTOzEDuVJszT9P7PzVPG2AX0AF5i0-qdBxkbtUk8SL7F-Lz89qNrmk_o4zwxpP-lwyxiku_I4OPg9xEHvhd3&amp;__tn__=*NK-R\">#Telegram_Kanal\u0131m\u0131z<\/a>:\u00a0<a class=\"x1i10hfl xjbqb8w x6umtig x1b1mbwd xaqea5y xav7gou x9f619 x1ypdohk xt0psk2 xe8uvvx xdj266r x11i5rnm xat24cr x1mh8g0r xexx8yu x4uap5 x18d9i69 xkhd6sd x16tdsg8 x1hl2dhg xggy1nq x1a2a7pz xt0b8zv x1fey0fg\" tabindex=\"0\" role=\"link\" href=\"https:\/\/t.me\/SuriyeArapHaberAjans%C4%B1\" target=\"_blank\" rel=\"nofollow noopener\">https:\/\/t.me\/SuriyeArapHaberAjans\u0131<\/a><\/p>\n","protected":false},"excerpt":{"rendered":"<p>ABDU DAB\u0130 \u2013 Suriye, Abu Dabi Uluslararas\u0131 G\u0131da Fuar\u0131&#8217;n\u0131n ilk oturumuna, g\u0131da end\u00fcstrisi alan\u0131nda \u00f6nde gelen dokuz \u015firketin yer ald\u0131\u011f\u0131 Uluslararas\u0131 Sergiler ve Fuarlar Genel Kurumu \u00a0taraf\u0131ndan d\u00fczenlenen bir pavyon arac\u0131l\u0131\u011f\u0131yla kat\u0131l\u0131yor. Kurum M\u00fcd\u00fcr\u00fc Gassan Fakyani SANA muhabirine yapt\u0131\u011f\u0131 a\u00e7\u0131klamada, \u00a0fuar\u0131n Birle\u015fik Arap Emirlikleri&#8217;ndeki Abu Dabi Sergi Merkezi&#8217;nde d\u00fcn faaliyetlerine ba\u015flad\u0131\u011f\u0131n\u0131\u00a0 ve \u00a0Suriye pavyonun\u0131n 126 &hellip;<\/p>\n","protected":false},"author":41,"featured_media":268671,"comment_status":"closed","ping_status":"closed","sticky":false,"template":"","format":"standard","meta":{"footnotes":""},"categories":[458,485,486,459,17988],"tags":[],"class_list":["post-268670","post","type-post","status-publish","format-standard","has-post-thumbnail","","category-dunya1","category-is-ve-sermaye","category-haberler-is-ve-sermaye","category-haberler-arap-uluslararasi-politika","category-son-haberler"],"_links":{"self":[{"href":"https:\/\/archive.sana.sy\/tr\/index.php?rest_route=\/wp\/v2\/posts\/268670","targetHints":{"allow":["GET"]}}],"collection":[{"href":"https:\/\/archive.sana.sy\/tr\/index.php?rest_route=\/wp\/v2\/posts"}],"about":[{"href":"https:\/\/archive.sana.sy\/tr\/index.php?rest_route=\/wp\/v2\/types\/post"}],"author":[{"embeddable":true,"href":"https:\/\/archive.sana.sy\/tr\/index.php?rest_route=\/wp\/v2\/users\/41"}],"replies":[{"embeddable":true,"href":"https:\/\/archive.sana.sy\/tr\/index.php?rest_route=%2Fwp%2Fv2%2Fcomments&post=268670"}],"version-history":[{"count":0,"href":"https:\/\/archive.sana.sy\/tr\/index.php?rest_route=\/wp\/v2\/posts\/268670\/revisions"}],"wp:featuredmedia":[{"embeddable":true,"href":"https:\/\/archive.sana.sy\/tr\/index.php?rest_route=\/wp\/v2\/media\/268671"}],"wp:attachment":[{"href":"https:\/\/archive.sana.sy\/tr\/index.php?rest_route=%2Fwp%2Fv2%2Fmedia&parent=268670"}],"wp:term":[{"taxonomy":"category","embeddable":true,"href":"https:\/\/archive.sana.sy\/tr\/index.php?rest_route=%2Fwp%2Fv2%2Fcategories&post=268670"},{"taxonomy":"post_tag","embeddable":true,"href":"https:\/\/archive.sana.sy\/tr\/index.php?rest_route=%2Fwp%2Fv2%2Ftags&post=268670"}],"curies":[{"name":"wp","href":"https:\/\/api.w.org\/{rel}","templated":true}]}}