{"id":268677,"date":"2022-12-07T14:16:00","date_gmt":"2022-12-07T12:16:00","guid":{"rendered":"http:\/\/107.6.182.27\/tr\/?p=268677"},"modified":"2022-12-09T08:11:47","modified_gmt":"2022-12-09T06:11:47","slug":"bakan-mikdad-pedersen-ile-bir-araya-geldi-ve-gorusme-suriye-ve-bolgedeki-duruma-iliskin-gelismeleri-ele-aldi","status":"publish","type":"post","link":"https:\/\/archive.sana.sy\/tr\/?p=268677","title":{"rendered":"Bakan Mikdad, Pedersen ile bir araya geldi ve G\u00f6r\u00fc\u015fme, Suriye Ve B\u00f6lgedeki Duruma \u0130li\u015fkin Geli\u015fmeleri Ele Ald\u0131"},"content":{"rendered":"<p><strong>\u015eAM<\/strong> &#8211; D\u0131\u015fi\u015fleri ve Gurbet\u00e7iler Bakan\u0131 Dr. Faisal\u00a0 Mikdad, bug\u00fcn Birle\u015fmi\u015f Milletler Genel Sekreterinin Suriye \u00d6zel Temsilcisi Geir Pedersen ve beraberindeki heyeti kabul etti. \u0130ki taraf, Suriye ve b\u00f6lgedeki duruma ili\u015fkin son geli\u015fmeleri masya yat\u0131rd\u0131.<\/p>\n<p>Pedersen, son d\u00f6nemde ger\u00e7ekle\u015ftirdi\u011fi gezi ve toplant\u0131lar\u0131n sonu\u00e7lar\u0131n\u0131 ve kendisine verilen g\u00f6rev \u00e7er\u00e7evesinde y\u00fcr\u00fctt\u00fc\u011f\u00fc \u00e7al\u0131\u015fmalar\u0131 anlatt\u0131.<\/p>\n<p><img loading=\"lazy\" decoding=\"async\" class=\"size-full wp-image-268678 alignright\" src=\"http:\/\/107.6.182.27\/tr\/wp-content\/uploads\/2022\/12\/WAS4893-copy-300x196-1.jpg\" alt=\"\" width=\"300\" height=\"196\" srcset=\"https:\/\/archive.sana.sy\/tr\/wp-content\/uploads\/2022\/12\/WAS4893-copy-300x196-1.jpg 300w, https:\/\/archive.sana.sy\/tr\/wp-content\/uploads\/2022\/12\/WAS4893-copy-300x196-1-150x98.jpg 150w\" sizes=\"auto, (max-width: 300px) 100vw, 300px\" \/>Bakan Mikdad ise, Bakan Mekdad, \u00f6zellikle ter\u00f6rizmin ve tek tarafl\u0131 zorlay\u0131c\u0131 yapt\u0131r\u0131mlar\u0131n ve Suriye egemenli\u011fi ve uluslararas\u0131 hukuku alenen ihlal ederek, Suriye topraklar\u0131nda devam eden yasad\u0131\u015f\u0131 Amerikan ve T\u00fcrk varl\u0131\u011f\u0131n\u0131n, Suriye ekonomisi ve Suriyelilerin ya\u015famlar\u0131 \u00fczerinde b\u0131rakt\u0131\u011f\u0131 olumsuz etkilerle temsil edilen, Suriye&#8217;nin kar\u015f\u0131 kar\u015f\u0131ya oldu\u011fu temel zorluklar\u0131 a\u00e7\u0131klad\u0131.<\/p>\n<p>G\u00f6r\u00fc\u015fmeye D\u0131\u015fi\u015fleri ve Gurbet\u00e7iler Bakan Yard\u0131mc\u0131s\u0131 Dr. Ayman Sosan, Bakanl\u0131k Ofisi M\u00fcd\u00fcr\u00fc Cemal Necib ve Bakanl\u0131ktan \u0130hab Hamed kat\u0131ld\u0131.<\/p>\n<p><a class=\"x1i10hfl xjbqb8w x6umtig x1b1mbwd xaqea5y xav7gou x9f619 x1ypdohk xt0psk2 xe8uvvx xdj266r x11i5rnm xat24cr x1mh8g0r xexx8yu x4uap5 x18d9i69 xkhd6sd x16tdsg8 x1hl2dhg xggy1nq x1a2a7pz xt0b8zv x1qq9wsj xo1l8bm\" tabindex=\"0\" role=\"link\" href=\"https:\/\/www.facebook.com\/hashtag\/telegram_kanal%C4%B1m%C4%B1z?__eep__=6&amp;__cft__[0]=AZVMADVQ6r4IcTAP7eYf3Hav0gj3XUjPXNldB4_DgkzC6z3W2EnmWZCN9yxBpMAbu20VnlahAmBkIfopMT1LyCilCAKslEXhAT1z-EVbCgeMqUUPdCIskqa_CIAAJo02H_AYeTOzEDuVJszT9P7PzVPG2AX0AF5i0-qdBxkbtUk8SL7F-Lz89qNrmk_o4zwxpP-lwyxiku_I4OPg9xEHvhd3&amp;__tn__=*NK-R\">#Telegram_Kanal\u0131m\u0131z<\/a>:\u00a0<a class=\"x1i10hfl xjbqb8w x6umtig x1b1mbwd xaqea5y xav7gou x9f619 x1ypdohk xt0psk2 xe8uvvx xdj266r x11i5rnm xat24cr x1mh8g0r xexx8yu x4uap5 x18d9i69 xkhd6sd x16tdsg8 x1hl2dhg xggy1nq x1a2a7pz xt0b8zv x1fey0fg\" tabindex=\"0\" role=\"link\" href=\"https:\/\/t.me\/SuriyeArapHaberAjans%C4%B1\" target=\"_blank\" rel=\"nofollow noopener\">https:\/\/t.me\/SuriyeArapHaberAjans\u0131<\/a><\/p>\n","protected":false},"excerpt":{"rendered":"<p>\u015eAM &#8211; D\u0131\u015fi\u015fleri ve Gurbet\u00e7iler Bakan\u0131 Dr. Faisal\u00a0 Mikdad, bug\u00fcn Birle\u015fmi\u015f Milletler Genel Sekreterinin Suriye \u00d6zel Temsilcisi Geir Pedersen ve beraberindeki heyeti kabul etti. \u0130ki taraf, Suriye ve b\u00f6lgedeki duruma ili\u015fkin son geli\u015fmeleri masya yat\u0131rd\u0131. Pedersen, son d\u00f6nemde ger\u00e7ekle\u015ftirdi\u011fi gezi ve toplant\u0131lar\u0131n sonu\u00e7lar\u0131n\u0131 ve kendisine verilen g\u00f6rev \u00e7er\u00e7evesinde y\u00fcr\u00fctt\u00fc\u011f\u00fc \u00e7al\u0131\u015fmalar\u0131 anlatt\u0131. Bakan Mikdad ise, Bakan &hellip;<\/p>\n","protected":false},"author":41,"featured_media":268648,"comment_status":"closed","ping_status":"closed","sticky":false,"template":"","format":"standard","meta":{"footnotes":""},"categories":[479,17988,478],"tags":[],"class_list":["post-268677","post","type-post","status-publish","format-standard","has-post-thumbnail","","category-haberler-yerel","category-son-haberler","category-yerel"],"_links":{"self":[{"href":"https:\/\/archive.sana.sy\/tr\/index.php?rest_route=\/wp\/v2\/posts\/268677","targetHints":{"allow":["GET"]}}],"collection":[{"href":"https:\/\/archive.sana.sy\/tr\/index.php?rest_route=\/wp\/v2\/posts"}],"about":[{"href":"https:\/\/archive.sana.sy\/tr\/index.php?rest_route=\/wp\/v2\/types\/post"}],"author":[{"embeddable":true,"href":"https:\/\/archive.sana.sy\/tr\/index.php?rest_route=\/wp\/v2\/users\/41"}],"replies":[{"embeddable":true,"href":"https:\/\/archive.sana.sy\/tr\/index.php?rest_route=%2Fwp%2Fv2%2Fcomments&post=268677"}],"version-history":[{"count":0,"href":"https:\/\/archive.sana.sy\/tr\/index.php?rest_route=\/wp\/v2\/posts\/268677\/revisions"}],"wp:featuredmedia":[{"embeddable":true,"href":"https:\/\/archive.sana.sy\/tr\/index.php?rest_route=\/wp\/v2\/media\/268648"}],"wp:attachment":[{"href":"https:\/\/archive.sana.sy\/tr\/index.php?rest_route=%2Fwp%2Fv2%2Fmedia&parent=268677"}],"wp:term":[{"taxonomy":"category","embeddable":true,"href":"https:\/\/archive.sana.sy\/tr\/index.php?rest_route=%2Fwp%2Fv2%2Fcategories&post=268677"},{"taxonomy":"post_tag","embeddable":true,"href":"https:\/\/archive.sana.sy\/tr\/index.php?rest_route=%2Fwp%2Fv2%2Ftags&post=268677"}],"curies":[{"name":"wp","href":"https:\/\/api.w.org\/{rel}","templated":true}]}}