{"id":268694,"date":"2022-12-07T12:00:05","date_gmt":"2022-12-07T10:00:05","guid":{"rendered":"http:\/\/107.6.182.27\/tr\/?p=268694"},"modified":"2022-12-08T07:11:30","modified_gmt":"2022-12-08T05:11:30","slug":"rusya-disisleri-bakanligi-acil-konular-ve-ikili-isbirligi-konusunda-rusya-cin-gorusmeleri","status":"publish","type":"post","link":"https:\/\/archive.sana.sy\/tr\/?p=268694","title":{"rendered":"Rusya D\u0131\u015fi\u015fleri Bakanl\u0131\u011f\u0131: Acil Konular Ve ikili \u0130\u015fbirli\u011fi Konusunda Rusya-\u00c7in G\u00f6r\u00fc\u015fmeleri"},"content":{"rendered":"<p><strong>MOSKOVA<\/strong> \u2013 Rusya D\u0131\u015fi\u015fleri Bakan Yard\u0131mc\u0131s\u0131 Oleg Syromolotov ve \u00c7in Halk Cumhuriyeti&#8217;nin Rusya Tam Yetkili ve Ola\u011fan\u00fcst\u00fc B\u00fcy\u00fckel\u00e7isi Zhang Hanhui bug\u00fcn ba\u015fta Birle\u015fmi\u015f Milletler olmak \u00fczere uluslararas\u0131 platformlardaki \u00e7abalar\u0131n koordinasyonu da dahil olmak \u00fczere acil konular hakk\u0131nda g\u00f6r\u00fc\u015f al\u0131\u015fveri\u015finde bulundular.<\/p>\n<p>Rusya D\u0131\u015fi\u015fleri Bakanl\u0131\u011f\u0131 bug\u00fcn yapt\u0131\u011f\u0131 a\u00e7\u0131klamada: \u2018\u2019G\u00f6r\u00fc\u015fmelerde uluslararas\u0131 bilgi g\u00fcvenli\u011fi ve ter\u00f6rle m\u00fccadele alanlar\u0131nda Rusya-\u00c7in i\u015fbirli\u011finde olumlu geli\u015fmeler kaydedildi. \u00a0Daha yap\u0131c\u0131 diyalog ve ortak \u00e7abalara duyulan ihtiya\u00e7 da vurguland\u0131.\u2019\u2019 dedi.<\/p>\n<p>Bakanl\u0131k ayr\u0131ca, \u0130ki taraf, ba\u015fta devletlerin egemen e\u015fitli\u011fi olmak \u00fczere Birle\u015fmi\u015f Milletler Antla\u015fmas\u0131 ilkeleri temelinde ve en \u00fcst d\u00fczeyde Rusya-\u00c7in anla\u015fmalar\u0131nda yer alan stratejik ortakl\u0131k ruhuna uygun olarak ikili i\u015fbirli\u011fini daha da g\u00fc\u00e7lendirme kararl\u0131l\u0131\u011f\u0131n\u0131 ifade etti.<\/p>\n<p><a class=\"x1i10hfl xjbqb8w x6umtig x1b1mbwd xaqea5y xav7gou x9f619 x1ypdohk xt0psk2 xe8uvvx xdj266r x11i5rnm xat24cr x1mh8g0r xexx8yu x4uap5 x18d9i69 xkhd6sd x16tdsg8 x1hl2dhg xggy1nq x1a2a7pz xt0b8zv x1qq9wsj xo1l8bm\" tabindex=\"0\" role=\"link\" href=\"https:\/\/www.facebook.com\/hashtag\/telegram_kanal%C4%B1m%C4%B1z?__eep__=6&amp;__cft__[0]=AZVMADVQ6r4IcTAP7eYf3Hav0gj3XUjPXNldB4_DgkzC6z3W2EnmWZCN9yxBpMAbu20VnlahAmBkIfopMT1LyCilCAKslEXhAT1z-EVbCgeMqUUPdCIskqa_CIAAJo02H_AYeTOzEDuVJszT9P7PzVPG2AX0AF5i0-qdBxkbtUk8SL7F-Lz89qNrmk_o4zwxpP-lwyxiku_I4OPg9xEHvhd3&amp;__tn__=*NK-R\">#Telegram_Kanal\u0131m\u0131z<\/a>:\u00a0<a class=\"x1i10hfl xjbqb8w x6umtig x1b1mbwd xaqea5y xav7gou x9f619 x1ypdohk xt0psk2 xe8uvvx xdj266r x11i5rnm xat24cr x1mh8g0r xexx8yu x4uap5 x18d9i69 xkhd6sd x16tdsg8 x1hl2dhg xggy1nq x1a2a7pz xt0b8zv x1fey0fg\" tabindex=\"0\" role=\"link\" href=\"https:\/\/t.me\/SuriyeArapHaberAjans%C4%B1\" target=\"_blank\" rel=\"nofollow noopener\">https:\/\/t.me\/SuriyeArapHaberAjans\u0131<\/a><\/p>\n","protected":false},"excerpt":{"rendered":"<p>MOSKOVA \u2013 Rusya D\u0131\u015fi\u015fleri Bakan Yard\u0131mc\u0131s\u0131 Oleg Syromolotov ve \u00c7in Halk Cumhuriyeti&#8217;nin Rusya Tam Yetkili ve Ola\u011fan\u00fcst\u00fc B\u00fcy\u00fckel\u00e7isi Zhang Hanhui bug\u00fcn ba\u015fta Birle\u015fmi\u015f Milletler olmak \u00fczere uluslararas\u0131 platformlardaki \u00e7abalar\u0131n koordinasyonu da dahil olmak \u00fczere acil konular hakk\u0131nda g\u00f6r\u00fc\u015f al\u0131\u015fveri\u015finde bulundular. Rusya D\u0131\u015fi\u015fleri Bakanl\u0131\u011f\u0131 bug\u00fcn yapt\u0131\u011f\u0131 a\u00e7\u0131klamada: \u2018\u2019G\u00f6r\u00fc\u015fmelerde uluslararas\u0131 bilgi g\u00fcvenli\u011fi ve ter\u00f6rle m\u00fccadele alanlar\u0131nda Rusya-\u00c7in &hellip;<\/p>\n","protected":false},"author":41,"featured_media":268695,"comment_status":"closed","ping_status":"closed","sticky":false,"template":"","format":"standard","meta":{"footnotes":""},"categories":[458,459,17988],"tags":[],"class_list":["post-268694","post","type-post","status-publish","format-standard","has-post-thumbnail","","category-dunya1","category-haberler-arap-uluslararasi-politika","category-son-haberler"],"_links":{"self":[{"href":"https:\/\/archive.sana.sy\/tr\/index.php?rest_route=\/wp\/v2\/posts\/268694","targetHints":{"allow":["GET"]}}],"collection":[{"href":"https:\/\/archive.sana.sy\/tr\/index.php?rest_route=\/wp\/v2\/posts"}],"about":[{"href":"https:\/\/archive.sana.sy\/tr\/index.php?rest_route=\/wp\/v2\/types\/post"}],"author":[{"embeddable":true,"href":"https:\/\/archive.sana.sy\/tr\/index.php?rest_route=\/wp\/v2\/users\/41"}],"replies":[{"embeddable":true,"href":"https:\/\/archive.sana.sy\/tr\/index.php?rest_route=%2Fwp%2Fv2%2Fcomments&post=268694"}],"version-history":[{"count":0,"href":"https:\/\/archive.sana.sy\/tr\/index.php?rest_route=\/wp\/v2\/posts\/268694\/revisions"}],"wp:featuredmedia":[{"embeddable":true,"href":"https:\/\/archive.sana.sy\/tr\/index.php?rest_route=\/wp\/v2\/media\/268695"}],"wp:attachment":[{"href":"https:\/\/archive.sana.sy\/tr\/index.php?rest_route=%2Fwp%2Fv2%2Fmedia&parent=268694"}],"wp:term":[{"taxonomy":"category","embeddable":true,"href":"https:\/\/archive.sana.sy\/tr\/index.php?rest_route=%2Fwp%2Fv2%2Fcategories&post=268694"},{"taxonomy":"post_tag","embeddable":true,"href":"https:\/\/archive.sana.sy\/tr\/index.php?rest_route=%2Fwp%2Fv2%2Ftags&post=268694"}],"curies":[{"name":"wp","href":"https:\/\/api.w.org\/{rel}","templated":true}]}}