{"id":268715,"date":"2022-12-07T16:47:10","date_gmt":"2022-12-07T14:47:10","guid":{"rendered":"http:\/\/107.6.182.27\/tr\/?p=268715"},"modified":"2022-12-08T07:12:15","modified_gmt":"2022-12-08T05:12:15","slug":"el-gab-ocasinda-9435-hektar-bugday-ve-863-hektar-seker-pancari-ekildi","status":"publish","type":"post","link":"https:\/\/archive.sana.sy\/tr\/?p=268715","title":{"rendered":"El Gab Ovas\u0131nda \u00a09435 Hektar Bu\u011fday Ve 863 Hektar \u015eeker Pancar\u0131 Ekildi"},"content":{"rendered":"<p>HAMA &#8211; El Gab \u00a0b\u00f6lgesinde, 61.534 hektarl\u0131k toplam planl\u0131 alanlardan\u00a0 9435 hektar bu\u011fdayla ekildi.<\/p>\n<p>Orman Y\u00f6netimi ve Geli\u015ftirme Genel Kurumu Genel M\u00fcd\u00fcr\u00fc Auva Vessuf, SANA&#8217;ya yapt\u0131\u011f\u0131 a\u00e7\u0131klamada, son d\u00f6nemde ya\u011fan ya\u011fmurlar\u0131n \u00e7ift\u00e7ilerin topraklar\u0131n\u0131 ekip bi\u00e7melerine ve ekime haz\u0131rlamalar\u0131na yard\u0131mc\u0131 oldu\u011fu i\u00e7in tar\u0131msal faaliyetlerin devam ettti\u011fini belirterek, Bu\u011fday tohumlar\u0131n\u0131n bankalarda ve ziraat birliklerinde bulundu\u011funa i\u015faret ett.<\/p>\n<p>Vessuf ayr\u0131ca, planlanan toplam 1.392 hektarl\u0131k plan\u0131n 863 hektar\u0131nda \u015feker pancar\u0131 mahsul\u00fcn\u00fcn ekildi\u011fini ve y\u00fczde 61&#8217;lik uygulama oran\u0131 elde edildi\u011fini a\u00e7\u0131klad\u0131.<\/p>\n<p><a class=\"x1i10hfl xjbqb8w x6umtig x1b1mbwd xaqea5y xav7gou x9f619 x1ypdohk xt0psk2 xe8uvvx xdj266r x11i5rnm xat24cr x1mh8g0r xexx8yu x4uap5 x18d9i69 xkhd6sd x16tdsg8 x1hl2dhg xggy1nq x1a2a7pz xt0b8zv x1qq9wsj xo1l8bm\" tabindex=\"0\" role=\"link\" href=\"https:\/\/www.facebook.com\/hashtag\/telegram_kanal%C4%B1m%C4%B1z?__eep__=6&amp;__cft__[0]=AZVMADVQ6r4IcTAP7eYf3Hav0gj3XUjPXNldB4_DgkzC6z3W2EnmWZCN9yxBpMAbu20VnlahAmBkIfopMT1LyCilCAKslEXhAT1z-EVbCgeMqUUPdCIskqa_CIAAJo02H_AYeTOzEDuVJszT9P7PzVPG2AX0AF5i0-qdBxkbtUk8SL7F-Lz89qNrmk_o4zwxpP-lwyxiku_I4OPg9xEHvhd3&amp;__tn__=*NK-R\">#Telegram_Kanal\u0131m\u0131z<\/a>:\u00a0<a class=\"x1i10hfl xjbqb8w x6umtig x1b1mbwd xaqea5y xav7gou x9f619 x1ypdohk xt0psk2 xe8uvvx xdj266r x11i5rnm xat24cr x1mh8g0r xexx8yu x4uap5 x18d9i69 xkhd6sd x16tdsg8 x1hl2dhg xggy1nq x1a2a7pz xt0b8zv x1fey0fg\" tabindex=\"0\" role=\"link\" href=\"https:\/\/t.me\/SuriyeArapHaberAjans%C4%B1\" target=\"_blank\" rel=\"nofollow noopener\">https:\/\/t.me\/SuriyeArapHaberAjans\u0131<\/a><\/p>\n","protected":false},"excerpt":{"rendered":"<p>HAMA &#8211; El Gab \u00a0b\u00f6lgesinde, 61.534 hektarl\u0131k toplam planl\u0131 alanlardan\u00a0 9435 hektar bu\u011fdayla ekildi. Orman Y\u00f6netimi ve Geli\u015ftirme Genel Kurumu Genel M\u00fcd\u00fcr\u00fc Auva Vessuf, SANA&#8217;ya yapt\u0131\u011f\u0131 a\u00e7\u0131klamada, son d\u00f6nemde ya\u011fan ya\u011fmurlar\u0131n \u00e7ift\u00e7ilerin topraklar\u0131n\u0131 ekip bi\u00e7melerine ve ekime haz\u0131rlamalar\u0131na yard\u0131mc\u0131 oldu\u011fu i\u00e7in tar\u0131msal faaliyetlerin devam ettti\u011fini belirterek, Bu\u011fday tohumlar\u0131n\u0131n bankalarda ve ziraat birliklerinde bulundu\u011funa i\u015faret ett. &hellip;<\/p>\n","protected":false},"author":41,"featured_media":268717,"comment_status":"closed","ping_status":"closed","sticky":false,"template":"","format":"standard","meta":{"footnotes":""},"categories":[485,486,479,478],"tags":[],"class_list":["post-268715","post","type-post","status-publish","format-standard","has-post-thumbnail","","category-is-ve-sermaye","category-haberler-is-ve-sermaye","category-haberler-yerel","category-yerel"],"_links":{"self":[{"href":"https:\/\/archive.sana.sy\/tr\/index.php?rest_route=\/wp\/v2\/posts\/268715","targetHints":{"allow":["GET"]}}],"collection":[{"href":"https:\/\/archive.sana.sy\/tr\/index.php?rest_route=\/wp\/v2\/posts"}],"about":[{"href":"https:\/\/archive.sana.sy\/tr\/index.php?rest_route=\/wp\/v2\/types\/post"}],"author":[{"embeddable":true,"href":"https:\/\/archive.sana.sy\/tr\/index.php?rest_route=\/wp\/v2\/users\/41"}],"replies":[{"embeddable":true,"href":"https:\/\/archive.sana.sy\/tr\/index.php?rest_route=%2Fwp%2Fv2%2Fcomments&post=268715"}],"version-history":[{"count":0,"href":"https:\/\/archive.sana.sy\/tr\/index.php?rest_route=\/wp\/v2\/posts\/268715\/revisions"}],"wp:featuredmedia":[{"embeddable":true,"href":"https:\/\/archive.sana.sy\/tr\/index.php?rest_route=\/wp\/v2\/media\/268717"}],"wp:attachment":[{"href":"https:\/\/archive.sana.sy\/tr\/index.php?rest_route=%2Fwp%2Fv2%2Fmedia&parent=268715"}],"wp:term":[{"taxonomy":"category","embeddable":true,"href":"https:\/\/archive.sana.sy\/tr\/index.php?rest_route=%2Fwp%2Fv2%2Fcategories&post=268715"},{"taxonomy":"post_tag","embeddable":true,"href":"https:\/\/archive.sana.sy\/tr\/index.php?rest_route=%2Fwp%2Fv2%2Ftags&post=268715"}],"curies":[{"name":"wp","href":"https:\/\/api.w.org\/{rel}","templated":true}]}}