{"id":268724,"date":"2022-12-07T14:00:26","date_gmt":"2022-12-07T12:00:26","guid":{"rendered":"http:\/\/107.6.182.27\/tr\/?p=268724"},"modified":"2022-12-08T07:11:39","modified_gmt":"2022-12-08T05:11:39","slug":"putin-batinin-donbassta-sivillerin-bombalanmasi-konusundaki-sessizligi-korkunc-ve-cikarlarimizi-her-sekilde-savunacagiz","status":"publish","type":"post","link":"https:\/\/archive.sana.sy\/tr\/?p=268724","title":{"rendered":"Putin: Bat\u0131&#8217;n\u0131n Donbass&#8217;ta Sivillerin Bombalanmasi Konusundaki Sessizli\u011fi Korkun\u00e7 Ve \u00c7\u0131karlar\u0131m\u0131z\u0131 Her \u015eekilde Savunaca\u011f\u0131z"},"content":{"rendered":"<p>MOSKOVA &#8211; Rusya Devlet Ba\u015fkan\u0131 Vladimir Putin, Kiev rejiminin Donbass&#8217;ta sivilleri bombalamas\u0131na Bat\u0131&#8217;n\u0131n sessiz kalmas\u0131n\u0131 korkun\u00e7 olarak nitelendirerek, Bat\u0131l\u0131 \u00fclkelerin ve uluslararas\u0131 insan haklar\u0131 \u00f6rg\u00fctlerinin bundan haberdar olamayacaklar\u0131n\u0131 vurgulad\u0131.<\/p>\n<p>Novosti ajans\u0131, Putin&#8217;in bug\u00fcn \u0130nsan Haklar\u0131 Konseyi \u00fcyeleriyle yapt\u0131\u011f\u0131 toplant\u0131da\u2019\u2019 Donbass&#8217;\u0131n yerle\u015fim b\u00f6lgelerine do\u011frudan sald\u0131r\u0131lar yap\u0131l\u0131yor ve herkes olan bitenden habersiz olamaz.. Sanki hi\u00e7bir \u015fey olmuyormu\u015f gibi herkes sessiz ve bu korkun\u00e7.\u2019\u2019\u00a0 ifadelerini aktard\u0131.<\/p>\n<p>Putin ayr\u0131ca, uluslararas\u0131 insan haklar\u0131 doktrininin Bat\u0131&#8217;n\u0131n ideolojik, siyasi, mali ve ekonomik hakimiyetini hakl\u0131 \u00e7\u0131karmak ve devletlerin egemenli\u011fini yok etmek i\u00e7in kullan\u0131ld\u0131\u011f\u0131n\u0131 ve Bat\u0131 i\u00e7in insan\u0131n hi\u00e7bir \u00f6neminin olmad\u0131\u011f\u0131n\u0131 vurgulad\u0131.<\/p>\n<p>Putin, Rusya&#8217;n\u0131n ulusal \u00e7\u0131karlar\u0131 i\u00e7in sava\u015fmaya devam edece\u011fini ve bunu \u00f6nce \u00e7e\u015fitli bar\u0131\u015f\u00e7\u0131l yollarla, ba\u015far\u0131l\u0131 olmazsa da m\u00fcmk\u00fcn olan t\u00fcm yollarla yapaca\u011f\u0131n\u0131 da \u00a0vurgulad\u0131.<\/p>\n<p><a class=\"x1i10hfl xjbqb8w x6umtig x1b1mbwd xaqea5y xav7gou x9f619 x1ypdohk xt0psk2 xe8uvvx xdj266r x11i5rnm xat24cr x1mh8g0r xexx8yu x4uap5 x18d9i69 xkhd6sd x16tdsg8 x1hl2dhg xggy1nq x1a2a7pz xt0b8zv x1qq9wsj xo1l8bm\" tabindex=\"0\" role=\"link\" href=\"https:\/\/www.facebook.com\/hashtag\/telegram_kanal%C4%B1m%C4%B1z?__eep__=6&amp;__cft__[0]=AZVMADVQ6r4IcTAP7eYf3Hav0gj3XUjPXNldB4_DgkzC6z3W2EnmWZCN9yxBpMAbu20VnlahAmBkIfopMT1LyCilCAKslEXhAT1z-EVbCgeMqUUPdCIskqa_CIAAJo02H_AYeTOzEDuVJszT9P7PzVPG2AX0AF5i0-qdBxkbtUk8SL7F-Lz89qNrmk_o4zwxpP-lwyxiku_I4OPg9xEHvhd3&amp;__tn__=*NK-R\">#Telegram_Kanal\u0131m\u0131z<\/a>:\u00a0<a class=\"x1i10hfl xjbqb8w x6umtig x1b1mbwd xaqea5y xav7gou x9f619 x1ypdohk xt0psk2 xe8uvvx xdj266r x11i5rnm xat24cr x1mh8g0r xexx8yu x4uap5 x18d9i69 xkhd6sd x16tdsg8 x1hl2dhg xggy1nq x1a2a7pz xt0b8zv x1fey0fg\" tabindex=\"0\" role=\"link\" href=\"https:\/\/t.me\/SuriyeArapHaberAjans%C4%B1\" target=\"_blank\" rel=\"nofollow noopener\">https:\/\/t.me\/SuriyeArapHaberAjans\u0131<\/a><\/p>\n","protected":false},"excerpt":{"rendered":"<p>MOSKOVA &#8211; Rusya Devlet Ba\u015fkan\u0131 Vladimir Putin, Kiev rejiminin Donbass&#8217;ta sivilleri bombalamas\u0131na Bat\u0131&#8217;n\u0131n sessiz kalmas\u0131n\u0131 korkun\u00e7 olarak nitelendirerek, Bat\u0131l\u0131 \u00fclkelerin ve uluslararas\u0131 insan haklar\u0131 \u00f6rg\u00fctlerinin bundan haberdar olamayacaklar\u0131n\u0131 vurgulad\u0131. Novosti ajans\u0131, Putin&#8217;in bug\u00fcn \u0130nsan Haklar\u0131 Konseyi \u00fcyeleriyle yapt\u0131\u011f\u0131 toplant\u0131da\u2019\u2019 Donbass&#8217;\u0131n yerle\u015fim b\u00f6lgelerine do\u011frudan sald\u0131r\u0131lar yap\u0131l\u0131yor ve herkes olan bitenden habersiz olamaz.. Sanki hi\u00e7bir \u015fey olmuyormu\u015f &hellip;<\/p>\n","protected":false},"author":41,"featured_media":268725,"comment_status":"closed","ping_status":"closed","sticky":false,"template":"","format":"standard","meta":{"footnotes":""},"categories":[458,459,17988],"tags":[],"class_list":["post-268724","post","type-post","status-publish","format-standard","has-post-thumbnail","","category-dunya1","category-haberler-arap-uluslararasi-politika","category-son-haberler"],"_links":{"self":[{"href":"https:\/\/archive.sana.sy\/tr\/index.php?rest_route=\/wp\/v2\/posts\/268724","targetHints":{"allow":["GET"]}}],"collection":[{"href":"https:\/\/archive.sana.sy\/tr\/index.php?rest_route=\/wp\/v2\/posts"}],"about":[{"href":"https:\/\/archive.sana.sy\/tr\/index.php?rest_route=\/wp\/v2\/types\/post"}],"author":[{"embeddable":true,"href":"https:\/\/archive.sana.sy\/tr\/index.php?rest_route=\/wp\/v2\/users\/41"}],"replies":[{"embeddable":true,"href":"https:\/\/archive.sana.sy\/tr\/index.php?rest_route=%2Fwp%2Fv2%2Fcomments&post=268724"}],"version-history":[{"count":0,"href":"https:\/\/archive.sana.sy\/tr\/index.php?rest_route=\/wp\/v2\/posts\/268724\/revisions"}],"wp:featuredmedia":[{"embeddable":true,"href":"https:\/\/archive.sana.sy\/tr\/index.php?rest_route=\/wp\/v2\/media\/268725"}],"wp:attachment":[{"href":"https:\/\/archive.sana.sy\/tr\/index.php?rest_route=%2Fwp%2Fv2%2Fmedia&parent=268724"}],"wp:term":[{"taxonomy":"category","embeddable":true,"href":"https:\/\/archive.sana.sy\/tr\/index.php?rest_route=%2Fwp%2Fv2%2Fcategories&post=268724"},{"taxonomy":"post_tag","embeddable":true,"href":"https:\/\/archive.sana.sy\/tr\/index.php?rest_route=%2Fwp%2Fv2%2Ftags&post=268724"}],"curies":[{"name":"wp","href":"https:\/\/api.w.org\/{rel}","templated":true}]}}