{"id":268727,"date":"2022-12-07T17:52:30","date_gmt":"2022-12-07T15:52:30","guid":{"rendered":"http:\/\/107.6.182.27\/tr\/?p=268727"},"modified":"2022-12-09T08:12:01","modified_gmt":"2022-12-09T06:12:01","slug":"umman-basbakan-yardimcisi-buyukelci-mayya-ile-ikili-iliskileri-ve-bunlari-gelistirmenin-yollarini-gorusuyor","status":"publish","type":"post","link":"https:\/\/archive.sana.sy\/tr\/?p=268727","title":{"rendered":"Umman Ba\u015fbakan Yard\u0131mc\u0131s\u0131, B\u00fcy\u00fckel\u00e7i Meyya \u0130le \u0130kili \u0130li\u015fkileri Ve Bunlar\u0131 Geli\u015ftirmenin Yollar\u0131n\u0131 G\u00f6r\u00fc\u015f\u00fcyor"},"content":{"rendered":"<p><strong>MASKAT<\/strong> &#8211; Umman Savunma \u0130\u015flerinden Sorumlu Ba\u015fbakan Yard\u0131mc\u0131s\u0131 \u015eihab Bin Tar\u0131k Bin Teymur \u00a0El Seyid, Suriye&#8217;nin Umman Sultanl\u0131\u011f\u0131 B\u00fcy\u00fckel\u00e7isi \u00a0\u0130dris Meyya ile iki karde\u015f \u00fclke aras\u0131ndaki mevcut ikili ili\u015fkileri geli\u015ftirmenin yollar\u0131n\u0131 g\u00f6zden ge\u00e7irdi.<\/p>\n<p>G\u00f6r\u00fc\u015fmede ortak \u00e7\u0131karlar\u0131 ilgilendiren bir dizi konu da ele al\u0131nd\u0131.<\/p>\n<p><a class=\"x1i10hfl xjbqb8w x6umtig x1b1mbwd xaqea5y xav7gou x9f619 x1ypdohk xt0psk2 xe8uvvx xdj266r x11i5rnm xat24cr x1mh8g0r xexx8yu x4uap5 x18d9i69 xkhd6sd x16tdsg8 x1hl2dhg xggy1nq x1a2a7pz xt0b8zv x1qq9wsj xo1l8bm\" tabindex=\"0\" role=\"link\" href=\"https:\/\/www.facebook.com\/hashtag\/telegram_kanal%C4%B1m%C4%B1z?__eep__=6&amp;__cft__[0]=AZVMADVQ6r4IcTAP7eYf3Hav0gj3XUjPXNldB4_DgkzC6z3W2EnmWZCN9yxBpMAbu20VnlahAmBkIfopMT1LyCilCAKslEXhAT1z-EVbCgeMqUUPdCIskqa_CIAAJo02H_AYeTOzEDuVJszT9P7PzVPG2AX0AF5i0-qdBxkbtUk8SL7F-Lz89qNrmk_o4zwxpP-lwyxiku_I4OPg9xEHvhd3&amp;__tn__=*NK-R\">#Telegram_Kanal\u0131m\u0131z<\/a>:\u00a0<a class=\"x1i10hfl xjbqb8w x6umtig x1b1mbwd xaqea5y xav7gou x9f619 x1ypdohk xt0psk2 xe8uvvx xdj266r x11i5rnm xat24cr x1mh8g0r xexx8yu x4uap5 x18d9i69 xkhd6sd x16tdsg8 x1hl2dhg xggy1nq x1a2a7pz xt0b8zv x1fey0fg\" tabindex=\"0\" role=\"link\" href=\"https:\/\/t.me\/SuriyeArapHaberAjans%C4%B1\" target=\"_blank\" rel=\"nofollow noopener\">https:\/\/t.me\/SuriyeArapHaberAjans\u0131<\/a><\/p>\n","protected":false},"excerpt":{"rendered":"<p>MASKAT &#8211; Umman Savunma \u0130\u015flerinden Sorumlu Ba\u015fbakan Yard\u0131mc\u0131s\u0131 \u015eihab Bin Tar\u0131k Bin Teymur \u00a0El Seyid, Suriye&#8217;nin Umman Sultanl\u0131\u011f\u0131 B\u00fcy\u00fckel\u00e7isi \u00a0\u0130dris Meyya ile iki karde\u015f \u00fclke aras\u0131ndaki mevcut ikili ili\u015fkileri geli\u015ftirmenin yollar\u0131n\u0131 g\u00f6zden ge\u00e7irdi. G\u00f6r\u00fc\u015fmede ortak \u00e7\u0131karlar\u0131 ilgilendiren bir dizi konu da ele al\u0131nd\u0131. #Telegram_Kanal\u0131m\u0131z:\u00a0https:\/\/t.me\/SuriyeArapHaberAjans\u0131<\/p>\n","protected":false},"author":41,"featured_media":268728,"comment_status":"closed","ping_status":"closed","sticky":false,"template":"","format":"standard","meta":{"footnotes":""},"categories":[458,459,17988],"tags":[],"class_list":["post-268727","post","type-post","status-publish","format-standard","has-post-thumbnail","","category-dunya1","category-haberler-arap-uluslararasi-politika","category-son-haberler"],"_links":{"self":[{"href":"https:\/\/archive.sana.sy\/tr\/index.php?rest_route=\/wp\/v2\/posts\/268727","targetHints":{"allow":["GET"]}}],"collection":[{"href":"https:\/\/archive.sana.sy\/tr\/index.php?rest_route=\/wp\/v2\/posts"}],"about":[{"href":"https:\/\/archive.sana.sy\/tr\/index.php?rest_route=\/wp\/v2\/types\/post"}],"author":[{"embeddable":true,"href":"https:\/\/archive.sana.sy\/tr\/index.php?rest_route=\/wp\/v2\/users\/41"}],"replies":[{"embeddable":true,"href":"https:\/\/archive.sana.sy\/tr\/index.php?rest_route=%2Fwp%2Fv2%2Fcomments&post=268727"}],"version-history":[{"count":0,"href":"https:\/\/archive.sana.sy\/tr\/index.php?rest_route=\/wp\/v2\/posts\/268727\/revisions"}],"wp:featuredmedia":[{"embeddable":true,"href":"https:\/\/archive.sana.sy\/tr\/index.php?rest_route=\/wp\/v2\/media\/268728"}],"wp:attachment":[{"href":"https:\/\/archive.sana.sy\/tr\/index.php?rest_route=%2Fwp%2Fv2%2Fmedia&parent=268727"}],"wp:term":[{"taxonomy":"category","embeddable":true,"href":"https:\/\/archive.sana.sy\/tr\/index.php?rest_route=%2Fwp%2Fv2%2Fcategories&post=268727"},{"taxonomy":"post_tag","embeddable":true,"href":"https:\/\/archive.sana.sy\/tr\/index.php?rest_route=%2Fwp%2Fv2%2Ftags&post=268727"}],"curies":[{"name":"wp","href":"https:\/\/api.w.org\/{rel}","templated":true}]}}