{"id":268734,"date":"2022-12-07T11:00:04","date_gmt":"2022-12-07T09:00:04","guid":{"rendered":"http:\/\/107.6.182.27\/tr\/?p=268734"},"modified":"2022-12-08T07:11:27","modified_gmt":"2022-12-08T05:11:27","slug":"iran-sinir-muhafizlarindan-bir-asker-ulkenin-guneydogusunda-olduruldu","status":"publish","type":"post","link":"https:\/\/archive.sana.sy\/tr\/?p=268734","title":{"rendered":"\u0130ran S\u0131n\u0131r Muhaf\u0131zlar\u0131ndan Bir Asker \u00dclkenin G\u00fcneydo\u011fusunda \u00d6ld\u00fcr\u00fcld\u00fc"},"content":{"rendered":"<p>TAHRAN &#8211; \u0130ran&#8217;\u0131n g\u00fcneydo\u011fusundaki Sistan ve Belucistan eyaletlerindeki s\u0131n\u0131r muhaf\u0131zlar\u0131 komutan\u0131 Tu\u011fgeneral Muhammed Malla\u015fahi, eyaletin kuzey s\u0131n\u0131rlar\u0131nda silahl\u0131 ki\u015filerle \u00e7\u0131kan \u00e7at\u0131\u015fmada s\u0131n\u0131r muhaf\u0131zlar\u0131ndan bir askerin \u00f6ld\u00fc\u011f\u00fcn\u00fc duyurdu.<\/p>\n<p>IRNA haber ajans\u0131 bug\u00fcm, Malla\u015fahi\u2019nin &#8220;Asker, \u00fclkenin s\u0131f\u0131r s\u0131n\u0131r b\u00f6lgesinde s\u0131n\u0131rlar\u0131 koruma ve silahl\u0131 unsurlarla \u00e7at\u0131\u015fma g\u00f6revini yerine getirirken \u00f6ld\u00fcr\u00fcld\u00fc.&#8221; ifadelerini aktard\u0131.<\/p>\n<p>\u0130ran G\u00fcvenlik Bakanl\u0131\u011f\u0131 d\u00fcn Tahran, \u0130sfahan ve K\u00fcrdistan vilayetlerinde 10 ki\u015finin tutukland\u0131\u011f\u0131n\u0131 ve ter\u00f6r \u00f6rg\u00fctleriyle ba\u011flant\u0131l\u0131 h\u00fccrelerin da\u011f\u0131t\u0131ld\u0131\u011f\u0131n\u0131 duyurmu\u015ftu.<\/p>\n<p><a class=\"x1i10hfl xjbqb8w x6umtig x1b1mbwd xaqea5y xav7gou x9f619 x1ypdohk xt0psk2 xe8uvvx xdj266r x11i5rnm xat24cr x1mh8g0r xexx8yu x4uap5 x18d9i69 xkhd6sd x16tdsg8 x1hl2dhg xggy1nq x1a2a7pz xt0b8zv x1qq9wsj xo1l8bm\" tabindex=\"0\" role=\"link\" href=\"https:\/\/www.facebook.com\/hashtag\/telegram_kanal%C4%B1m%C4%B1z?__eep__=6&amp;__cft__[0]=AZVMADVQ6r4IcTAP7eYf3Hav0gj3XUjPXNldB4_DgkzC6z3W2EnmWZCN9yxBpMAbu20VnlahAmBkIfopMT1LyCilCAKslEXhAT1z-EVbCgeMqUUPdCIskqa_CIAAJo02H_AYeTOzEDuVJszT9P7PzVPG2AX0AF5i0-qdBxkbtUk8SL7F-Lz89qNrmk_o4zwxpP-lwyxiku_I4OPg9xEHvhd3&amp;__tn__=*NK-R\">#Telegram_Kanal\u0131m\u0131z<\/a>:\u00a0<a class=\"x1i10hfl xjbqb8w x6umtig x1b1mbwd xaqea5y xav7gou x9f619 x1ypdohk xt0psk2 xe8uvvx xdj266r x11i5rnm xat24cr x1mh8g0r xexx8yu x4uap5 x18d9i69 xkhd6sd x16tdsg8 x1hl2dhg xggy1nq x1a2a7pz xt0b8zv x1fey0fg\" tabindex=\"0\" role=\"link\" href=\"https:\/\/t.me\/SuriyeArapHaberAjans%C4%B1\" target=\"_blank\" rel=\"nofollow noopener\">https:\/\/t.me\/SuriyeArapHaberAjans\u0131<\/a><\/p>\n","protected":false},"excerpt":{"rendered":"<p>TAHRAN &#8211; \u0130ran&#8217;\u0131n g\u00fcneydo\u011fusundaki Sistan ve Belucistan eyaletlerindeki s\u0131n\u0131r muhaf\u0131zlar\u0131 komutan\u0131 Tu\u011fgeneral Muhammed Malla\u015fahi, eyaletin kuzey s\u0131n\u0131rlar\u0131nda silahl\u0131 ki\u015filerle \u00e7\u0131kan \u00e7at\u0131\u015fmada s\u0131n\u0131r muhaf\u0131zlar\u0131ndan bir askerin \u00f6ld\u00fc\u011f\u00fcn\u00fc duyurdu. IRNA haber ajans\u0131 bug\u00fcm, Malla\u015fahi\u2019nin &#8220;Asker, \u00fclkenin s\u0131f\u0131r s\u0131n\u0131r b\u00f6lgesinde s\u0131n\u0131rlar\u0131 koruma ve silahl\u0131 unsurlarla \u00e7at\u0131\u015fma g\u00f6revini yerine getirirken \u00f6ld\u00fcr\u00fcld\u00fc.&#8221; ifadelerini aktard\u0131. \u0130ran G\u00fcvenlik Bakanl\u0131\u011f\u0131 d\u00fcn Tahran, \u0130sfahan &hellip;<\/p>\n","protected":false},"author":41,"featured_media":268735,"comment_status":"closed","ping_status":"closed","sticky":false,"template":"","format":"standard","meta":{"footnotes":""},"categories":[458,459,17988],"tags":[],"class_list":["post-268734","post","type-post","status-publish","format-standard","has-post-thumbnail","","category-dunya1","category-haberler-arap-uluslararasi-politika","category-son-haberler"],"_links":{"self":[{"href":"https:\/\/archive.sana.sy\/tr\/index.php?rest_route=\/wp\/v2\/posts\/268734","targetHints":{"allow":["GET"]}}],"collection":[{"href":"https:\/\/archive.sana.sy\/tr\/index.php?rest_route=\/wp\/v2\/posts"}],"about":[{"href":"https:\/\/archive.sana.sy\/tr\/index.php?rest_route=\/wp\/v2\/types\/post"}],"author":[{"embeddable":true,"href":"https:\/\/archive.sana.sy\/tr\/index.php?rest_route=\/wp\/v2\/users\/41"}],"replies":[{"embeddable":true,"href":"https:\/\/archive.sana.sy\/tr\/index.php?rest_route=%2Fwp%2Fv2%2Fcomments&post=268734"}],"version-history":[{"count":0,"href":"https:\/\/archive.sana.sy\/tr\/index.php?rest_route=\/wp\/v2\/posts\/268734\/revisions"}],"wp:featuredmedia":[{"embeddable":true,"href":"https:\/\/archive.sana.sy\/tr\/index.php?rest_route=\/wp\/v2\/media\/268735"}],"wp:attachment":[{"href":"https:\/\/archive.sana.sy\/tr\/index.php?rest_route=%2Fwp%2Fv2%2Fmedia&parent=268734"}],"wp:term":[{"taxonomy":"category","embeddable":true,"href":"https:\/\/archive.sana.sy\/tr\/index.php?rest_route=%2Fwp%2Fv2%2Fcategories&post=268734"},{"taxonomy":"post_tag","embeddable":true,"href":"https:\/\/archive.sana.sy\/tr\/index.php?rest_route=%2Fwp%2Fv2%2Ftags&post=268734"}],"curies":[{"name":"wp","href":"https:\/\/api.w.org\/{rel}","templated":true}]}}