{"id":268747,"date":"2022-12-07T21:23:21","date_gmt":"2022-12-07T19:23:21","guid":{"rendered":"http:\/\/107.6.182.27\/tr\/?p=268747"},"modified":"2022-12-09T08:12:06","modified_gmt":"2022-12-09T06:12:06","slug":"hama-sehrinde-bir-deprem-meydana-geldi-2","status":"publish","type":"post","link":"https:\/\/archive.sana.sy\/tr\/?p=268747","title":{"rendered":"Hama \u015eehrinde Bir Deprem Meydana Geldi"},"content":{"rendered":"<p>\u015eAM \u2013 Halep \u015fehrinin kuzeyinde Richter \u00f6l\u00e7e\u011fine g\u00f6re 3 b\u00fcy\u00fckl\u00fc\u011f\u00fcnde bir deprem meydana geldi.<\/p>\n<p>Ulusal Deprem Merkezi yay\u0131nlad\u0131\u011f\u0131 ve SANA\u2019n\u0131n bir n\u00fcshas\u0131n\u0131 ald\u0131\u011f\u0131 beyanda, yerel saate g\u00f6re\u00a0 21:13\u2019te, Hama \u015fehrinin 5 km derinli\u011finde ve 7 km kuzeyinde bir deprem kaydetti\u011fini s\u00f6yledi.<\/p>\n<p><span style=\"color: #0000ff;\">#Telegram_Kanal\u0131m\u0131z: https:\/\/t.me\/SuriyeArapHaberAjansI<\/span><\/p>\n<p>&nbsp;<\/p>\n","protected":false},"excerpt":{"rendered":"<p>\u015eAM \u2013 Halep \u015fehrinin kuzeyinde Richter \u00f6l\u00e7e\u011fine g\u00f6re 3 b\u00fcy\u00fckl\u00fc\u011f\u00fcnde bir deprem meydana geldi. Ulusal Deprem Merkezi yay\u0131nlad\u0131\u011f\u0131 ve SANA\u2019n\u0131n bir n\u00fcshas\u0131n\u0131 ald\u0131\u011f\u0131 beyanda, yerel saate g\u00f6re\u00a0 21:13\u2019te, Hama \u015fehrinin 5 km derinli\u011finde ve 7 km kuzeyinde bir deprem kaydetti\u011fini s\u00f6yledi. #Telegram_Kanal\u0131m\u0131z: https:\/\/t.me\/SuriyeArapHaberAjansI &nbsp;<\/p>\n","protected":false},"author":36,"featured_media":268748,"comment_status":"closed","ping_status":"closed","sticky":false,"template":"","format":"standard","meta":{"footnotes":""},"categories":[479,17988,478],"tags":[],"class_list":["post-268747","post","type-post","status-publish","format-standard","has-post-thumbnail","","category-haberler-yerel","category-son-haberler","category-yerel"],"_links":{"self":[{"href":"https:\/\/archive.sana.sy\/tr\/index.php?rest_route=\/wp\/v2\/posts\/268747","targetHints":{"allow":["GET"]}}],"collection":[{"href":"https:\/\/archive.sana.sy\/tr\/index.php?rest_route=\/wp\/v2\/posts"}],"about":[{"href":"https:\/\/archive.sana.sy\/tr\/index.php?rest_route=\/wp\/v2\/types\/post"}],"author":[{"embeddable":true,"href":"https:\/\/archive.sana.sy\/tr\/index.php?rest_route=\/wp\/v2\/users\/36"}],"replies":[{"embeddable":true,"href":"https:\/\/archive.sana.sy\/tr\/index.php?rest_route=%2Fwp%2Fv2%2Fcomments&post=268747"}],"version-history":[{"count":0,"href":"https:\/\/archive.sana.sy\/tr\/index.php?rest_route=\/wp\/v2\/posts\/268747\/revisions"}],"wp:featuredmedia":[{"embeddable":true,"href":"https:\/\/archive.sana.sy\/tr\/index.php?rest_route=\/wp\/v2\/media\/268748"}],"wp:attachment":[{"href":"https:\/\/archive.sana.sy\/tr\/index.php?rest_route=%2Fwp%2Fv2%2Fmedia&parent=268747"}],"wp:term":[{"taxonomy":"category","embeddable":true,"href":"https:\/\/archive.sana.sy\/tr\/index.php?rest_route=%2Fwp%2Fv2%2Fcategories&post=268747"},{"taxonomy":"post_tag","embeddable":true,"href":"https:\/\/archive.sana.sy\/tr\/index.php?rest_route=%2Fwp%2Fv2%2Ftags&post=268747"}],"curies":[{"name":"wp","href":"https:\/\/api.w.org\/{rel}","templated":true}]}}