{"id":268750,"date":"2022-12-07T22:29:19","date_gmt":"2022-12-07T20:29:19","guid":{"rendered":"http:\/\/107.6.182.27\/tr\/?p=268750"},"modified":"2022-12-09T08:12:25","modified_gmt":"2022-12-09T06:12:25","slug":"sanayi-alaninda-isbirligini-gelistirmek-icin-suriye-iran-gorusmeleri-2","status":"publish","type":"post","link":"https:\/\/archive.sana.sy\/tr\/?p=268750","title":{"rendered":"Sanayi Alan\u0131nda \u0130\u015fbirli\u011fini Geli\u015ftirmek \u0130\u00e7in Suriye-\u0130ran G\u00f6r\u00fc\u015fmeleri"},"content":{"rendered":"<p>\u015eAM \u2013 Sanayi Bakan\u0131 Ziyad Sabba\u011f, \u0130ran&#8217;\u0131n \u015eam&#8217;daki ekonomik temsilcisi Abbas Akbari ile iki \u00fclkeye uygulanan haks\u0131z abluka \u0131\u015f\u0131\u011f\u0131nda uygulanabilecek ekonomik fizibilite sa\u011flayan projelerin olu\u015fturulmas\u0131 yoluyla Suriye ve \u0130ran aras\u0131ndaki i\u015fbirli\u011fini geli\u015ftirmenin yollar\u0131n\u0131 g\u00f6r\u00fc\u015ft\u00fc.<\/p>\n<p>Bug\u00fcn Bakanl\u0131k binas\u0131nda ger\u00e7ekle\u015ftirilen g\u00f6r\u00fc\u015fmede Bakan Sabba\u011f, ortak \u00e7\u0131karlara y\u00f6nelik projelerin hayata ge\u00e7irilmesi ve tek tarafl\u0131 zorlay\u0131c\u0131 yapt\u0131r\u0131mlar\u0131n etkilerinin \u00fcstesinden gelinmesine katk\u0131da bulunmak i\u00e7in s\u00fcrekli koordinasyonun \u00f6nemini vurgulad\u0131.<\/p>\n<p>buna kar\u015f\u0131l\u0131k Akbari, kendilerine dayat\u0131lan ekonomik sava\u015fa kar\u015f\u0131 her iki \u00fclkenin ulusal ekonomisine fayda sa\u011flayacak ortak projeler ba\u015flatman\u0131n \u00f6nemine i\u015faret etti.<\/p>\n<p>Toplant\u0131ya Bakan Yard\u0131mc\u0131s\u0131, Planlama ve Uluslararas\u0131 \u0130\u015fbirli\u011fi Ba\u015fkan\u0131 ile Teknik ve \u00dcretim Direkt\u00f6r\u00fc kat\u0131ld\u0131.<\/p>\n<article id=\"the-post\" class=\"post-listing post-268744 post type-post status-publish format-standard has-post-thumbnail category-haber-seridi category-haberler-yerel category-son-haberler category-yerel\">\n<div class=\"post-inner\">\n<div class=\"entry\">\n<p><a class=\"x1i10hfl xjbqb8w x6umtig x1b1mbwd xaqea5y xav7gou x9f619 x1ypdohk xt0psk2 xe8uvvx xdj266r x11i5rnm xat24cr x1mh8g0r xexx8yu x4uap5 x18d9i69 xkhd6sd x16tdsg8 x1hl2dhg xggy1nq x1a2a7pz xt0b8zv x1qq9wsj xo1l8bm\" tabindex=\"0\" role=\"link\" href=\"https:\/\/www.facebook.com\/hashtag\/telegram_kanal%C4%B1m%C4%B1z?__eep__=6&amp;__cft__[0]=AZVMADVQ6r4IcTAP7eYf3Hav0gj3XUjPXNldB4_DgkzC6z3W2EnmWZCN9yxBpMAbu20VnlahAmBkIfopMT1LyCilCAKslEXhAT1z-EVbCgeMqUUPdCIskqa_CIAAJo02H_AYeTOzEDuVJszT9P7PzVPG2AX0AF5i0-qdBxkbtUk8SL7F-Lz89qNrmk_o4zwxpP-lwyxiku_I4OPg9xEHvhd3&amp;__tn__=*NK-R\">#Telegram_Kanal\u0131m\u0131z<\/a>:\u00a0<a class=\"x1i10hfl xjbqb8w x6umtig x1b1mbwd xaqea5y xav7gou x9f619 x1ypdohk xt0psk2 xe8uvvx xdj266r x11i5rnm xat24cr x1mh8g0r xexx8yu x4uap5 x18d9i69 xkhd6sd x16tdsg8 x1hl2dhg xggy1nq x1a2a7pz xt0b8zv x1fey0fg\" tabindex=\"0\" role=\"link\" href=\"https:\/\/t.me\/SuriyeArapHaberAjans%C4%B1\" target=\"_blank\" rel=\"nofollow noopener\">https:\/\/t.me\/SuriyeArapHaberAjans\u0131<\/a><\/p>\n<\/div>\n<div class=\"clear\"><\/div>\n<\/div>\n<\/article>\n<section id=\"check-also-box\" class=\"post-listing check-also-right\"><\/section>\n","protected":false},"excerpt":{"rendered":"<p>\u015eAM \u2013 Sanayi Bakan\u0131 Ziyad Sabba\u011f, \u0130ran&#8217;\u0131n \u015eam&#8217;daki ekonomik temsilcisi Abbas Akbari ile iki \u00fclkeye uygulanan haks\u0131z abluka \u0131\u015f\u0131\u011f\u0131nda uygulanabilecek ekonomik fizibilite sa\u011flayan projelerin olu\u015fturulmas\u0131 yoluyla Suriye ve \u0130ran aras\u0131ndaki i\u015fbirli\u011fini geli\u015ftirmenin yollar\u0131n\u0131 g\u00f6r\u00fc\u015ft\u00fc. Bug\u00fcn Bakanl\u0131k binas\u0131nda ger\u00e7ekle\u015ftirilen g\u00f6r\u00fc\u015fmede Bakan Sabba\u011f, ortak \u00e7\u0131karlara y\u00f6nelik projelerin hayata ge\u00e7irilmesi ve tek tarafl\u0131 zorlay\u0131c\u0131 yapt\u0131r\u0131mlar\u0131n etkilerinin \u00fcstesinden gelinmesine &hellip;<\/p>\n","protected":false},"author":36,"featured_media":268751,"comment_status":"closed","ping_status":"closed","sticky":false,"template":"","format":"standard","meta":{"footnotes":""},"categories":[479,17988,478],"tags":[],"class_list":["post-268750","post","type-post","status-publish","format-standard","has-post-thumbnail","","category-haberler-yerel","category-son-haberler","category-yerel"],"_links":{"self":[{"href":"https:\/\/archive.sana.sy\/tr\/index.php?rest_route=\/wp\/v2\/posts\/268750","targetHints":{"allow":["GET"]}}],"collection":[{"href":"https:\/\/archive.sana.sy\/tr\/index.php?rest_route=\/wp\/v2\/posts"}],"about":[{"href":"https:\/\/archive.sana.sy\/tr\/index.php?rest_route=\/wp\/v2\/types\/post"}],"author":[{"embeddable":true,"href":"https:\/\/archive.sana.sy\/tr\/index.php?rest_route=\/wp\/v2\/users\/36"}],"replies":[{"embeddable":true,"href":"https:\/\/archive.sana.sy\/tr\/index.php?rest_route=%2Fwp%2Fv2%2Fcomments&post=268750"}],"version-history":[{"count":0,"href":"https:\/\/archive.sana.sy\/tr\/index.php?rest_route=\/wp\/v2\/posts\/268750\/revisions"}],"wp:featuredmedia":[{"embeddable":true,"href":"https:\/\/archive.sana.sy\/tr\/index.php?rest_route=\/wp\/v2\/media\/268751"}],"wp:attachment":[{"href":"https:\/\/archive.sana.sy\/tr\/index.php?rest_route=%2Fwp%2Fv2%2Fmedia&parent=268750"}],"wp:term":[{"taxonomy":"category","embeddable":true,"href":"https:\/\/archive.sana.sy\/tr\/index.php?rest_route=%2Fwp%2Fv2%2Fcategories&post=268750"},{"taxonomy":"post_tag","embeddable":true,"href":"https:\/\/archive.sana.sy\/tr\/index.php?rest_route=%2Fwp%2Fv2%2Ftags&post=268750"}],"curies":[{"name":"wp","href":"https:\/\/api.w.org\/{rel}","templated":true}]}}