{"id":268753,"date":"2022-12-08T07:34:25","date_gmt":"2022-12-08T05:34:25","guid":{"rendered":"http:\/\/107.6.182.27\/tr\/?p=268753"},"modified":"2022-12-09T08:12:34","modified_gmt":"2022-12-09T06:12:34","slug":"israil-isgal-guclerinin-cenine-duzenledigi-baskinlarda-3-filistinli-sehit-dustu","status":"publish","type":"post","link":"https:\/\/archive.sana.sy\/tr\/?p=268753","title":{"rendered":"\u0130srail \u0130\u015fgal G\u00fc\u00e7lerinin Cenin\u2019e D\u00fczenledi\u011fi Bask\u0131nlarda 3 Filistinli \u015eehit D\u00fc\u015ft\u00fc"},"content":{"rendered":"<p>\u0130\u015eGAL ED\u0130LEN KUD\u00dcS \u2013 Bug\u00fcn sabah saatlerinde \u0130srail i\u015fgal g\u00fc\u00e7lerinin Bat\u0131 Yaka\u2019daki Cenin kentine d\u00fczenledi\u011fi bask\u0131n s\u0131ras\u0131nda \u00fc\u00e7 Filistinli \u015fehit d\u00fc\u015ft\u00fc.<\/p>\n<p>WAFA Haber Ajans\u0131n\u0131n aktard\u0131\u011f\u0131na g\u00f6re Filistin Sa\u011fl\u0131k Bakanl\u0131\u011f\u0131, bug\u00fcn \u015fafak vakti Cenin \u015fehri ve kamp\u0131na d\u00fczenlenen bask\u0131n s\u0131ras\u0131nda i\u015fgal g\u00fc\u00e7lerinin kur\u015funlar\u0131yla \u00fc\u00e7 gencin \u015fehit d\u00fc\u015ft\u00fc\u011f\u00fcn\u00fc ve di\u011ferlerinin de yaraland\u0131\u011f\u0131n\u0131 belirtti.<\/p>\n<article id=\"the-post\" class=\"post-listing post-268744 post type-post status-publish format-standard has-post-thumbnail category-haber-seridi category-haberler-yerel category-son-haberler category-yerel\">\n<div class=\"post-inner\">\n<div class=\"entry\">\n<p><a class=\"x1i10hfl xjbqb8w x6umtig x1b1mbwd xaqea5y xav7gou x9f619 x1ypdohk xt0psk2 xe8uvvx xdj266r x11i5rnm xat24cr x1mh8g0r xexx8yu x4uap5 x18d9i69 xkhd6sd x16tdsg8 x1hl2dhg xggy1nq x1a2a7pz xt0b8zv x1qq9wsj xo1l8bm\" tabindex=\"0\" role=\"link\" href=\"https:\/\/www.facebook.com\/hashtag\/telegram_kanal%C4%B1m%C4%B1z?__eep__=6&amp;__cft__[0]=AZVMADVQ6r4IcTAP7eYf3Hav0gj3XUjPXNldB4_DgkzC6z3W2EnmWZCN9yxBpMAbu20VnlahAmBkIfopMT1LyCilCAKslEXhAT1z-EVbCgeMqUUPdCIskqa_CIAAJo02H_AYeTOzEDuVJszT9P7PzVPG2AX0AF5i0-qdBxkbtUk8SL7F-Lz89qNrmk_o4zwxpP-lwyxiku_I4OPg9xEHvhd3&amp;__tn__=*NK-R\">#Telegram_Kanal\u0131m\u0131z<\/a>:\u00a0<a class=\"x1i10hfl xjbqb8w x6umtig x1b1mbwd xaqea5y xav7gou x9f619 x1ypdohk xt0psk2 xe8uvvx xdj266r x11i5rnm xat24cr x1mh8g0r xexx8yu x4uap5 x18d9i69 xkhd6sd x16tdsg8 x1hl2dhg xggy1nq x1a2a7pz xt0b8zv x1fey0fg\" tabindex=\"0\" role=\"link\" href=\"https:\/\/t.me\/SuriyeArapHaberAjans%C4%B1\" target=\"_blank\" rel=\"nofollow noopener\">https:\/\/t.me\/SuriyeArapHaberAjans\u0131<\/a><\/p>\n<\/div>\n<div class=\"clear\"><\/div>\n<\/div>\n<\/article>\n<section id=\"check-also-box\" class=\"post-listing check-also-right\"><\/section>\n","protected":false},"excerpt":{"rendered":"<p>\u0130\u015eGAL ED\u0130LEN KUD\u00dcS \u2013 Bug\u00fcn sabah saatlerinde \u0130srail i\u015fgal g\u00fc\u00e7lerinin Bat\u0131 Yaka\u2019daki Cenin kentine d\u00fczenledi\u011fi bask\u0131n s\u0131ras\u0131nda \u00fc\u00e7 Filistinli \u015fehit d\u00fc\u015ft\u00fc. WAFA Haber Ajans\u0131n\u0131n aktard\u0131\u011f\u0131na g\u00f6re Filistin Sa\u011fl\u0131k Bakanl\u0131\u011f\u0131, bug\u00fcn \u015fafak vakti Cenin \u015fehri ve kamp\u0131na d\u00fczenlenen bask\u0131n s\u0131ras\u0131nda i\u015fgal g\u00fc\u00e7lerinin kur\u015funlar\u0131yla \u00fc\u00e7 gencin \u015fehit d\u00fc\u015ft\u00fc\u011f\u00fcn\u00fc ve di\u011ferlerinin de yaraland\u0131\u011f\u0131n\u0131 belirtti. #Telegram_Kanal\u0131m\u0131z:\u00a0https:\/\/t.me\/SuriyeArapHaberAjans\u0131<\/p>\n","protected":false},"author":36,"featured_media":268754,"comment_status":"closed","ping_status":"closed","sticky":false,"template":"","format":"standard","meta":{"footnotes":""},"categories":[458,459,17988],"tags":[],"class_list":["post-268753","post","type-post","status-publish","format-standard","has-post-thumbnail","","category-dunya1","category-haberler-arap-uluslararasi-politika","category-son-haberler"],"_links":{"self":[{"href":"https:\/\/archive.sana.sy\/tr\/index.php?rest_route=\/wp\/v2\/posts\/268753","targetHints":{"allow":["GET"]}}],"collection":[{"href":"https:\/\/archive.sana.sy\/tr\/index.php?rest_route=\/wp\/v2\/posts"}],"about":[{"href":"https:\/\/archive.sana.sy\/tr\/index.php?rest_route=\/wp\/v2\/types\/post"}],"author":[{"embeddable":true,"href":"https:\/\/archive.sana.sy\/tr\/index.php?rest_route=\/wp\/v2\/users\/36"}],"replies":[{"embeddable":true,"href":"https:\/\/archive.sana.sy\/tr\/index.php?rest_route=%2Fwp%2Fv2%2Fcomments&post=268753"}],"version-history":[{"count":0,"href":"https:\/\/archive.sana.sy\/tr\/index.php?rest_route=\/wp\/v2\/posts\/268753\/revisions"}],"wp:featuredmedia":[{"embeddable":true,"href":"https:\/\/archive.sana.sy\/tr\/index.php?rest_route=\/wp\/v2\/media\/268754"}],"wp:attachment":[{"href":"https:\/\/archive.sana.sy\/tr\/index.php?rest_route=%2Fwp%2Fv2%2Fmedia&parent=268753"}],"wp:term":[{"taxonomy":"category","embeddable":true,"href":"https:\/\/archive.sana.sy\/tr\/index.php?rest_route=%2Fwp%2Fv2%2Fcategories&post=268753"},{"taxonomy":"post_tag","embeddable":true,"href":"https:\/\/archive.sana.sy\/tr\/index.php?rest_route=%2Fwp%2Fv2%2Ftags&post=268753"}],"curies":[{"name":"wp","href":"https:\/\/api.w.org\/{rel}","templated":true}]}}