{"id":268761,"date":"2022-12-08T07:19:21","date_gmt":"2022-12-08T05:19:21","guid":{"rendered":"http:\/\/107.6.182.27\/tr\/?p=268761"},"modified":"2022-12-09T11:16:50","modified_gmt":"2022-12-09T09:16:50","slug":"ukraynada-ozel-rus-askeri-operasyonundan-gelismeler-17","status":"publish","type":"post","link":"https:\/\/archive.sana.sy\/tr\/?p=268761","title":{"rendered":"Ukrayna\u2019da \u00d6zel Rus Askeri Operasyonundan Geli\u015fmeler"},"content":{"rendered":"<ul>\n<li>Slovak politikac\u0131: Rusya&#8217;ya y\u00f6nelik Bat\u0131 yapt\u0131r\u0131mlar\u0131 ba\u015far\u0131s\u0131z oldu<\/li>\n<li>Moskova: Washington ile sadece e\u015fitlik temelinde diyalo\u011fa haz\u0131r\u0131z<\/li>\n<\/ul>\n<p><a class=\"x1i10hfl xjbqb8w x6umtig x1b1mbwd xaqea5y xav7gou x9f619 x1ypdohk xt0psk2 xe8uvvx xdj266r x11i5rnm xat24cr x1mh8g0r xexx8yu x4uap5 x18d9i69 xkhd6sd x16tdsg8 x1hl2dhg xggy1nq x1a2a7pz xt0b8zv x1qq9wsj xo1l8bm\" tabindex=\"0\" role=\"link\" href=\"https:\/\/www.facebook.com\/hashtag\/telegram_kanal%C4%B1m%C4%B1z?__eep__=6&amp;__cft__[0]=AZVMADVQ6r4IcTAP7eYf3Hav0gj3XUjPXNldB4_DgkzC6z3W2EnmWZCN9yxBpMAbu20VnlahAmBkIfopMT1LyCilCAKslEXhAT1z-EVbCgeMqUUPdCIskqa_CIAAJo02H_AYeTOzEDuVJszT9P7PzVPG2AX0AF5i0-qdBxkbtUk8SL7F-Lz89qNrmk_o4zwxpP-lwyxiku_I4OPg9xEHvhd3&amp;__tn__=*NK-R\">#Telegram_Kanal\u0131m\u0131z<\/a>: <a class=\"x1i10hfl xjbqb8w x6umtig x1b1mbwd xaqea5y xav7gou x9f619 x1ypdohk xt0psk2 xe8uvvx xdj266r x11i5rnm xat24cr x1mh8g0r xexx8yu x4uap5 x18d9i69 xkhd6sd x16tdsg8 x1hl2dhg xggy1nq x1a2a7pz xt0b8zv x1fey0fg\" tabindex=\"0\" role=\"link\" href=\"https:\/\/t.me\/SuriyeArapHaberAjans%C4%B1\" target=\"_blank\" rel=\"nofollow noopener\">https:\/\/t.me\/SuriyeArapHaberAjans\u0131<\/a><\/p>\n","protected":false},"excerpt":{"rendered":"<p>Slovak politikac\u0131: Rusya&#8217;ya y\u00f6nelik Bat\u0131 yapt\u0131r\u0131mlar\u0131 ba\u015far\u0131s\u0131z oldu Moskova: Washington ile sadece e\u015fitlik temelinde diyalo\u011fa haz\u0131r\u0131z #Telegram_Kanal\u0131m\u0131z: https:\/\/t.me\/SuriyeArapHaberAjans\u0131<\/p>\n","protected":false},"author":36,"featured_media":268762,"comment_status":"closed","ping_status":"closed","sticky":false,"template":"","format":"standard","meta":{"footnotes":""},"categories":[458,459,17988],"tags":[],"class_list":["post-268761","post","type-post","status-publish","format-standard","has-post-thumbnail","","category-dunya1","category-haberler-arap-uluslararasi-politika","category-son-haberler"],"_links":{"self":[{"href":"https:\/\/archive.sana.sy\/tr\/index.php?rest_route=\/wp\/v2\/posts\/268761","targetHints":{"allow":["GET"]}}],"collection":[{"href":"https:\/\/archive.sana.sy\/tr\/index.php?rest_route=\/wp\/v2\/posts"}],"about":[{"href":"https:\/\/archive.sana.sy\/tr\/index.php?rest_route=\/wp\/v2\/types\/post"}],"author":[{"embeddable":true,"href":"https:\/\/archive.sana.sy\/tr\/index.php?rest_route=\/wp\/v2\/users\/36"}],"replies":[{"embeddable":true,"href":"https:\/\/archive.sana.sy\/tr\/index.php?rest_route=%2Fwp%2Fv2%2Fcomments&post=268761"}],"version-history":[{"count":0,"href":"https:\/\/archive.sana.sy\/tr\/index.php?rest_route=\/wp\/v2\/posts\/268761\/revisions"}],"wp:featuredmedia":[{"embeddable":true,"href":"https:\/\/archive.sana.sy\/tr\/index.php?rest_route=\/wp\/v2\/media\/268762"}],"wp:attachment":[{"href":"https:\/\/archive.sana.sy\/tr\/index.php?rest_route=%2Fwp%2Fv2%2Fmedia&parent=268761"}],"wp:term":[{"taxonomy":"category","embeddable":true,"href":"https:\/\/archive.sana.sy\/tr\/index.php?rest_route=%2Fwp%2Fv2%2Fcategories&post=268761"},{"taxonomy":"post_tag","embeddable":true,"href":"https:\/\/archive.sana.sy\/tr\/index.php?rest_route=%2Fwp%2Fv2%2Ftags&post=268761"}],"curies":[{"name":"wp","href":"https:\/\/api.w.org\/{rel}","templated":true}]}}