{"id":268878,"date":"2022-12-11T16:01:15","date_gmt":"2022-12-11T14:01:15","guid":{"rendered":"http:\/\/107.6.182.27\/tr\/?p=268878"},"modified":"2022-12-12T07:50:45","modified_gmt":"2022-12-12T05:50:45","slug":"saglik-bakanligindan-korona-virusune-karsi-ulusal-asi-kampanyasi","status":"publish","type":"post","link":"https:\/\/archive.sana.sy\/tr\/?p=268878","title":{"rendered":"Sa\u011fl\u0131k Bakanl\u0131\u011f\u0131ndan Korona Vir\u00fcs\u00fcne Kar\u015f\u0131 Ulusal A\u015f\u0131 Kampanyas\u0131"},"content":{"rendered":"<p style=\"text-align: justify;\">\u0130LLER \u2013 Sa\u011fl\u0131k Bakanl\u0131\u011f\u0131 bug\u00fcn muhtelif illerde Korona vir\u00fcs\u00fcne kar\u015f\u0131 ulusal a\u015f\u0131 kampanyas\u0131 ba\u015flatt\u0131.<\/p>\n<p style=\"text-align: justify;\">SANA muhabiri, a\u015f\u0131 kampanyas\u0131n\u0131n 18 ya\u015f \u00fcst\u00fc \u015fah\u0131slar\u0131 hedefledi\u011fini ve bu ay\u0131n 15&#8217;ine kadar s\u00fcrece\u011fini ifade etti.<\/p>\n<p><a class=\"x1i10hfl xjbqb8w x6umtig x1b1mbwd xaqea5y xav7gou x9f619 x1ypdohk xt0psk2 xe8uvvx xdj266r x11i5rnm xat24cr x1mh8g0r xexx8yu x4uap5 x18d9i69 xkhd6sd x16tdsg8 x1hl2dhg xggy1nq x1a2a7pz xt0b8zv x1qq9wsj xo1l8bm\" tabindex=\"0\" role=\"link\" href=\"https:\/\/www.facebook.com\/hashtag\/telegram_kanal%C4%B1m%C4%B1z?__eep__=6&amp;__cft__[0]=AZVxXadJrFgwL2-JAbmisu9a-ECY21Z1F0dLjUoIVCELO2zVU25ktKNHSnsxZ1m-U89mg2pKHElH3ebPy8ymKukFyQnq7kMprjsQWWyo8nRVJiZ7z2nDQQDph6AVB-ELXis&amp;__tn__=*NK-R\">#Telegram_Kanal\u0131m\u0131z<\/a>:\u00a0<a class=\"x1i10hfl xjbqb8w x6umtig x1b1mbwd xaqea5y xav7gou x9f619 x1ypdohk xt0psk2 xe8uvvx xdj266r x11i5rnm xat24cr x1mh8g0r xexx8yu x4uap5 x18d9i69 xkhd6sd x16tdsg8 x1hl2dhg xggy1nq x1a2a7pz xt0b8zv x1fey0fg\" tabindex=\"0\" role=\"link\" href=\"https:\/\/t.me\/SuriyeArapHaberAjans%C4%B1?fbclid=IwAR2ufbpuRVN2v73LDbDXGJRPGFIA7nhowfcb4E635hMxSE4c3rkQTUH1kCE\" target=\"_blank\" rel=\"nofollow noopener\">https:\/\/t.me\/SuriyeArapHaberAjans\u0131<\/a><\/p>\n","protected":false},"excerpt":{"rendered":"<p>\u0130LLER \u2013 Sa\u011fl\u0131k Bakanl\u0131\u011f\u0131 bug\u00fcn muhtelif illerde Korona vir\u00fcs\u00fcne kar\u015f\u0131 ulusal a\u015f\u0131 kampanyas\u0131 ba\u015flatt\u0131. SANA muhabiri, a\u015f\u0131 kampanyas\u0131n\u0131n 18 ya\u015f \u00fcst\u00fc \u015fah\u0131slar\u0131 hedefledi\u011fini ve bu ay\u0131n 15&#8217;ine kadar s\u00fcrece\u011fini ifade etti. #Telegram_Kanal\u0131m\u0131z:\u00a0https:\/\/t.me\/SuriyeArapHaberAjans\u0131<\/p>\n","protected":false},"author":1,"featured_media":268879,"comment_status":"closed","ping_status":"closed","sticky":false,"template":"","format":"standard","meta":{"footnotes":""},"categories":[479,17988,538,478],"tags":[],"class_list":["post-268878","post","type-post","status-publish","format-standard","has-post-thumbnail","","category-haberler-yerel","category-son-haberler","category-yasam","category-yerel"],"_links":{"self":[{"href":"https:\/\/archive.sana.sy\/tr\/index.php?rest_route=\/wp\/v2\/posts\/268878","targetHints":{"allow":["GET"]}}],"collection":[{"href":"https:\/\/archive.sana.sy\/tr\/index.php?rest_route=\/wp\/v2\/posts"}],"about":[{"href":"https:\/\/archive.sana.sy\/tr\/index.php?rest_route=\/wp\/v2\/types\/post"}],"author":[{"embeddable":true,"href":"https:\/\/archive.sana.sy\/tr\/index.php?rest_route=\/wp\/v2\/users\/1"}],"replies":[{"embeddable":true,"href":"https:\/\/archive.sana.sy\/tr\/index.php?rest_route=%2Fwp%2Fv2%2Fcomments&post=268878"}],"version-history":[{"count":0,"href":"https:\/\/archive.sana.sy\/tr\/index.php?rest_route=\/wp\/v2\/posts\/268878\/revisions"}],"wp:featuredmedia":[{"embeddable":true,"href":"https:\/\/archive.sana.sy\/tr\/index.php?rest_route=\/wp\/v2\/media\/268879"}],"wp:attachment":[{"href":"https:\/\/archive.sana.sy\/tr\/index.php?rest_route=%2Fwp%2Fv2%2Fmedia&parent=268878"}],"wp:term":[{"taxonomy":"category","embeddable":true,"href":"https:\/\/archive.sana.sy\/tr\/index.php?rest_route=%2Fwp%2Fv2%2Fcategories&post=268878"},{"taxonomy":"post_tag","embeddable":true,"href":"https:\/\/archive.sana.sy\/tr\/index.php?rest_route=%2Fwp%2Fv2%2Ftags&post=268878"}],"curies":[{"name":"wp","href":"https:\/\/api.w.org\/{rel}","templated":true}]}}