{"id":2689,"date":"2014-06-10T16:28:09","date_gmt":"2014-06-10T13:28:09","guid":{"rendered":"http:\/\/sanasyria.org\/tr\/?p=2689"},"modified":"2014-06-19T13:08:23","modified_gmt":"2014-06-19T10:08:23","slug":"terore-karsi-direnis-ulkenin-her-kosesinde-suruyor","status":"publish","type":"post","link":"https:\/\/archive.sana.sy\/tr\/?p=2689","title":{"rendered":"Ter\u00f6re Kar\u015f\u0131 Direni\u015f \u00dclkenin Her K\u00f6\u015fesinde S\u00fcr\u00fcyor"},"content":{"rendered":"<p><span><span>\u0130LLER \u2013 <\/span>Kahraman ordu birliklerimiz, Halep, Homs, Dera, Lazkiye ve \u015eam ba\u015fta olmak \u00fczere \u00fclkenin her k\u00f6\u015fesinde ter\u00f6re kar\u015f\u0131 direni\u015flerini s\u00fcrd\u00fcr\u00fcyorlar.<\/span><\/p>\n<p><span>Ter\u00f6ristlere Ait Silah-M\u00fchimmat Depolar\u0131 \u0130mha Edildi<\/span><\/p>\n<p>Askeri bir kaynak kahraman birliklerimizin Halep\u2019in Helk, ve \u015eeyh Lutf b\u00f6lgelerinde ter\u00f6ristlere ait silah-m\u00fchimmat depolar\u0131n\u0131 imha ettiklerini ve buralarda meydana gelen \u00e7at\u0131\u015fmalarda \u00e7ok say\u0131da ter\u00f6risti \u00f6l\u00fc ve yaral\u0131 d\u00fc\u015f\u00fcrd\u00fcklerini dile getirdi.<\/p>\n<p>Halep ve K\u0131rsal\u0131n\u0131n Han Toman, Arbid, Kad\u0131 Asker, Mansura, Ard Melah, Sanayi Kenti, Darat Azza, \u015euveyhna, Bostan el Ba\u015fa ve Abtin belde ve b\u00f6lgelerinde ter\u00f6re kar\u015f\u0131 nitelikli operasyonlar\u0131n son h\u0131z\u0131yla devam etti\u011fine de\u011finen kaynak; buralarda onlarca ter\u00f6ristin \u00f6l\u00fc ve yaral\u0131 d\u00fc\u015f\u00fcr\u00fcld\u00fc\u011f\u00fcn\u00fc belirtti.<\/p>\n<p>Kaynak ayr\u0131ca Heriytan, Andan, Merce, Maraa, Nanai, Serbest B\u00f6lge, Henderat, Tel Musaybin, Bilas, Had\u0131r ve Hanano b\u00f6lgelerinde s\u00fcren operasyonlar \u00e7er\u00e7evesinde de onlarca ter\u00f6ristin ve eleba\u015flar\u0131n\u0131n bertaraf edildi\u011fini aktard\u0131.<\/p>\n<p><span>Homs \u0130linde \u00c7ok Say\u0131da Ter\u00f6rist Eleba\u015flar\u0131yla Birlikte \u00d6ld\u00fcr\u00fcld\u00fc<\/span><\/p>\n<p><span>Homs k\u0131rsal\u0131n\u0131n Resten Kentinde d\u00fczenlenen operasyonlar \u00e7er\u00e7evesinde meydana gelen \u00e7at\u0131\u015fmalarda \u00e7ok say\u0131da ter\u00f6ristin eleba\u015flar\u0131yla birlikte \u00f6l\u00fc ve yaral\u0131 d\u00fc\u015f\u00fcr\u00fcld\u00fc\u011f\u00fcne i\u015faret eden kaynak;Telbise b\u00f6lgesinde bir\u00e7ok ter\u00f6r grubunun tamamen bertaraf edildi\u011fini ve havzalar\u0131nda bulunan silah-m\u00fchimmat y\u00fckl\u00fc kamyonetlerin imha edildi\u011fini aktard\u0131.<\/span><\/p>\n<p><span>Sultaniye ve Bat\u0131 Selam k\u00f6ylerinde meydana gelen \u00e7at\u0131\u015fmalarda ter\u00f6ristlerin b\u00fcy\u00fck kay\u0131plar verdi\u011fine de\u011finen kaynak; Rahum k\u00f6y\u00fc yak\u0131nlar\u0131nda Mekser k\u00f6y\u00fcne s\u0131zmaya \u00e7al\u0131\u015fan silahl\u0131 bir ter\u00f6r grubunun da tamamen bertaraf edildi\u011fini dile getirdi.<\/span><\/p>\n<p><span>Kaynak; Hirbet Cerad ve Hirbet Sahric k\u00f6ylerinde d\u00fczenlenen operasyonlar \u00e7er\u00e7evesinde de bir\u00e7ok ter\u00f6ristin \u00f6l\u00fc ve yaral\u0131 olarak ele ge\u00e7irildi\u011fini havzalar\u0131nda bulunan silah ve m\u00fchimmat\u0131n da imha edildi\u011fini ekledi.<\/span><\/p>\n<p><span>Dera K\u0131rsal\u0131nda Terk Edilmi\u015f Binaya S\u0131zmaya \u00c7al\u0131\u015fan Ter\u00f6ristler Bertaraf Edildi<\/span><\/p>\n<p><span>Dera K\u0131rsal\u0131nda Enhal Beldesi yak\u0131nlar\u0131nda terk edilmi\u015f bir binaya s\u0131zmaya \u00e7al\u0131\u015fan silahl\u0131 bir ter\u00f6r grubu ile kahraman birliklerimiz aras\u0131nda \u015fiddetli bir \u00e7at\u0131\u015fma meydana geldi\u011fine dikkat \u00e7eken kaynak; \u00e7at\u0131\u015fmada ter\u00f6ristlerin t\u00fcm\u00fcn\u00fcn eleba\u015flar\u0131yla birlikte bertaraf edildiklerini aktard\u0131.<\/span><\/p>\n<p><span>Lucca B\u00f6lgesinin Mseyke K\u00f6y\u00fcnde silahl\u0131 bir ter\u00f6r grubuna kar\u015f\u0131 nitelikli bir operasyon d\u00fczenlendi\u011fine de\u011finen kaynak; operasyonda ter\u00f6r grubunun eleba\u015flar\u0131 ve silahlar\u0131yla birlikte tamamen yok edildi\u011fini belirtti.<\/span><\/p>\n<p><span style=\"color: #0000ff\">Lazkiye K\u0131rsal\u0131nda Yabanc\u0131 Uyruklu Ter\u00f6ristler \u00d6ld\u00fcr\u00fcld\u00fc<\/span><\/p>\n<p><span>Lazkiye\u2019nin kuzey k\u0131rsal\u0131nda kahraman birliklerimizin ter\u00f6re kar\u015f\u0131 m\u00fccadelenin h\u0131z kesmeden s\u00fcrd\u00fc\u011f\u00fcn\u00fc ifade eden kaynak; Da\u011fma\u015fliya, Zveyk ve Sakiyet el Kirt b\u00f6lgelerinde meydana gelen \u00e7at\u0131\u015fmalarda b\u00fcy\u00fck \u00e7o\u011funlu\u011fu yabanc\u0131 uyruklu ve Nusra Cephesine ba\u011fl\u0131 onlarca ter\u00f6ristin eleba\u015flar\u0131yla birlikte \u00f6l\u00fc ve yaral\u0131 d\u00fc\u015f\u00fcr\u00fcld\u00fc\u011f\u00fcn\u00fcn alt\u0131n\u0131 \u00e7izdi.<\/span><\/p>\n<p><span>Lazkiye\u2019nin kuzey k\u0131rsal\u0131nda s\u00fcren operasyonlar \u00e7er\u00e7evesinde ter\u00f6ristlere ait havan bataryalar\u0131 ve a\u011f\u0131r makineli silahlarla donat\u0131lm\u0131\u015f bir\u00e7ok arac\u0131n imha edildi\u011fine dikkat \u00e7eken kaynak; ara\u00e7larda bulunan ter\u00f6ristlerin de \u00f6l\u00fc olarak ele ge\u00e7irildi\u011fini beyan etti.<\/span><\/p>\n<p><span style=\"color: #0000ff\">\u0130dlib K\u0131rsal\u0131nda Nusra Cephesine Ba\u011fl\u0131 11 Ter\u00f6rist \u00d6ld\u00fcr\u00fcld\u00fc<\/span><\/p>\n<p><span>\u0130dlib K\u0131rsal\u0131n\u0131n Serakib b\u00f6lgesinde d\u00fczenlenen operasyon sonucunda bir ter\u00f6r yuvas\u0131n\u0131n yok edildi\u011fini dile getiren kaynak; burada meydana gelen \u00e7at\u0131\u015fmada Nusra Cephesi isimli ter\u00f6r olu\u015fumuna ba\u011fl\u0131 11 ter\u00f6ristin \u00f6l\u00fc olarak ele ge\u00e7irildi\u011fini belirtti.<\/span><\/p>\n<p><span>Kaynak; operasyona bir\u00e7ok ter\u00f6ristin de yaral\u0131 d\u00fc\u015f\u00fcr\u00fclmesine ek olarak a\u011f\u0131r makineli silahlarla donat\u0131lm\u0131\u015f bir\u00e7ok arac\u0131n imha edildi\u011fini ekledi.<\/span><\/p>\n","protected":false},"excerpt":{"rendered":"<p>\u0130LLER \u2013 Kahraman ordu birliklerimiz, Halep, Homs, Dera, Lazkiye ve \u015eam ba\u015fta olmak \u00fczere \u00fclkenin her k\u00f6\u015fesinde ter\u00f6re kar\u015f\u0131 direni\u015flerini s\u00fcrd\u00fcr\u00fcyorlar. Ter\u00f6ristlere Ait Silah-M\u00fchimmat Depolar\u0131 \u0130mha Edildi Askeri bir kaynak kahraman birliklerimizin Halep\u2019in Helk, ve \u015eeyh Lutf b\u00f6lgelerinde ter\u00f6ristlere ait silah-m\u00fchimmat depolar\u0131n\u0131 imha ettiklerini ve buralarda meydana gelen \u00e7at\u0131\u015fmalarda \u00e7ok say\u0131da ter\u00f6risti \u00f6l\u00fc ve yaral\u0131 &hellip;<\/p>\n","protected":false},"author":1,"featured_media":2690,"comment_status":"closed","ping_status":"closed","sticky":false,"template":"","format":"standard","meta":{"footnotes":""},"categories":[575,478],"tags":[604],"class_list":["post-2689","post","type-post","status-publish","format-standard","has-post-thumbnail","","category-olaylar-ve-gercekler","category-yerel","tag-terore-karsi-direnis-ulkenin-her-kosesinde-suruyor"],"_links":{"self":[{"href":"https:\/\/archive.sana.sy\/tr\/index.php?rest_route=\/wp\/v2\/posts\/2689","targetHints":{"allow":["GET"]}}],"collection":[{"href":"https:\/\/archive.sana.sy\/tr\/index.php?rest_route=\/wp\/v2\/posts"}],"about":[{"href":"https:\/\/archive.sana.sy\/tr\/index.php?rest_route=\/wp\/v2\/types\/post"}],"author":[{"embeddable":true,"href":"https:\/\/archive.sana.sy\/tr\/index.php?rest_route=\/wp\/v2\/users\/1"}],"replies":[{"embeddable":true,"href":"https:\/\/archive.sana.sy\/tr\/index.php?rest_route=%2Fwp%2Fv2%2Fcomments&post=2689"}],"version-history":[{"count":0,"href":"https:\/\/archive.sana.sy\/tr\/index.php?rest_route=\/wp\/v2\/posts\/2689\/revisions"}],"wp:featuredmedia":[{"embeddable":true,"href":"https:\/\/archive.sana.sy\/tr\/index.php?rest_route=\/wp\/v2\/media\/2690"}],"wp:attachment":[{"href":"https:\/\/archive.sana.sy\/tr\/index.php?rest_route=%2Fwp%2Fv2%2Fmedia&parent=2689"}],"wp:term":[{"taxonomy":"category","embeddable":true,"href":"https:\/\/archive.sana.sy\/tr\/index.php?rest_route=%2Fwp%2Fv2%2Fcategories&post=2689"},{"taxonomy":"post_tag","embeddable":true,"href":"https:\/\/archive.sana.sy\/tr\/index.php?rest_route=%2Fwp%2Fv2%2Ftags&post=2689"}],"curies":[{"name":"wp","href":"https:\/\/api.w.org\/{rel}","templated":true}]}}