{"id":268902,"date":"2022-12-11T20:10:06","date_gmt":"2022-12-11T18:10:06","guid":{"rendered":"http:\/\/107.6.182.27\/tr\/?p=268902"},"modified":"2022-12-12T07:59:24","modified_gmt":"2022-12-12T05:59:24","slug":"isgalci-turkiye-ver-kiraliklari-haseke-kirsalindaki-iki-koyu-bombaladi","status":"publish","type":"post","link":"https:\/\/archive.sana.sy\/tr\/?p=268902","title":{"rendered":"\u0130\u015fgalci T\u00fcrkiye Ver Kiral\u0131klar\u0131 Haseke K\u0131rsal\u0131ndaki \u0130ki K\u00f6y\u00fc Bombalad\u0131"},"content":{"rendered":"<p><strong>HASEKE<\/strong> \u2013 \u0130\u015fgalci T\u00fcrkiye ve kiral\u0131klar\u0131, Haseke&#8217;nin kuzeybat\u0131 k\u0131rsal\u0131na ba\u011fl\u0131 Tel Tamir il\u00e7esindeki iki k\u00f6y\u00fc bombalad\u0131.<\/p>\n<p>Yerel kaynaklar SANA muhabirine verdi\u011fi deme\u00e7te, Haseke&#8217;nin uzak kuzey k\u0131rsal\u0131ndaki Tel Mandal \u00fcss\u00fcnde konu\u015flanan i\u015fgalci T\u00fcrkiye ve kiral\u0131klar\u0131 taraf\u0131ndan ge\u00e7ti\u011fimiz saatlerde \u00e7ok say\u0131da top mermisi at\u0131ld\u0131\u011fn\u0131 ve bu top mermilerinin, Tel Tamir il\u00e7esinin bat\u0131s\u0131ndaki bulunan Tel Elleben ve El Kuzeliye k\u00f6ylerine d\u00fc\u015ft\u00fc\u011f\u00fcn\u00fc ve sald\u0131r\u0131n\u0131n alt\u0131yap\u0131da maddi zarara yol a\u00e7t\u0131\u011f\u0131n\u0131 belirtti.<\/p>\n<p><a class=\"x1i10hfl xjbqb8w x6umtig x1b1mbwd xaqea5y xav7gou x9f619 x1ypdohk xt0psk2 xe8uvvx xdj266r x11i5rnm xat24cr x1mh8g0r xexx8yu x4uap5 x18d9i69 xkhd6sd x16tdsg8 x1hl2dhg xggy1nq x1a2a7pz xt0b8zv x1qq9wsj xo1l8bm\" tabindex=\"0\" role=\"link\" href=\"https:\/\/www.facebook.com\/hashtag\/telegram_kanal%C4%B1m%C4%B1z?__eep__=6&amp;__cft__[0]=AZVxXadJrFgwL2-JAbmisu9a-ECY21Z1F0dLjUoIVCELO2zVU25ktKNHSnsxZ1m-U89mg2pKHElH3ebPy8ymKukFyQnq7kMprjsQWWyo8nRVJiZ7z2nDQQDph6AVB-ELXis&amp;__tn__=*NK-R\">#Telegram_Kanal\u0131m\u0131z<\/a>:\u00a0<a class=\"x1i10hfl xjbqb8w x6umtig x1b1mbwd xaqea5y xav7gou x9f619 x1ypdohk xt0psk2 xe8uvvx xdj266r x11i5rnm xat24cr x1mh8g0r xexx8yu x4uap5 x18d9i69 xkhd6sd x16tdsg8 x1hl2dhg xggy1nq x1a2a7pz xt0b8zv x1fey0fg\" tabindex=\"0\" role=\"link\" href=\"https:\/\/t.me\/SuriyeArapHaberAjans%C4%B1?fbclid=IwAR2ufbpuRVN2v73LDbDXGJRPGFIA7nhowfcb4E635hMxSE4c3rkQTUH1kCE\" target=\"_blank\" rel=\"nofollow noopener\">https:\/\/t.me\/SuriyeArapHaberAjans\u0131<\/a><\/p>\n","protected":false},"excerpt":{"rendered":"<p>HASEKE \u2013 \u0130\u015fgalci T\u00fcrkiye ve kiral\u0131klar\u0131, Haseke&#8217;nin kuzeybat\u0131 k\u0131rsal\u0131na ba\u011fl\u0131 Tel Tamir il\u00e7esindeki iki k\u00f6y\u00fc bombalad\u0131. Yerel kaynaklar SANA muhabirine verdi\u011fi deme\u00e7te, Haseke&#8217;nin uzak kuzey k\u0131rsal\u0131ndaki Tel Mandal \u00fcss\u00fcnde konu\u015flanan i\u015fgalci T\u00fcrkiye ve kiral\u0131klar\u0131 taraf\u0131ndan ge\u00e7ti\u011fimiz saatlerde \u00e7ok say\u0131da top mermisi at\u0131ld\u0131\u011fn\u0131 ve bu top mermilerinin, Tel Tamir il\u00e7esinin bat\u0131s\u0131ndaki bulunan Tel Elleben ve El &hellip;<\/p>\n","protected":false},"author":41,"featured_media":268904,"comment_status":"closed","ping_status":"closed","sticky":false,"template":"","format":"standard","meta":{"footnotes":""},"categories":[575,17988,2554,2555],"tags":[],"class_list":["post-268902","post","type-post","status-publish","format-standard","has-post-thumbnail","","category-olaylar-ve-gercekler","category-son-haberler","category-suriye-ve-dunya","category-suriye-ve-turkiye"],"_links":{"self":[{"href":"https:\/\/archive.sana.sy\/tr\/index.php?rest_route=\/wp\/v2\/posts\/268902","targetHints":{"allow":["GET"]}}],"collection":[{"href":"https:\/\/archive.sana.sy\/tr\/index.php?rest_route=\/wp\/v2\/posts"}],"about":[{"href":"https:\/\/archive.sana.sy\/tr\/index.php?rest_route=\/wp\/v2\/types\/post"}],"author":[{"embeddable":true,"href":"https:\/\/archive.sana.sy\/tr\/index.php?rest_route=\/wp\/v2\/users\/41"}],"replies":[{"embeddable":true,"href":"https:\/\/archive.sana.sy\/tr\/index.php?rest_route=%2Fwp%2Fv2%2Fcomments&post=268902"}],"version-history":[{"count":0,"href":"https:\/\/archive.sana.sy\/tr\/index.php?rest_route=\/wp\/v2\/posts\/268902\/revisions"}],"wp:featuredmedia":[{"embeddable":true,"href":"https:\/\/archive.sana.sy\/tr\/index.php?rest_route=\/wp\/v2\/media\/268904"}],"wp:attachment":[{"href":"https:\/\/archive.sana.sy\/tr\/index.php?rest_route=%2Fwp%2Fv2%2Fmedia&parent=268902"}],"wp:term":[{"taxonomy":"category","embeddable":true,"href":"https:\/\/archive.sana.sy\/tr\/index.php?rest_route=%2Fwp%2Fv2%2Fcategories&post=268902"},{"taxonomy":"post_tag","embeddable":true,"href":"https:\/\/archive.sana.sy\/tr\/index.php?rest_route=%2Fwp%2Fv2%2Ftags&post=268902"}],"curies":[{"name":"wp","href":"https:\/\/api.w.org\/{rel}","templated":true}]}}