{"id":268908,"date":"2022-12-11T17:37:02","date_gmt":"2022-12-11T15:37:02","guid":{"rendered":"http:\/\/107.6.182.27\/tr\/?p=268908"},"modified":"2022-12-12T07:53:02","modified_gmt":"2022-12-12T05:53:02","slug":"suriye-japon-dostluk-derneginden-bir-heyet-homstaki-kultur-kompleksine-sakura-agaclari-dikti","status":"publish","type":"post","link":"https:\/\/archive.sana.sy\/tr\/?p=268908","title":{"rendered":"Suriye-Japon Dostluk Derne\u011fi&#8217;nden Bir Heyet Homs&#8217;taki K\u00fclt\u00fcr Kompleksi&#8217;ne Sakura A\u011fa\u00e7lar\u0131 Dikti"},"content":{"rendered":"<p>HOMS &#8211; Suriye-Japon Dostluk Derne\u011fi&#8217;nden bir heyet bug\u00fcn Homs&#8217;un El-\u015eammas semtindeki K\u00fclt\u00fcr Kompleksi&#8217;nin bah\u00e7esine Japon sakura a\u011fac\u0131n\u0131n fidanlar\u0131n\u0131 dikti.<\/p>\n<p><img loading=\"lazy\" decoding=\"async\" class=\"size-full wp-image-268910 alignright\" src=\"http:\/\/107.6.182.27\/tr\/wp-content\/uploads\/2022\/12\/IMG_5891-copy-300x200-1.jpg\" alt=\"\" width=\"300\" height=\"200\" srcset=\"https:\/\/archive.sana.sy\/tr\/wp-content\/uploads\/2022\/12\/IMG_5891-copy-300x200-1.jpg 300w, https:\/\/archive.sana.sy\/tr\/wp-content\/uploads\/2022\/12\/IMG_5891-copy-300x200-1-150x100.jpg 150w\" sizes=\"auto, (max-width: 300px) 100vw, 300px\" \/>Dernek Y\u00f6netim Kurulu Ba\u015fkan\u0131 Profes\u00f6r Yoshita Kasato, SANA muhabirine yapt\u0131\u011f\u0131 a\u00e7\u0131klamada, yeti\u015ftirilmesi Suriye topraklar\u0131nda b\u00fcy\u00fck ilgi g\u00f6ren ve bir k\u0131sm\u0131 K\u00fclt\u00fcr Kompleksi bah\u00e7esine daha \u00f6nceden dikilmi\u015f olan bu a\u011fac\u0131n, yerden sorumlular\u0131n dikkat ve \u00f6zeni sayesinde ileri bir b\u00fcy\u00fcme a\u015famas\u0131na geldi\u011fi g\u00f6r\u00fcld\u00fc\u011f\u00fcne dikkat \u00e7ekti.<\/p>\n<p>Homs K\u00fclt\u00fcr M\u00fcd\u00fcr\u00fc Hasan\u00a0 El Labbad, 2010 y\u0131l\u0131nda \u00f6zellikle bu a\u011fac\u0131n Japon halk\u0131 ve k\u00fclt\u00fcr\u00fc i\u00e7in ay\u0131rt edici bir simge ta\u015f\u0131mas\u0131 nedeniyle K\u00fclt\u00fcr Kompleksi de dahil olmak \u00fczere Suriye&#8217;nin \u00e7e\u015fitli b\u00f6lgelerine sakura a\u011fa\u00e7lar\u0131n\u0131n dikildi\u011fini belirtti.<\/p>\n<p>Suriye&#8217;deki JICA Dostlar\u0131 Derne\u011fi Y\u00f6netim Kurulu Ba\u015fkan\u0131 Mustafa Rl Agbar, Suriye&#8217;de sakura a\u011fac\u0131 dikme projesinin sava\u015ftan \u00f6nce ba\u015flad\u0131\u011f\u0131n\u0131 ifade ederek, Bu a\u011fac\u0131n birka\u00e7 Suriye \u015fehrine dikilmesinin iki halk aras\u0131ndaki kar\u015f\u0131l\u0131kl\u0131 sevgiyi ifade etti\u011fi belirtti.<\/p>\n<p><a class=\"x1i10hfl xjbqb8w x6umtig x1b1mbwd xaqea5y xav7gou x9f619 x1ypdohk xt0psk2 xe8uvvx xdj266r x11i5rnm xat24cr x1mh8g0r xexx8yu x4uap5 x18d9i69 xkhd6sd x16tdsg8 x1hl2dhg xggy1nq x1a2a7pz xt0b8zv x1qq9wsj xo1l8bm\" tabindex=\"0\" role=\"link\" href=\"https:\/\/www.facebook.com\/hashtag\/telegram_kanal%C4%B1m%C4%B1z?__eep__=6&amp;__cft__[0]=AZXiwT_uXwg0x8aYmMraLTH_XLzZss2T-9pjdcZ1-wiNKQo26ss9foTjVGGgrmO2Uskif2HgBHgHaLSIP_q2Ohh-2DgQUb_YwjnMNZjfKEupaZkLgwA_QMsJuN_dIwpVnFxror36zqmz_LS9EvwyUoMmN0tIC1lXhmp9GCX73ziAxT_gh53K0bYwwsaiAmpl1-I&amp;__tn__=*NK-R\">#Telegram_Kanal\u0131m\u0131z<\/a>:\u00a0<a class=\"x1i10hfl xjbqb8w x6umtig x1b1mbwd xaqea5y xav7gou x9f619 x1ypdohk xt0psk2 xe8uvvx xdj266r x11i5rnm xat24cr x1mh8g0r xexx8yu x4uap5 x18d9i69 xkhd6sd x16tdsg8 x1hl2dhg xggy1nq x1a2a7pz xt0b8zv x1fey0fg\" tabindex=\"0\" role=\"link\" href=\"https:\/\/t.me\/SuriyeArapHaberAjans%C4%B1?fbclid=IwAR2ma0EOOErb-1msyzyunVhaR0mK2MRqLNbM-9oGZNf8n9yqy9xZmtQEE8A\" target=\"_blank\" rel=\"nofollow noopener\">https:\/\/t.me\/SuriyeArapHaberAjans\u0131<\/a><\/p>\n<div id='gallery-1' class='gallery galleryid-268908 gallery-columns-2 gallery-size-full'><figure class='gallery-item'>\n\t\t\t<div class='gallery-icon landscape'>\n\t\t\t\t<a href='https:\/\/archive.sana.sy\/tr\/wp-content\/uploads\/2022\/12\/IMG_5941-copy.jpg'><img loading=\"lazy\" decoding=\"async\" width=\"660\" height=\"440\" src=\"https:\/\/archive.sana.sy\/tr\/wp-content\/uploads\/2022\/12\/IMG_5941-copy.jpg\" class=\"attachment-full size-full\" alt=\"\" srcset=\"https:\/\/archive.sana.sy\/tr\/wp-content\/uploads\/2022\/12\/IMG_5941-copy.jpg 660w, https:\/\/archive.sana.sy\/tr\/wp-content\/uploads\/2022\/12\/IMG_5941-copy-300x200.jpg 300w, https:\/\/archive.sana.sy\/tr\/wp-content\/uploads\/2022\/12\/IMG_5941-copy-150x100.jpg 150w\" sizes=\"auto, (max-width: 660px) 100vw, 660px\" \/><\/a>\n\t\t\t<\/div><\/figure><figure class='gallery-item'>\n\t\t\t<div class='gallery-icon landscape'>\n\t\t\t\t<a href='https:\/\/archive.sana.sy\/tr\/wp-content\/uploads\/2022\/12\/IMG_5936-copy.jpg'><img loading=\"lazy\" decoding=\"async\" width=\"660\" height=\"440\" src=\"https:\/\/archive.sana.sy\/tr\/wp-content\/uploads\/2022\/12\/IMG_5936-copy.jpg\" class=\"attachment-full size-full\" alt=\"\" srcset=\"https:\/\/archive.sana.sy\/tr\/wp-content\/uploads\/2022\/12\/IMG_5936-copy.jpg 660w, https:\/\/archive.sana.sy\/tr\/wp-content\/uploads\/2022\/12\/IMG_5936-copy-300x200.jpg 300w, https:\/\/archive.sana.sy\/tr\/wp-content\/uploads\/2022\/12\/IMG_5936-copy-150x100.jpg 150w\" sizes=\"auto, (max-width: 660px) 100vw, 660px\" \/><\/a>\n\t\t\t<\/div><\/figure><figure class='gallery-item'>\n\t\t\t<div class='gallery-icon landscape'>\n\t\t\t\t<a href='https:\/\/archive.sana.sy\/tr\/wp-content\/uploads\/2022\/12\/IMG_5901-copy.jpg'><img loading=\"lazy\" decoding=\"async\" width=\"660\" height=\"428\" src=\"https:\/\/archive.sana.sy\/tr\/wp-content\/uploads\/2022\/12\/IMG_5901-copy.jpg\" class=\"attachment-full size-full\" alt=\"\" srcset=\"https:\/\/archive.sana.sy\/tr\/wp-content\/uploads\/2022\/12\/IMG_5901-copy.jpg 660w, https:\/\/archive.sana.sy\/tr\/wp-content\/uploads\/2022\/12\/IMG_5901-copy-300x195.jpg 300w, https:\/\/archive.sana.sy\/tr\/wp-content\/uploads\/2022\/12\/IMG_5901-copy-150x97.jpg 150w\" sizes=\"auto, (max-width: 660px) 100vw, 660px\" \/><\/a>\n\t\t\t<\/div><\/figure><figure class='gallery-item'>\n\t\t\t<div class='gallery-icon landscape'>\n\t\t\t\t<a href='https:\/\/archive.sana.sy\/tr\/wp-content\/uploads\/2022\/12\/IMG_5833-copy.jpg'><img loading=\"lazy\" decoding=\"async\" width=\"660\" height=\"440\" src=\"https:\/\/archive.sana.sy\/tr\/wp-content\/uploads\/2022\/12\/IMG_5833-copy.jpg\" class=\"attachment-full size-full\" alt=\"\" srcset=\"https:\/\/archive.sana.sy\/tr\/wp-content\/uploads\/2022\/12\/IMG_5833-copy.jpg 660w, https:\/\/archive.sana.sy\/tr\/wp-content\/uploads\/2022\/12\/IMG_5833-copy-300x200.jpg 300w, https:\/\/archive.sana.sy\/tr\/wp-content\/uploads\/2022\/12\/IMG_5833-copy-150x100.jpg 150w\" sizes=\"auto, (max-width: 660px) 100vw, 660px\" \/><\/a>\n\t\t\t<\/div><\/figure>\n\t\t<\/div>\n\n","protected":false},"excerpt":{"rendered":"<p>HOMS &#8211; Suriye-Japon Dostluk Derne\u011fi&#8217;nden bir heyet bug\u00fcn Homs&#8217;un El-\u015eammas semtindeki K\u00fclt\u00fcr Kompleksi&#8217;nin bah\u00e7esine Japon sakura a\u011fac\u0131n\u0131n fidanlar\u0131n\u0131 dikti. Dernek Y\u00f6netim Kurulu Ba\u015fkan\u0131 Profes\u00f6r Yoshita Kasato, SANA muhabirine yapt\u0131\u011f\u0131 a\u00e7\u0131klamada, yeti\u015ftirilmesi Suriye topraklar\u0131nda b\u00fcy\u00fck ilgi g\u00f6ren ve bir k\u0131sm\u0131 K\u00fclt\u00fcr Kompleksi bah\u00e7esine daha \u00f6nceden dikilmi\u015f olan bu a\u011fac\u0131n, yerden sorumlular\u0131n dikkat ve \u00f6zeni sayesinde ileri &hellip;<\/p>\n","protected":false},"author":41,"featured_media":268909,"comment_status":"closed","ping_status":"closed","sticky":false,"template":"","format":"standard","meta":{"footnotes":""},"categories":[479,17988,478],"tags":[],"class_list":["post-268908","post","type-post","status-publish","format-standard","has-post-thumbnail","","category-haberler-yerel","category-son-haberler","category-yerel"],"_links":{"self":[{"href":"https:\/\/archive.sana.sy\/tr\/index.php?rest_route=\/wp\/v2\/posts\/268908","targetHints":{"allow":["GET"]}}],"collection":[{"href":"https:\/\/archive.sana.sy\/tr\/index.php?rest_route=\/wp\/v2\/posts"}],"about":[{"href":"https:\/\/archive.sana.sy\/tr\/index.php?rest_route=\/wp\/v2\/types\/post"}],"author":[{"embeddable":true,"href":"https:\/\/archive.sana.sy\/tr\/index.php?rest_route=\/wp\/v2\/users\/41"}],"replies":[{"embeddable":true,"href":"https:\/\/archive.sana.sy\/tr\/index.php?rest_route=%2Fwp%2Fv2%2Fcomments&post=268908"}],"version-history":[{"count":0,"href":"https:\/\/archive.sana.sy\/tr\/index.php?rest_route=\/wp\/v2\/posts\/268908\/revisions"}],"wp:featuredmedia":[{"embeddable":true,"href":"https:\/\/archive.sana.sy\/tr\/index.php?rest_route=\/wp\/v2\/media\/268909"}],"wp:attachment":[{"href":"https:\/\/archive.sana.sy\/tr\/index.php?rest_route=%2Fwp%2Fv2%2Fmedia&parent=268908"}],"wp:term":[{"taxonomy":"category","embeddable":true,"href":"https:\/\/archive.sana.sy\/tr\/index.php?rest_route=%2Fwp%2Fv2%2Fcategories&post=268908"},{"taxonomy":"post_tag","embeddable":true,"href":"https:\/\/archive.sana.sy\/tr\/index.php?rest_route=%2Fwp%2Fv2%2Ftags&post=268908"}],"curies":[{"name":"wp","href":"https:\/\/api.w.org\/{rel}","templated":true}]}}