{"id":26894,"date":"2015-03-18T15:40:41","date_gmt":"2015-03-18T13:40:41","guid":{"rendered":"http:\/\/www.sana.sy\/tr\/?p=26894"},"modified":"2015-03-18T15:42:48","modified_gmt":"2015-03-18T13:42:48","slug":"suriyeye-yonelik-savas-yikim-olum-ve-yaptirimlarin-durdurulmasini-talep-etti","status":"publish","type":"post","link":"https:\/\/archive.sana.sy\/tr\/?p=26894","title":{"rendered":"Suriye&#8217;ye Y\u00f6nelik Sava\u015f, Y\u0131k\u0131m, \u00d6l\u00fcm ve Yapt\u0131r\u0131mlar\u0131n Durdurulmas\u0131n\u0131 Talep Etti"},"content":{"rendered":"<p>BEYRUT \u2013 Suriye ve t\u00fcm d\u00fcnyada Katolik kiliseler ba\u015fkanlar\u0131 meclisi d\u00fcn Antakya ve T\u00fcm Do\u011fu Rum Melkite Katolikler Patri\u011fi III. Grigorios Lahham ba\u015fkanl\u0131\u011f\u0131nda Homs k\u0131rsal\u0131n\u0131n Zeydal K\u00f6y\u00fcndeki Seyyidet\u00fclnecat S\u00fcryani Katolik Kilisesinde topland\u0131.<\/p>\n<p>Meclis oturumunda Suriye&#8217;ye y\u00f6nelik evrensel sava\u015f ve halk\u0131na y\u00f6nelik uygulanan kat\u0131 ekonomik yapt\u0131r\u0131mlar\u0131n kald\u0131r\u0131lmas\u0131n\u0131 talep etti. Suriye&#8217;de y\u0131k\u0131m, \u00f6l\u00fcm ve altyap\u0131y\u0131 sabote eden ter\u00f6re son verilmesini talep eden Meclis; Suriyelilerin diyarlar\u0131ndan ve evlerinden tehcir edilmelerine yol a\u00e7an her t\u00fcrl\u00fc eyleme s\u0131n\u0131r koyma talebinde bulundu.<\/p>\n<p>Suriye&#8217;de d\u0131\u015f g\u00fc\u00e7lerin destekledi\u011fi ter\u00f6r\u00fcn masum sivil halk\u0131, medeniyeti, altyap\u0131 ve hizmet kurumlar\u0131n\u0131, tarih ve folkloru, k\u00fclt\u00fcr ve ekonomiyi sistematik bir \u015fekilde hedef ald\u0131\u011f\u0131na dikkat \u00e7eken Meclis; Suriye&#8217;de bar\u0131\u015f\u0131n sa\u011flanmas\u0131 u\u011fruna oru\u00e7 ve dua g\u00fcn\u00fcne \u00e7a\u011fr\u0131 yapt\u0131.<\/p>\n<p>D\u00fcnyan\u0131n etkin g\u00fc\u00e7lerine seslenen Meclis; \u201cBizler Suriye&#8217;de asil bir halk olup Suriye halk\u0131 ve y\u00f6netimiyle birlikte Hz Mesihin do\u011fu\u015fu ve H\u0131ristiyan dininin yay\u0131lmas\u0131na tan\u0131k olan bu topraklara tutunma sorumlulu\u011funu payla\u015f\u0131yoruz. Kendi gelece\u011fimiz belirleme hakk\u0131 ve \u00f6zg\u00fcrl\u00fc\u011f\u00fcn\u00fc bize b\u0131rak\u0131n..\u201d ifadesini kulland\u0131.<\/p>\n<p>A.A. &#8211; M.M.<\/p>\n","protected":false},"excerpt":{"rendered":"<p>BEYRUT \u2013 Suriye ve t\u00fcm d\u00fcnyada Katolik kiliseler ba\u015fkanlar\u0131 meclisi d\u00fcn Antakya ve T\u00fcm Do\u011fu Rum Melkite Katolikler Patri\u011fi III. Grigorios Lahham ba\u015fkanl\u0131\u011f\u0131nda Homs k\u0131rsal\u0131n\u0131n Zeydal K\u00f6y\u00fcndeki Seyyidet\u00fclnecat S\u00fcryani Katolik Kilisesinde topland\u0131. Meclis oturumunda Suriye&#8217;ye y\u00f6nelik evrensel sava\u015f ve halk\u0131na y\u00f6nelik uygulanan kat\u0131 ekonomik yapt\u0131r\u0131mlar\u0131n kald\u0131r\u0131lmas\u0131n\u0131 talep etti. Suriye&#8217;de y\u0131k\u0131m, \u00f6l\u00fcm ve altyap\u0131y\u0131 sabote eden &hellip;<\/p>\n","protected":false},"author":1,"featured_media":26898,"comment_status":"closed","ping_status":"closed","sticky":false,"template":"","format":"standard","meta":{"footnotes":""},"categories":[458,459,447],"tags":[12685,12684,12683,5186],"class_list":["post-26894","post","type-post","status-publish","format-standard","has-post-thumbnail","","category-dunya1","category-haberler-arap-uluslararasi-politika","category-politika","tag-beyrut-suriye-ve-tum-dunyada-katolik-kiliseler-baskanlari-meclisi-dun-antakya-ve-tum-dogu-rum-melkite-katolikler-patrigi-iii-grigorios-lahham-baskanliginda-homs-kirsalinin-zeydal-koyundeki","tag-olum-ve-yaptirimlarin-durdurulmasini-talep-etti","tag-suriyeye-yonelik-savas","tag-yikim"],"_links":{"self":[{"href":"https:\/\/archive.sana.sy\/tr\/index.php?rest_route=\/wp\/v2\/posts\/26894","targetHints":{"allow":["GET"]}}],"collection":[{"href":"https:\/\/archive.sana.sy\/tr\/index.php?rest_route=\/wp\/v2\/posts"}],"about":[{"href":"https:\/\/archive.sana.sy\/tr\/index.php?rest_route=\/wp\/v2\/types\/post"}],"author":[{"embeddable":true,"href":"https:\/\/archive.sana.sy\/tr\/index.php?rest_route=\/wp\/v2\/users\/1"}],"replies":[{"embeddable":true,"href":"https:\/\/archive.sana.sy\/tr\/index.php?rest_route=%2Fwp%2Fv2%2Fcomments&post=26894"}],"version-history":[{"count":0,"href":"https:\/\/archive.sana.sy\/tr\/index.php?rest_route=\/wp\/v2\/posts\/26894\/revisions"}],"wp:featuredmedia":[{"embeddable":true,"href":"https:\/\/archive.sana.sy\/tr\/index.php?rest_route=\/wp\/v2\/media\/26898"}],"wp:attachment":[{"href":"https:\/\/archive.sana.sy\/tr\/index.php?rest_route=%2Fwp%2Fv2%2Fmedia&parent=26894"}],"wp:term":[{"taxonomy":"category","embeddable":true,"href":"https:\/\/archive.sana.sy\/tr\/index.php?rest_route=%2Fwp%2Fv2%2Fcategories&post=26894"},{"taxonomy":"post_tag","embeddable":true,"href":"https:\/\/archive.sana.sy\/tr\/index.php?rest_route=%2Fwp%2Fv2%2Ftags&post=26894"}],"curies":[{"name":"wp","href":"https:\/\/api.w.org\/{rel}","templated":true}]}}