{"id":26900,"date":"2015-03-18T16:33:03","date_gmt":"2015-03-18T14:33:03","guid":{"rendered":"http:\/\/www.sana.sy\/tr\/?p=26900"},"modified":"2015-03-19T15:36:37","modified_gmt":"2015-03-19T13:36:37","slug":"bagimsizlik-ve-egemenlikten-odun-vermemek-icin-kredi-sunumlari-reddedildi","status":"publish","type":"post","link":"https:\/\/archive.sana.sy\/tr\/?p=26900","title":{"rendered":"Ba\u011f\u0131ms\u0131zl\u0131k ve Egemenlikten \u00d6d\u00fcn Vermemek \u0130\u00e7in Kredi Sunumlar\u0131 Reddedildi"},"content":{"rendered":"<p>\u015eAM \u2013 \u0130\u015f\u00e7i Sendikalar\u0131 Konfederasyonu bug\u00fcn kurulu\u015funun 77. Y\u0131ld\u00f6n\u00fcm\u00fc m\u00fcnasebetiyle \u015eam \u0130\u015f\u00e7i Sendikas\u0131 Binas\u0131nda merkezi bir t\u00f6ren d\u00fczenledi.<\/p>\n<p>\u0130\u015f\u00e7i tabakas\u0131n\u0131n mevcut ko\u015fullar i\u00e7inde vatan u\u011fruna bulunduklar\u0131 \u00f6zverilere takdirin vurguland\u0131\u011f\u0131 etkinlikte yap\u0131lan konu\u015fmalarda i\u015f\u00e7ilerin hak ve hukuklar\u0131na kavu\u015fmalar\u0131nda harcanan \u00e7abalara \u0131\u015f\u0131k tutuldu.<\/p>\n<p>Suriye&#8217;ye y\u00f6nelik sava\u015fta modern Suriye&#8217;nin temellerini atan ve toplumun yap\u0131s\u0131n\u0131 g\u00fc\u00e7lendiren 8 Mart devriminin t\u00fcm ba\u015far\u0131lar\u0131n\u0131n hedef al\u0131nd\u0131\u011f\u0131na dikkat \u00e7ekilen konu\u015fmalarda; Suriye&#8217;nin \u015fanl\u0131 ordusu ve bu kahraman orduyla omuz omuza vatan\u0131 savunan Suriye halk\u0131n\u0131n m\u00fccadelesinin takdire \u015fayan oldu\u011fu ifade edildi.<\/p>\n<p>Suriye&#8217;nin yurtsever onurlu evlatlar\u0131n\u0131n al\u0131n teriyle ba\u011f\u0131ms\u0131z ve egemen bir devlet olarak yap\u0131land\u0131r\u0131ld\u0131\u011f\u0131na vurgu yap\u0131lan konu\u015fmalarda; ulusal ilke ve de\u011ferlerden \u00f6d\u00fcn vermenin m\u00fcmk\u00fcn olmad\u0131\u011f\u0131n\u0131n alt\u0131 \u00e7izildi.<\/p>\n<p>Konu\u015fmac\u0131lar i\u015f\u00e7i ve emek\u00e7ileriyle yap\u0131land\u0131r\u0131lan g\u00fc\u00e7l\u00fc Kale Suriye&#8217;nin y\u0131k\u0131lmas\u0131n\u0131n m\u00fcmk\u00fcn olmad\u0131\u011f\u0131n\u0131, i\u015f\u00e7i ve emek\u00e7ilerin vatan u\u011fruna \u00e7aba ve \u00f6zverilerini s\u00fcrd\u00fcreceklerini vurgulad\u0131.<\/p>\n<p>Sosyalist Arap el Baas Partisi Ulusal Merkez Y\u00f6netim Kurulu \u00fcyesi ve kurulda i\u015f\u00e7i departman\u0131 ba\u015fkan\u0131 \u015eaban Azzuz konu\u015fmas\u0131nda Suriye&#8217;nin ge\u00e7en s\u00fcre i\u00e7inde Uluslararas\u0131 Para Fonu, Merkez Bankas\u0131, D\u00fcnya Ticaret \u00d6rg\u00fct\u00fc, Avrupa Birli\u011fi ve daha bir\u00e7ok uluslar aras\u0131 kurumlardan kredi takdim etme sunumlar\u0131 ald\u0131\u011f\u0131n\u0131 belirtti.<\/p>\n<p>Azzuz fakat Suriye y\u00f6netiminin bu kredileri kabul etmekle Suriye&#8217;nin ba\u011f\u0131ms\u0131zl\u0131k ve egemenlikten mahrum olup bu kurumlara tabi olaca\u011f\u0131n\u0131 idrak etmeleriyle s\u00f6z konusu kredi tekliflerini reddetti\u011fine dikkat \u00e7ekti.<\/p>\n<div id='gallery-1' class='gallery galleryid-26900 gallery-columns-3 gallery-size-thumbnail'><figure class='gallery-item'>\n\t\t\t<div class='gallery-icon landscape'>\n\t\t\t\t<a href='https:\/\/archive.sana.sy\/tr\/wp-content\/uploads\/2015\/03\/SMR_0783.jpg'><img loading=\"lazy\" decoding=\"async\" width=\"150\" height=\"105\" src=\"https:\/\/archive.sana.sy\/tr\/wp-content\/uploads\/2015\/03\/SMR_0783-150x105.jpg\" class=\"attachment-thumbnail size-thumbnail\" alt=\"\" srcset=\"https:\/\/archive.sana.sy\/tr\/wp-content\/uploads\/2015\/03\/SMR_0783-150x105.jpg 150w, https:\/\/archive.sana.sy\/tr\/wp-content\/uploads\/2015\/03\/SMR_0783-300x209.jpg 300w, https:\/\/archive.sana.sy\/tr\/wp-content\/uploads\/2015\/03\/SMR_0783-1024x714.jpg 1024w\" sizes=\"auto, (max-width: 150px) 100vw, 150px\" \/><\/a>\n\t\t\t<\/div><\/figure><figure class='gallery-item'>\n\t\t\t<div class='gallery-icon landscape'>\n\t\t\t\t<a href='https:\/\/archive.sana.sy\/tr\/wp-content\/uploads\/2015\/03\/SMR_0793.jpg'><img loading=\"lazy\" decoding=\"async\" width=\"150\" height=\"94\" src=\"https:\/\/archive.sana.sy\/tr\/wp-content\/uploads\/2015\/03\/SMR_0793-150x94.jpg\" class=\"attachment-thumbnail size-thumbnail\" alt=\"\" srcset=\"https:\/\/archive.sana.sy\/tr\/wp-content\/uploads\/2015\/03\/SMR_0793-150x94.jpg 150w, https:\/\/archive.sana.sy\/tr\/wp-content\/uploads\/2015\/03\/SMR_0793-300x187.jpg 300w, https:\/\/archive.sana.sy\/tr\/wp-content\/uploads\/2015\/03\/SMR_0793-1024x638.jpg 1024w\" sizes=\"auto, (max-width: 150px) 100vw, 150px\" \/><\/a>\n\t\t\t<\/div><\/figure><figure class='gallery-item'>\n\t\t\t<div class='gallery-icon landscape'>\n\t\t\t\t<a href='https:\/\/archive.sana.sy\/tr\/wp-content\/uploads\/2015\/03\/SMR_0795.jpg'><img loading=\"lazy\" decoding=\"async\" width=\"150\" height=\"94\" src=\"https:\/\/archive.sana.sy\/tr\/wp-content\/uploads\/2015\/03\/SMR_0795-150x94.jpg\" class=\"attachment-thumbnail size-thumbnail\" alt=\"\" srcset=\"https:\/\/archive.sana.sy\/tr\/wp-content\/uploads\/2015\/03\/SMR_0795-150x94.jpg 150w, https:\/\/archive.sana.sy\/tr\/wp-content\/uploads\/2015\/03\/SMR_0795-300x187.jpg 300w, https:\/\/archive.sana.sy\/tr\/wp-content\/uploads\/2015\/03\/SMR_0795-1024x638.jpg 1024w\" sizes=\"auto, (max-width: 150px) 100vw, 150px\" \/><\/a>\n\t\t\t<\/div><\/figure><figure class='gallery-item'>\n\t\t\t<div class='gallery-icon landscape'>\n\t\t\t\t<a href='https:\/\/archive.sana.sy\/tr\/wp-content\/uploads\/2015\/03\/SMR_0827.jpg'><img loading=\"lazy\" decoding=\"async\" width=\"150\" height=\"96\" src=\"https:\/\/archive.sana.sy\/tr\/wp-content\/uploads\/2015\/03\/SMR_0827-150x96.jpg\" class=\"attachment-thumbnail size-thumbnail\" alt=\"\" srcset=\"https:\/\/archive.sana.sy\/tr\/wp-content\/uploads\/2015\/03\/SMR_0827-150x96.jpg 150w, https:\/\/archive.sana.sy\/tr\/wp-content\/uploads\/2015\/03\/SMR_0827-300x193.jpg 300w, https:\/\/archive.sana.sy\/tr\/wp-content\/uploads\/2015\/03\/SMR_0827-1024x657.jpg 1024w\" sizes=\"auto, (max-width: 150px) 100vw, 150px\" \/><\/a>\n\t\t\t<\/div><\/figure><figure class='gallery-item'>\n\t\t\t<div class='gallery-icon landscape'>\n\t\t\t\t<a href='https:\/\/archive.sana.sy\/tr\/wp-content\/uploads\/2015\/03\/SMR_0832.jpg'><img loading=\"lazy\" decoding=\"async\" width=\"150\" height=\"105\" src=\"https:\/\/archive.sana.sy\/tr\/wp-content\/uploads\/2015\/03\/SMR_0832-150x105.jpg\" class=\"attachment-thumbnail size-thumbnail\" alt=\"\" srcset=\"https:\/\/archive.sana.sy\/tr\/wp-content\/uploads\/2015\/03\/SMR_0832-150x105.jpg 150w, https:\/\/archive.sana.sy\/tr\/wp-content\/uploads\/2015\/03\/SMR_0832-300x210.jpg 300w, https:\/\/archive.sana.sy\/tr\/wp-content\/uploads\/2015\/03\/SMR_0832-1024x715.jpg 1024w, https:\/\/archive.sana.sy\/tr\/wp-content\/uploads\/2015\/03\/SMR_0832.jpg 1602w\" sizes=\"auto, (max-width: 150px) 100vw, 150px\" \/><\/a>\n\t\t\t<\/div><\/figure><figure class='gallery-item'>\n\t\t\t<div class='gallery-icon landscape'>\n\t\t\t\t<a href='https:\/\/archive.sana.sy\/tr\/wp-content\/uploads\/2015\/03\/SMR_0854.jpg'><img loading=\"lazy\" decoding=\"async\" width=\"150\" height=\"92\" src=\"https:\/\/archive.sana.sy\/tr\/wp-content\/uploads\/2015\/03\/SMR_0854-150x92.jpg\" class=\"attachment-thumbnail size-thumbnail\" alt=\"\" srcset=\"https:\/\/archive.sana.sy\/tr\/wp-content\/uploads\/2015\/03\/SMR_0854-150x92.jpg 150w, https:\/\/archive.sana.sy\/tr\/wp-content\/uploads\/2015\/03\/SMR_0854-300x185.jpg 300w, https:\/\/archive.sana.sy\/tr\/wp-content\/uploads\/2015\/03\/SMR_0854-1024x630.jpg 1024w\" sizes=\"auto, (max-width: 150px) 100vw, 150px\" \/><\/a>\n\t\t\t<\/div><\/figure>\n\t\t<\/div>\n\n<p>A.A. &#8211; M.M.<\/p>\n","protected":false},"excerpt":{"rendered":"<p>\u015eAM \u2013 \u0130\u015f\u00e7i Sendikalar\u0131 Konfederasyonu bug\u00fcn kurulu\u015funun 77. Y\u0131ld\u00f6n\u00fcm\u00fc m\u00fcnasebetiyle \u015eam \u0130\u015f\u00e7i Sendikas\u0131 Binas\u0131nda merkezi bir t\u00f6ren d\u00fczenledi. \u0130\u015f\u00e7i tabakas\u0131n\u0131n mevcut ko\u015fullar i\u00e7inde vatan u\u011fruna bulunduklar\u0131 \u00f6zverilere takdirin vurguland\u0131\u011f\u0131 etkinlikte yap\u0131lan konu\u015fmalarda i\u015f\u00e7ilerin hak ve hukuklar\u0131na kavu\u015fmalar\u0131nda harcanan \u00e7abalara \u0131\u015f\u0131k tutuldu. Suriye&#8217;ye y\u00f6nelik sava\u015fta modern Suriye&#8217;nin temellerini atan ve toplumun yap\u0131s\u0131n\u0131 g\u00fc\u00e7lendiren 8 Mart devriminin &hellip;<\/p>\n","protected":false},"author":1,"featured_media":26901,"comment_status":"closed","ping_status":"closed","sticky":false,"template":"","format":"standard","meta":{"footnotes":""},"categories":[479,478],"tags":[12687,12686],"class_list":["post-26900","post","type-post","status-publish","format-standard","has-post-thumbnail","","category-haberler-yerel","category-yerel","tag-bagimsizlik-ve-egemenlikten-odun-vermemek-icin-kredi-sunumlari-reddedildi","tag-sam-isci-sendikalari-konfederasyonu-bugun-kurulusunun-77-yildonumu-munasebetiyle-sam-isci-sendikasi-binasinda-merkezi-bir-toren-duzenledi"],"_links":{"self":[{"href":"https:\/\/archive.sana.sy\/tr\/index.php?rest_route=\/wp\/v2\/posts\/26900","targetHints":{"allow":["GET"]}}],"collection":[{"href":"https:\/\/archive.sana.sy\/tr\/index.php?rest_route=\/wp\/v2\/posts"}],"about":[{"href":"https:\/\/archive.sana.sy\/tr\/index.php?rest_route=\/wp\/v2\/types\/post"}],"author":[{"embeddable":true,"href":"https:\/\/archive.sana.sy\/tr\/index.php?rest_route=\/wp\/v2\/users\/1"}],"replies":[{"embeddable":true,"href":"https:\/\/archive.sana.sy\/tr\/index.php?rest_route=%2Fwp%2Fv2%2Fcomments&post=26900"}],"version-history":[{"count":0,"href":"https:\/\/archive.sana.sy\/tr\/index.php?rest_route=\/wp\/v2\/posts\/26900\/revisions"}],"wp:featuredmedia":[{"embeddable":true,"href":"https:\/\/archive.sana.sy\/tr\/index.php?rest_route=\/wp\/v2\/media\/26901"}],"wp:attachment":[{"href":"https:\/\/archive.sana.sy\/tr\/index.php?rest_route=%2Fwp%2Fv2%2Fmedia&parent=26900"}],"wp:term":[{"taxonomy":"category","embeddable":true,"href":"https:\/\/archive.sana.sy\/tr\/index.php?rest_route=%2Fwp%2Fv2%2Fcategories&post=26900"},{"taxonomy":"post_tag","embeddable":true,"href":"https:\/\/archive.sana.sy\/tr\/index.php?rest_route=%2Fwp%2Fv2%2Ftags&post=26900"}],"curies":[{"name":"wp","href":"https:\/\/api.w.org\/{rel}","templated":true}]}}