{"id":269066,"date":"2022-12-13T10:38:41","date_gmt":"2022-12-13T08:38:41","guid":{"rendered":"http:\/\/107.6.182.27\/tr\/?p=269066"},"modified":"2022-12-14T07:15:42","modified_gmt":"2022-12-14T05:15:42","slug":"ordu-muhendislik-birimleri-teroristlerin-dera-sehrinde-yerlestirdigi-patlayiciyi-patladi","status":"publish","type":"post","link":"https:\/\/archive.sana.sy\/tr\/?p=269066","title":{"rendered":"Ordu M\u00fchendislik Birimleri, Ter\u00f6ristlerin Dera \u015eehrinde Yerle\u015ftirdi\u011fi Patlay\u0131c\u0131y\u0131 Patlad\u0131"},"content":{"rendered":"<p>DERA \u2013 Suriye Arap Ordusuna ait m\u00fchendislik birimleri,\u00a0 ter\u00f6ristlerin Dera \u015fehrinin El Ke\u015fif mahallesinde bir araca yerle\u015ftirdi\u011fi patlay\u0131c\u0131y\u0131 patlad\u0131.<\/p>\n<p>Bir saha kayna\u011f\u0131 SANA muhabirine, Suriye Arap Ordusu\u2019na ba\u011fl\u0131 m\u00fchendislik birimlerinin, ter\u00f6ristlerin Dera \u015fehirinin El Ke\u015fif mahallesinde bir araca yerle\u015ftirdi\u011fi patlay\u0131c\u0131y\u0131 infilak etti\u011fini belirtti.<\/p>\n<p>Kayna\u011f\u0131 , patlaman\u0131n olay yerinde maddi hasara yol a\u00e7t\u0131\u011f\u0131na i\u015faret etti.<\/p>\n<p><a class=\"x1i10hfl xjbqb8w x6umtig x1b1mbwd xaqea5y xav7gou x9f619 x1ypdohk xt0psk2 xe8uvvx xdj266r x11i5rnm xat24cr x1mh8g0r xexx8yu x4uap5 x18d9i69 xkhd6sd x16tdsg8 x1hl2dhg xggy1nq x1a2a7pz xt0b8zv x1qq9wsj xo1l8bm\" tabindex=\"0\" role=\"link\" href=\"https:\/\/www.facebook.com\/hashtag\/telegram_kanal%C4%B1m%C4%B1z?__eep__=6&amp;__cft__[0]=AZVO3hg-bXSXarAD5yRxdy30l2mFkdtW4v58anXx4wVR3jQ74XfAgOjnjn4z360dUyjbVJu3UGJziidZHeVNdHfQ7nfdSyOUpSHj9Fbeb-ot_Vq_vxRo-rGBkKWc18CkzfM&amp;__tn__=*NK-R\">#Telegram_Kanal\u0131m\u0131z<\/a>: <a class=\"x1i10hfl xjbqb8w x6umtig x1b1mbwd xaqea5y xav7gou x9f619 x1ypdohk xt0psk2 xe8uvvx xdj266r x11i5rnm xat24cr x1mh8g0r xexx8yu x4uap5 x18d9i69 xkhd6sd x16tdsg8 x1hl2dhg xggy1nq x1a2a7pz xt0b8zv x1fey0fg\" tabindex=\"0\" role=\"link\" href=\"https:\/\/t.me\/SuriyeArapHaberAjans%C4%B1?fbclid=IwAR26kea5Sj3uwzlhJNOd1xA3PV6VSsLhECtMReVSCJD-djjc6EMF6ahIgpQ\" target=\"_blank\" rel=\"nofollow noopener\">https:\/\/t.me\/SuriyeArapHaberAjans\u0131<\/a><\/p>\n","protected":false},"excerpt":{"rendered":"<p>DERA \u2013 Suriye Arap Ordusuna ait m\u00fchendislik birimleri,\u00a0 ter\u00f6ristlerin Dera \u015fehrinin El Ke\u015fif mahallesinde bir araca yerle\u015ftirdi\u011fi patlay\u0131c\u0131y\u0131 patlad\u0131. Bir saha kayna\u011f\u0131 SANA muhabirine, Suriye Arap Ordusu\u2019na ba\u011fl\u0131 m\u00fchendislik birimlerinin, ter\u00f6ristlerin Dera \u015fehirinin El Ke\u015fif mahallesinde bir araca yerle\u015ftirdi\u011fi patlay\u0131c\u0131y\u0131 infilak etti\u011fini belirtti. Kayna\u011f\u0131 , patlaman\u0131n olay yerinde maddi hasara yol a\u00e7t\u0131\u011f\u0131na i\u015faret etti. #Telegram_Kanal\u0131m\u0131z: &hellip;<\/p>\n","protected":false},"author":39,"featured_media":269067,"comment_status":"closed","ping_status":"closed","sticky":false,"template":"","format":"standard","meta":{"footnotes":""},"categories":[479,575,17988,478],"tags":[],"class_list":["post-269066","post","type-post","status-publish","format-standard","has-post-thumbnail","","category-haberler-yerel","category-olaylar-ve-gercekler","category-son-haberler","category-yerel"],"_links":{"self":[{"href":"https:\/\/archive.sana.sy\/tr\/index.php?rest_route=\/wp\/v2\/posts\/269066","targetHints":{"allow":["GET"]}}],"collection":[{"href":"https:\/\/archive.sana.sy\/tr\/index.php?rest_route=\/wp\/v2\/posts"}],"about":[{"href":"https:\/\/archive.sana.sy\/tr\/index.php?rest_route=\/wp\/v2\/types\/post"}],"author":[{"embeddable":true,"href":"https:\/\/archive.sana.sy\/tr\/index.php?rest_route=\/wp\/v2\/users\/39"}],"replies":[{"embeddable":true,"href":"https:\/\/archive.sana.sy\/tr\/index.php?rest_route=%2Fwp%2Fv2%2Fcomments&post=269066"}],"version-history":[{"count":0,"href":"https:\/\/archive.sana.sy\/tr\/index.php?rest_route=\/wp\/v2\/posts\/269066\/revisions"}],"wp:featuredmedia":[{"embeddable":true,"href":"https:\/\/archive.sana.sy\/tr\/index.php?rest_route=\/wp\/v2\/media\/269067"}],"wp:attachment":[{"href":"https:\/\/archive.sana.sy\/tr\/index.php?rest_route=%2Fwp%2Fv2%2Fmedia&parent=269066"}],"wp:term":[{"taxonomy":"category","embeddable":true,"href":"https:\/\/archive.sana.sy\/tr\/index.php?rest_route=%2Fwp%2Fv2%2Fcategories&post=269066"},{"taxonomy":"post_tag","embeddable":true,"href":"https:\/\/archive.sana.sy\/tr\/index.php?rest_route=%2Fwp%2Fv2%2Ftags&post=269066"}],"curies":[{"name":"wp","href":"https:\/\/api.w.org\/{rel}","templated":true}]}}