{"id":269072,"date":"2022-12-13T09:52:52","date_gmt":"2022-12-13T07:52:52","guid":{"rendered":"http:\/\/107.6.182.27\/tr\/?p=269072"},"modified":"2022-12-14T07:15:38","modified_gmt":"2022-12-14T05:15:38","slug":"isgal-gucleri-bati-yakada-12-filistinliyi-tutukladi-4","status":"publish","type":"post","link":"https:\/\/archive.sana.sy\/tr\/?p=269072","title":{"rendered":"\u0130srail \u0130\u015fgal G\u00fc\u00e7leri, Bat\u0131 Yaka&#8217;da 12 Filistinliyi Tutuklad\u0131"},"content":{"rendered":"<p>\u0130\u015eGAL ED\u0130LEN KUD\u00dcS \u2013 \u0130srail i\u015fgal g\u00fc\u00e7leri, Bat\u0131 Yaka&#8217;n\u0131n farkl\u0131 b\u00f6lgelerinde 12 Filistinliyi tutuklad\u0131.<\/p>\n<p>Filistinli medyas\u0131, i\u015fgal g\u00fc\u00e7lerinin, El Halil kentindeki birka\u00e7 mahallesi ve Beyt Lahm&#8217;daki Beyt Facar beldesi, Cenin&#8217;deki Kefr Dan ve Siyle El Harisiye beldeleri, Tubas&#8217;taki Tammun, Ramallah&#8217;taki Kfr Nime beldelerini ve Ariha\u2019daki Akbt Cebr kamp\u0131na bask\u0131n d\u00fczenledi\u011fini belirtieken, 12 Filistinliyi tutuklad\u0131\u011f\u0131na i\u015faret etti.<\/p>\n<p><a class=\"x1i10hfl xjbqb8w x6umtig x1b1mbwd xaqea5y xav7gou x9f619 x1ypdohk xt0psk2 xe8uvvx xdj266r x11i5rnm xat24cr x1mh8g0r xexx8yu x4uap5 x18d9i69 xkhd6sd x16tdsg8 x1hl2dhg xggy1nq x1a2a7pz xt0b8zv x1qq9wsj xo1l8bm\" tabindex=\"0\" role=\"link\" href=\"https:\/\/www.facebook.com\/hashtag\/telegram_kanal%C4%B1m%C4%B1z?__eep__=6&amp;__cft__[0]=AZVO3hg-bXSXarAD5yRxdy30l2mFkdtW4v58anXx4wVR3jQ74XfAgOjnjn4z360dUyjbVJu3UGJziidZHeVNdHfQ7nfdSyOUpSHj9Fbeb-ot_Vq_vxRo-rGBkKWc18CkzfM&amp;__tn__=*NK-R\">#Telegram_Kanal\u0131m\u0131z<\/a>: <a class=\"x1i10hfl xjbqb8w x6umtig x1b1mbwd xaqea5y xav7gou x9f619 x1ypdohk xt0psk2 xe8uvvx xdj266r x11i5rnm xat24cr x1mh8g0r xexx8yu x4uap5 x18d9i69 xkhd6sd x16tdsg8 x1hl2dhg xggy1nq x1a2a7pz xt0b8zv x1fey0fg\" tabindex=\"0\" role=\"link\" href=\"https:\/\/l.facebook.com\/l.php?u=https%3A%2F%2Ft.me%2FSuriyeArapHaberAjans%C4%B1%3Ffbclid%3DIwAR26kea5Sj3uwzlhJNOd1xA3PV6VSsLhECtMReVSCJD-djjc6EMF6ahIgpQ&amp;h=AT0R9SmkUii95SXJDCDRVoR0V6VGuBNCGXZTbbmee4syTTJJCMm4sIMiNPoInvK-pqRnC5D1f8yTVYWekTXKV-nHqy6PRLxRMFC_yh_B6zCBBA3hG2p-2NArOCsePPd_pcw&amp;__tn__=-UK-R&amp;c[0]=AT2A8iMghYnQcWRpRfvlbXCw7r9pQT2YNtrFZBbtOd26YaPMjkutpPp6TnzcSI2x14KOy5OE49sjJKjlIAeReAj7ufOD478wTmUnWkntj_Wf7mMvjCedYr_CmUVTM1vLBe9dhnLnu_O9Xuo-QgBu0a1DzUyx-A\" target=\"_blank\" rel=\"nofollow noopener\">https:\/\/t.me\/SuriyeArapHaberAjans\u0131<\/a><\/p>\n","protected":false},"excerpt":{"rendered":"<p>\u0130\u015eGAL ED\u0130LEN KUD\u00dcS \u2013 \u0130srail i\u015fgal g\u00fc\u00e7leri, Bat\u0131 Yaka&#8217;n\u0131n farkl\u0131 b\u00f6lgelerinde 12 Filistinliyi tutuklad\u0131. Filistinli medyas\u0131, i\u015fgal g\u00fc\u00e7lerinin, El Halil kentindeki birka\u00e7 mahallesi ve Beyt Lahm&#8217;daki Beyt Facar beldesi, Cenin&#8217;deki Kefr Dan ve Siyle El Harisiye beldeleri, Tubas&#8217;taki Tammun, Ramallah&#8217;taki Kfr Nime beldelerini ve Ariha\u2019daki Akbt Cebr kamp\u0131na bask\u0131n d\u00fczenledi\u011fini belirtieken, 12 Filistinliyi tutuklad\u0131\u011f\u0131na i\u015faret &hellip;<\/p>\n","protected":false},"author":39,"featured_media":269073,"comment_status":"closed","ping_status":"closed","sticky":false,"template":"","format":"standard","meta":{"footnotes":""},"categories":[458,459,17988],"tags":[],"class_list":["post-269072","post","type-post","status-publish","format-standard","has-post-thumbnail","","category-dunya1","category-haberler-arap-uluslararasi-politika","category-son-haberler"],"_links":{"self":[{"href":"https:\/\/archive.sana.sy\/tr\/index.php?rest_route=\/wp\/v2\/posts\/269072","targetHints":{"allow":["GET"]}}],"collection":[{"href":"https:\/\/archive.sana.sy\/tr\/index.php?rest_route=\/wp\/v2\/posts"}],"about":[{"href":"https:\/\/archive.sana.sy\/tr\/index.php?rest_route=\/wp\/v2\/types\/post"}],"author":[{"embeddable":true,"href":"https:\/\/archive.sana.sy\/tr\/index.php?rest_route=\/wp\/v2\/users\/39"}],"replies":[{"embeddable":true,"href":"https:\/\/archive.sana.sy\/tr\/index.php?rest_route=%2Fwp%2Fv2%2Fcomments&post=269072"}],"version-history":[{"count":0,"href":"https:\/\/archive.sana.sy\/tr\/index.php?rest_route=\/wp\/v2\/posts\/269072\/revisions"}],"wp:featuredmedia":[{"embeddable":true,"href":"https:\/\/archive.sana.sy\/tr\/index.php?rest_route=\/wp\/v2\/media\/269073"}],"wp:attachment":[{"href":"https:\/\/archive.sana.sy\/tr\/index.php?rest_route=%2Fwp%2Fv2%2Fmedia&parent=269072"}],"wp:term":[{"taxonomy":"category","embeddable":true,"href":"https:\/\/archive.sana.sy\/tr\/index.php?rest_route=%2Fwp%2Fv2%2Fcategories&post=269072"},{"taxonomy":"post_tag","embeddable":true,"href":"https:\/\/archive.sana.sy\/tr\/index.php?rest_route=%2Fwp%2Fv2%2Ftags&post=269072"}],"curies":[{"name":"wp","href":"https:\/\/api.w.org\/{rel}","templated":true}]}}