{"id":269121,"date":"2022-12-13T17:34:09","date_gmt":"2022-12-13T15:34:09","guid":{"rendered":"http:\/\/107.6.182.27\/tr\/?p=269121"},"modified":"2022-12-14T10:07:38","modified_gmt":"2022-12-14T08:07:38","slug":"disisleri-bakanligi-hollanda-hukumetinin-suriyedeki-terorist-gruplari-desteklemeye-karistiginin-aciga-cikmasi-onun-hukuki-ve-siyasi-skandallarindan-sadece-biridir","status":"publish","type":"post","link":"https:\/\/archive.sana.sy\/tr\/?p=269121","title":{"rendered":"D\u0131\u015fi\u015fleri Bakanl\u0131\u011f\u0131: Hollanda H\u00fck\u00fcmetinin Suriye&#8217;deki Ter\u00f6rist Gruplar\u0131 Desteklemeye Kar\u0131\u015ft\u0131\u011f\u0131n\u0131n A\u00e7\u0131\u011fa \u00c7\u0131kmas\u0131, Onun Hukuki Ve Siyasi Skandallar\u0131ndan Sadece Biridir"},"content":{"rendered":"<p><strong>\u015eAM<\/strong> \u2013 Suriye, bu ay\u0131n 12&#8217;sinde Hollanda h\u00fck\u00fcmetinin Suriye&#8217;deki ter\u00f6r gruplar\u0131n\u0131 desteklemeye dahil olmas\u0131na ili\u015fkin s\u00f6zde \u201cSuriye&#8217;deki \u00d6l\u00fcmc\u00fcl Olmayan Yard\u0131m Program\u0131na \u0130li\u015fkin Ba\u011f\u0131ms\u0131z Bilgi Toplama Komisyonu\u201d hakk\u0131nda yay\u0131nlanan raporun ortaya koydu\u011fu ger\u00e7eklerin, onun hukuki ve siyasi skandallar\u0131n sadece biri oldu\u011funu belirtti.<\/p>\n<p>D\u0131\u015fi\u015fleri ve Gurbet\u00e7iler Bakanl\u0131\u011f\u0131 bug\u00fcn Twitter hesab\u0131nda yapt\u0131\u011f\u0131 a\u00e7\u0131klamada: \u2018\u2019 Bu komite, Hollanda h\u00fck\u00fcmetinin s\u00f6zde \u201cSuriye&#8217;deki silahl\u0131 muhalif gruplara\u201d sa\u011flad\u0131\u011f\u0131 deste\u011fin uluslararas\u0131 hukuka ayk\u0131r\u0131 oldu\u011funu ve Hollanda\u2019n\u0131n kamuoyunun, \u00e7at\u0131\u015fmalarda sa\u011flanan malzemelerin ter\u00f6r \u00f6rg\u00fctlerine ula\u015ft\u0131\u011f\u0131 ger\u00e7e\u011fini gizlemek i\u00e7in manip\u00fcle edildi\u011fini itiraf etmi\u015ftir\u2019\u2019 dedi.<\/p>\n<p>Bakanl\u0131k ayr\u0131ca, bu raporun, Suriye&#8217;nin her zaman s\u00f6yledi\u011fi gibi, Hollanda&#8217;n\u0131n da aralar\u0131nda bulundu\u011fu Bat\u0131l\u0131 \u00fclkelerin Suriye&#8217;de ter\u00f6re \u00e7e\u015fitli ba\u015fl\u0131klar alt\u0131nda destek verdi\u011finin ge\u00e7erlili\u011fini ve inand\u0131r\u0131c\u0131l\u0131\u011f\u0131n\u0131 bir kez daha kan\u0131tlad\u0131\u011f\u0131n\u0131 vurgulad\u0131.<\/p>\n<p>Bakanl\u0131k, &#8221;Suriye, uluslararas\u0131 topluma, bu \u00fclkeleri, uluslararas\u0131 insanc\u0131l hukuk da dahil olmak \u00fczere uluslararas\u0131 hukuku ve ter\u00f6rle m\u00fccadeleye ili\u015fkin G\u00fcvenlik Konseyi kararlar\u0131n\u0131 ihlallerinden sorumlu tutmaya ve bu \u00fclkelerin ter\u00f6rle m\u00fccadele bahanesiyle ba\u015fka \u00fclkelerin i\u00e7i\u015flerine kar\u0131\u015fmalar\u0131na son verilmesine \u00e7a\u011f\u0131r\u0131yor.\u2019\u2019 ifadelerini kullanarak s\u00f6zlerini bitirdi.<\/p>\n<p><a class=\"x1i10hfl xjbqb8w x6umtig x1b1mbwd xaqea5y xav7gou x9f619 x1ypdohk xt0psk2 xe8uvvx xdj266r x11i5rnm xat24cr x1mh8g0r xexx8yu x4uap5 x18d9i69 xkhd6sd x16tdsg8 x1hl2dhg xggy1nq x1a2a7pz xt0b8zv x1qq9wsj xo1l8bm\" tabindex=\"0\" role=\"link\" href=\"https:\/\/www.facebook.com\/hashtag\/telegram_kanal%C4%B1m%C4%B1z?__eep__=6&amp;__cft__[0]=AZVO3hg-bXSXarAD5yRxdy30l2mFkdtW4v58anXx4wVR3jQ74XfAgOjnjn4z360dUyjbVJu3UGJziidZHeVNdHfQ7nfdSyOUpSHj9Fbeb-ot_Vq_vxRo-rGBkKWc18CkzfM&amp;__tn__=*NK-R\">#Telegram_Kanal\u0131m\u0131z<\/a>:\u00a0<a class=\"x1i10hfl xjbqb8w x6umtig x1b1mbwd xaqea5y xav7gou x9f619 x1ypdohk xt0psk2 xe8uvvx xdj266r x11i5rnm xat24cr x1mh8g0r xexx8yu x4uap5 x18d9i69 xkhd6sd x16tdsg8 x1hl2dhg xggy1nq x1a2a7pz xt0b8zv x1fey0fg\" tabindex=\"0\" role=\"link\" href=\"https:\/\/t.me\/SuriyeArapHaberAjans%C4%B1?fbclid=IwAR26kea5Sj3uwzlhJNOd1xA3PV6VSsLhECtMReVSCJD-djjc6EMF6ahIgpQ\" target=\"_blank\" rel=\"nofollow noopener\">https:\/\/t.me\/SuriyeArapHaberAjans\u0131<\/a><\/p>\n","protected":false},"excerpt":{"rendered":"<p>\u015eAM \u2013 Suriye, bu ay\u0131n 12&#8217;sinde Hollanda h\u00fck\u00fcmetinin Suriye&#8217;deki ter\u00f6r gruplar\u0131n\u0131 desteklemeye dahil olmas\u0131na ili\u015fkin s\u00f6zde \u201cSuriye&#8217;deki \u00d6l\u00fcmc\u00fcl Olmayan Yard\u0131m Program\u0131na \u0130li\u015fkin Ba\u011f\u0131ms\u0131z Bilgi Toplama Komisyonu\u201d hakk\u0131nda yay\u0131nlanan raporun ortaya koydu\u011fu ger\u00e7eklerin, onun hukuki ve siyasi skandallar\u0131n sadece biri oldu\u011funu belirtti. D\u0131\u015fi\u015fleri ve Gurbet\u00e7iler Bakanl\u0131\u011f\u0131 bug\u00fcn Twitter hesab\u0131nda yapt\u0131\u011f\u0131 a\u00e7\u0131klamada: \u2018\u2019 Bu komite, Hollanda h\u00fck\u00fcmetinin &hellip;<\/p>\n","protected":false},"author":41,"featured_media":269122,"comment_status":"closed","ping_status":"closed","sticky":false,"template":"","format":"standard","meta":{"footnotes":""},"categories":[479,575,17988,478],"tags":[],"class_list":["post-269121","post","type-post","status-publish","format-standard","has-post-thumbnail","","category-haberler-yerel","category-olaylar-ve-gercekler","category-son-haberler","category-yerel"],"_links":{"self":[{"href":"https:\/\/archive.sana.sy\/tr\/index.php?rest_route=\/wp\/v2\/posts\/269121","targetHints":{"allow":["GET"]}}],"collection":[{"href":"https:\/\/archive.sana.sy\/tr\/index.php?rest_route=\/wp\/v2\/posts"}],"about":[{"href":"https:\/\/archive.sana.sy\/tr\/index.php?rest_route=\/wp\/v2\/types\/post"}],"author":[{"embeddable":true,"href":"https:\/\/archive.sana.sy\/tr\/index.php?rest_route=\/wp\/v2\/users\/41"}],"replies":[{"embeddable":true,"href":"https:\/\/archive.sana.sy\/tr\/index.php?rest_route=%2Fwp%2Fv2%2Fcomments&post=269121"}],"version-history":[{"count":0,"href":"https:\/\/archive.sana.sy\/tr\/index.php?rest_route=\/wp\/v2\/posts\/269121\/revisions"}],"wp:featuredmedia":[{"embeddable":true,"href":"https:\/\/archive.sana.sy\/tr\/index.php?rest_route=\/wp\/v2\/media\/269122"}],"wp:attachment":[{"href":"https:\/\/archive.sana.sy\/tr\/index.php?rest_route=%2Fwp%2Fv2%2Fmedia&parent=269121"}],"wp:term":[{"taxonomy":"category","embeddable":true,"href":"https:\/\/archive.sana.sy\/tr\/index.php?rest_route=%2Fwp%2Fv2%2Fcategories&post=269121"},{"taxonomy":"post_tag","embeddable":true,"href":"https:\/\/archive.sana.sy\/tr\/index.php?rest_route=%2Fwp%2Fv2%2Ftags&post=269121"}],"curies":[{"name":"wp","href":"https:\/\/api.w.org\/{rel}","templated":true}]}}