{"id":269126,"date":"2022-12-13T13:21:11","date_gmt":"2022-12-13T11:21:11","guid":{"rendered":"http:\/\/107.6.182.27\/tr\/?p=269126"},"modified":"2022-12-14T07:15:50","modified_gmt":"2022-12-14T05:15:50","slug":"reisi-iran-ile-cin-arasinda-imzalanan-anlasmalarin-uygulanmasi-icin-yogun-caba-cagrisinda-bulundu","status":"publish","type":"post","link":"https:\/\/archive.sana.sy\/tr\/?p=269126","title":{"rendered":"Reisi, \u0130ran ile \u00c7in Aras\u0131nda \u0130mzalanan Anla\u015fmalar\u0131n Uygulanmas\u0131 \u0130\u00e7in Yo\u011fun \u00e7aba \u00c7a\u011fr\u0131s\u0131nda Bulundu"},"content":{"rendered":"<p><strong>TAHRAN<\/strong> &#8211; \u0130ran Cumhurba\u015fkan\u0131 \u0130brahim Reisi, iki \u00fclke aras\u0131ndaki ikili i\u015fbirli\u011fini geli\u015ftirmek i\u00e7in \u00c7in ile \u0130ran aras\u0131nda imzalanan anla\u015fmalar\u0131n uygulanmas\u0131na y\u00f6nelik \u00e7abalar\u0131n yo\u011funla\u015ft\u0131r\u0131lmas\u0131 \u00e7a\u011fr\u0131s\u0131nda bulundu.<\/p>\n<p>\u00c7in Ba\u015fbakan Yard\u0131mc\u0131s\u0131 Hu Junhua ve beraberindeki heyet ile bug\u00fcn yapt\u0131\u011f\u0131 g\u00f6r\u00fc\u015fmede Reisi, Tahran ile Pekin aras\u0131ndaki i\u015fbirli\u011finin iki \u00fclke yarar\u0131na geli\u015ftirilmesi gerekti\u011fini vurgulad\u0131 ve heyetin \u00fclkesine yapt\u0131\u011f\u0131 mevcut ziyareti \u00f6nemli olarak nitelendirdi.<\/p>\n<p>Hu Junhua ise, \u00fclkesinin \u0130ran ile ili\u015fkileri g\u00fc\u00e7lendirme ve derinle\u015ftirme konusundaki isteklili\u011fine dikkat \u00e7ekerek, \u00c7in&#8217;in \u0130ran&#8217;\u0131n ulusal egemenli\u011fine ve toprak b\u00fct\u00fcnl\u00fc\u011f\u00fcne sayg\u0131 duydu\u011funa ve hala sayg\u0131 duydu\u011funa i\u015faret etti.<\/p>\n<p><a class=\"x1i10hfl xjbqb8w x6umtig x1b1mbwd xaqea5y xav7gou x9f619 x1ypdohk xt0psk2 xe8uvvx xdj266r x11i5rnm xat24cr x1mh8g0r xexx8yu x4uap5 x18d9i69 xkhd6sd x16tdsg8 x1hl2dhg xggy1nq x1a2a7pz xt0b8zv x1qq9wsj xo1l8bm\" tabindex=\"0\" role=\"link\" href=\"https:\/\/www.facebook.com\/hashtag\/telegram_kanal%C4%B1m%C4%B1z?__eep__=6&amp;__cft__[0]=AZVO3hg-bXSXarAD5yRxdy30l2mFkdtW4v58anXx4wVR3jQ74XfAgOjnjn4z360dUyjbVJu3UGJziidZHeVNdHfQ7nfdSyOUpSHj9Fbeb-ot_Vq_vxRo-rGBkKWc18CkzfM&amp;__tn__=*NK-R\">#Telegram_Kanal\u0131m\u0131z<\/a>:\u00a0<a class=\"x1i10hfl xjbqb8w x6umtig x1b1mbwd xaqea5y xav7gou x9f619 x1ypdohk xt0psk2 xe8uvvx xdj266r x11i5rnm xat24cr x1mh8g0r xexx8yu x4uap5 x18d9i69 xkhd6sd x16tdsg8 x1hl2dhg xggy1nq x1a2a7pz xt0b8zv x1fey0fg\" tabindex=\"0\" role=\"link\" href=\"https:\/\/t.me\/SuriyeArapHaberAjans%C4%B1?fbclid=IwAR26kea5Sj3uwzlhJNOd1xA3PV6VSsLhECtMReVSCJD-djjc6EMF6ahIgpQ\" target=\"_blank\" rel=\"nofollow noopener\">https:\/\/t.me\/SuriyeArapHaberAjans\u0131<\/a><\/p>\n","protected":false},"excerpt":{"rendered":"<p>TAHRAN &#8211; \u0130ran Cumhurba\u015fkan\u0131 \u0130brahim Reisi, iki \u00fclke aras\u0131ndaki ikili i\u015fbirli\u011fini geli\u015ftirmek i\u00e7in \u00c7in ile \u0130ran aras\u0131nda imzalanan anla\u015fmalar\u0131n uygulanmas\u0131na y\u00f6nelik \u00e7abalar\u0131n yo\u011funla\u015ft\u0131r\u0131lmas\u0131 \u00e7a\u011fr\u0131s\u0131nda bulundu. \u00c7in Ba\u015fbakan Yard\u0131mc\u0131s\u0131 Hu Junhua ve beraberindeki heyet ile bug\u00fcn yapt\u0131\u011f\u0131 g\u00f6r\u00fc\u015fmede Reisi, Tahran ile Pekin aras\u0131ndaki i\u015fbirli\u011finin iki \u00fclke yarar\u0131na geli\u015ftirilmesi gerekti\u011fini vurgulad\u0131 ve heyetin \u00fclkesine yapt\u0131\u011f\u0131 mevcut ziyareti &hellip;<\/p>\n","protected":false},"author":41,"featured_media":269127,"comment_status":"closed","ping_status":"closed","sticky":false,"template":"","format":"standard","meta":{"footnotes":""},"categories":[458,459,17988],"tags":[],"class_list":["post-269126","post","type-post","status-publish","format-standard","has-post-thumbnail","","category-dunya1","category-haberler-arap-uluslararasi-politika","category-son-haberler"],"_links":{"self":[{"href":"https:\/\/archive.sana.sy\/tr\/index.php?rest_route=\/wp\/v2\/posts\/269126","targetHints":{"allow":["GET"]}}],"collection":[{"href":"https:\/\/archive.sana.sy\/tr\/index.php?rest_route=\/wp\/v2\/posts"}],"about":[{"href":"https:\/\/archive.sana.sy\/tr\/index.php?rest_route=\/wp\/v2\/types\/post"}],"author":[{"embeddable":true,"href":"https:\/\/archive.sana.sy\/tr\/index.php?rest_route=\/wp\/v2\/users\/41"}],"replies":[{"embeddable":true,"href":"https:\/\/archive.sana.sy\/tr\/index.php?rest_route=%2Fwp%2Fv2%2Fcomments&post=269126"}],"version-history":[{"count":0,"href":"https:\/\/archive.sana.sy\/tr\/index.php?rest_route=\/wp\/v2\/posts\/269126\/revisions"}],"wp:featuredmedia":[{"embeddable":true,"href":"https:\/\/archive.sana.sy\/tr\/index.php?rest_route=\/wp\/v2\/media\/269127"}],"wp:attachment":[{"href":"https:\/\/archive.sana.sy\/tr\/index.php?rest_route=%2Fwp%2Fv2%2Fmedia&parent=269126"}],"wp:term":[{"taxonomy":"category","embeddable":true,"href":"https:\/\/archive.sana.sy\/tr\/index.php?rest_route=%2Fwp%2Fv2%2Fcategories&post=269126"},{"taxonomy":"post_tag","embeddable":true,"href":"https:\/\/archive.sana.sy\/tr\/index.php?rest_route=%2Fwp%2Fv2%2Ftags&post=269126"}],"curies":[{"name":"wp","href":"https:\/\/api.w.org\/{rel}","templated":true}]}}