{"id":269129,"date":"2022-12-13T13:00:19","date_gmt":"2022-12-13T11:00:19","guid":{"rendered":"http:\/\/107.6.182.27\/tr\/?p=269129"},"modified":"2022-12-14T07:15:46","modified_gmt":"2022-12-14T05:15:46","slug":"rus-ordusu-ukrayna-kuvvetlerinin-toplanma-yerlerine-ve-mevzilerine-zarar-verdi-ve-iki-ihayi-dusurdu","status":"publish","type":"post","link":"https:\/\/archive.sana.sy\/tr\/?p=269129","title":{"rendered":"Rus Ordusu, Ukrayna Kuvvetlerinin Toplanma Yerlerine Ve Mevzilerine Zarar Verdi Ve \u0130ki \u0130HA\u2019y\u0131 D\u00fc\u015f\u00fcrd\u00fc"},"content":{"rendered":"<p><strong>MOSKOVA<\/strong> &#8211; Rusya Savunma Bakanl\u0131\u011f\u0131 bug\u00fcn yapt\u0131\u011f\u0131 a\u00e7\u0131klamada, Rus kuvvetlerinin Ukrayna g\u00fc\u00e7lerinin toplanma alanlar\u0131na zarar verdi\u011fini, \u00fc\u00e7 sald\u0131r\u0131y\u0131 p\u00fcsk\u00fcrtt\u00fc\u011f\u00fcn\u00fc, \u00e7ok say\u0131da askeri arac\u0131, bir m\u00fchimmat deposunu ve bir f\u00fcze rampa sistemini imha etti\u011fini, iki \u0130HA&#8217;y\u0131 d\u00fc\u015f\u00fcrd\u00fc\u011f\u00fcn\u00fc duyurdu.<\/p>\n<p><img loading=\"lazy\" decoding=\"async\" class=\"size-full wp-image-269132 alignright\" src=\"http:\/\/107.6.182.27\/tr\/wp-content\/uploads\/2022\/12\/\u064a\u0628\u0633\u064a\u0628\u0633\u0628-2-300x169-1.jpg\" alt=\"\" width=\"300\" height=\"169\" srcset=\"https:\/\/archive.sana.sy\/tr\/wp-content\/uploads\/2022\/12\/\u064a\u0628\u0633\u064a\u0628\u0633\u0628-2-300x169-1.jpg 300w, https:\/\/archive.sana.sy\/tr\/wp-content\/uploads\/2022\/12\/\u064a\u0628\u0633\u064a\u0628\u0633\u0628-2-300x169-1-150x85.jpg 150w\" sizes=\"auto, (max-width: 300px) 100vw, 300px\" \/>Bakanl\u0131k a\u00e7\u0131kamas\u0131nda \u2018\u2019Kobyansk y\u00f6n\u00fcndeki Rus top\u00e7u ate\u015fi, Ukrayna kuvvetleri ve onlara ba\u011fl\u0131 paral\u0131 askerlerin toplanma yerlerine ve mevzilerine zarar vererek 40&#8217;tan fazla ki\u015fiyi \u00f6ld\u00fcrd\u00fc ve iki z\u0131rhl\u0131 sava\u015f arac\u0131 ve d\u00f6rt askeri ara\u00e7 imha edildi.\u2019\u2019 ifadelerini kulland\u0131.<\/p>\n<p>Bakanl\u0131k ayr\u0131ca, Donetsk Halk Cumhuriyeti&#8217;nin Tern ve Yambolovka b\u00f6lgelerindeki Ukrayna kuvvetlerinin kar\u015f\u0131 sald\u0131r\u0131lar\u0131n\u0131 top\u00e7u ve a\u011f\u0131r alev makinesi sistemleri Krasno-Limansk y\u00f6n\u00fcnde durdurdu\u011funu ve Rus kuvvetlerinin Donetsk y\u00f6n\u00fcnde \u00fc\u00e7 d\u00fc\u015fman sald\u0131r\u0131s\u0131n\u0131 p\u00fcsk\u00fcrtt\u00fc\u011f\u00fcn\u00fc, 30&#8217;dan fazla Ukrayna askerini, d\u00f6rt z\u0131rhl\u0131 sava\u015f arac\u0131n\u0131 ve \u00fc\u00e7 kamyonu imha etti\u011fini\u00a0 kaydetti.<\/p>\n<p>A\u00e7\u0131klamaya g\u00f6re, Donetsk Halk Cumhuriyeti&#8217;ne ba\u011fl\u0131 Krasny Liman yak\u0131nlar\u0131na Rus Hava Kuvvetleri taraf\u0131ndan d\u00fczenlenen sald\u0131r\u0131 sonucunda Ukrayna kuvvetlerine ait \u00e7ok say\u0131da roketatar sisteminden olu\u015fan bir batarya imha edildi ve Jitlovka \u00fczerinde iki insans\u0131z hava arac\u0131 d\u00fc\u015f\u00fcr\u00fcld\u00fc.<\/p>\n<p><a class=\"x1i10hfl xjbqb8w x6umtig x1b1mbwd xaqea5y xav7gou x9f619 x1ypdohk xt0psk2 xe8uvvx xdj266r x11i5rnm xat24cr x1mh8g0r xexx8yu x4uap5 x18d9i69 xkhd6sd x16tdsg8 x1hl2dhg xggy1nq x1a2a7pz xt0b8zv x1qq9wsj xo1l8bm\" tabindex=\"0\" role=\"link\" href=\"https:\/\/www.facebook.com\/hashtag\/telegram_kanal%C4%B1m%C4%B1z?__eep__=6&amp;__cft__[0]=AZVO3hg-bXSXarAD5yRxdy30l2mFkdtW4v58anXx4wVR3jQ74XfAgOjnjn4z360dUyjbVJu3UGJziidZHeVNdHfQ7nfdSyOUpSHj9Fbeb-ot_Vq_vxRo-rGBkKWc18CkzfM&amp;__tn__=*NK-R\">#Telegram_Kanal\u0131m\u0131z<\/a>:\u00a0<a class=\"x1i10hfl xjbqb8w x6umtig x1b1mbwd xaqea5y xav7gou x9f619 x1ypdohk xt0psk2 xe8uvvx xdj266r x11i5rnm xat24cr x1mh8g0r xexx8yu x4uap5 x18d9i69 xkhd6sd x16tdsg8 x1hl2dhg xggy1nq x1a2a7pz xt0b8zv x1fey0fg\" tabindex=\"0\" role=\"link\" href=\"https:\/\/t.me\/SuriyeArapHaberAjans%C4%B1?fbclid=IwAR26kea5Sj3uwzlhJNOd1xA3PV6VSsLhECtMReVSCJD-djjc6EMF6ahIgpQ\" target=\"_blank\" rel=\"nofollow noopener\">https:\/\/t.me\/SuriyeArapHaberAjans\u0131<\/a><\/p>\n","protected":false},"excerpt":{"rendered":"<p>MOSKOVA &#8211; Rusya Savunma Bakanl\u0131\u011f\u0131 bug\u00fcn yapt\u0131\u011f\u0131 a\u00e7\u0131klamada, Rus kuvvetlerinin Ukrayna g\u00fc\u00e7lerinin toplanma alanlar\u0131na zarar verdi\u011fini, \u00fc\u00e7 sald\u0131r\u0131y\u0131 p\u00fcsk\u00fcrtt\u00fc\u011f\u00fcn\u00fc, \u00e7ok say\u0131da askeri arac\u0131, bir m\u00fchimmat deposunu ve bir f\u00fcze rampa sistemini imha etti\u011fini, iki \u0130HA&#8217;y\u0131 d\u00fc\u015f\u00fcrd\u00fc\u011f\u00fcn\u00fc duyurdu. Bakanl\u0131k a\u00e7\u0131kamas\u0131nda \u2018\u2019Kobyansk y\u00f6n\u00fcndeki Rus top\u00e7u ate\u015fi, Ukrayna kuvvetleri ve onlara ba\u011fl\u0131 paral\u0131 askerlerin toplanma yerlerine ve mevzilerine &hellip;<\/p>\n","protected":false},"author":41,"featured_media":269130,"comment_status":"closed","ping_status":"closed","sticky":false,"template":"","format":"standard","meta":{"footnotes":""},"categories":[458,459,17988],"tags":[],"class_list":["post-269129","post","type-post","status-publish","format-standard","has-post-thumbnail","","category-dunya1","category-haberler-arap-uluslararasi-politika","category-son-haberler"],"_links":{"self":[{"href":"https:\/\/archive.sana.sy\/tr\/index.php?rest_route=\/wp\/v2\/posts\/269129","targetHints":{"allow":["GET"]}}],"collection":[{"href":"https:\/\/archive.sana.sy\/tr\/index.php?rest_route=\/wp\/v2\/posts"}],"about":[{"href":"https:\/\/archive.sana.sy\/tr\/index.php?rest_route=\/wp\/v2\/types\/post"}],"author":[{"embeddable":true,"href":"https:\/\/archive.sana.sy\/tr\/index.php?rest_route=\/wp\/v2\/users\/41"}],"replies":[{"embeddable":true,"href":"https:\/\/archive.sana.sy\/tr\/index.php?rest_route=%2Fwp%2Fv2%2Fcomments&post=269129"}],"version-history":[{"count":0,"href":"https:\/\/archive.sana.sy\/tr\/index.php?rest_route=\/wp\/v2\/posts\/269129\/revisions"}],"wp:featuredmedia":[{"embeddable":true,"href":"https:\/\/archive.sana.sy\/tr\/index.php?rest_route=\/wp\/v2\/media\/269130"}],"wp:attachment":[{"href":"https:\/\/archive.sana.sy\/tr\/index.php?rest_route=%2Fwp%2Fv2%2Fmedia&parent=269129"}],"wp:term":[{"taxonomy":"category","embeddable":true,"href":"https:\/\/archive.sana.sy\/tr\/index.php?rest_route=%2Fwp%2Fv2%2Fcategories&post=269129"},{"taxonomy":"post_tag","embeddable":true,"href":"https:\/\/archive.sana.sy\/tr\/index.php?rest_route=%2Fwp%2Fv2%2Ftags&post=269129"}],"curies":[{"name":"wp","href":"https:\/\/api.w.org\/{rel}","templated":true}]}}