{"id":269145,"date":"2022-12-13T22:33:17","date_gmt":"2022-12-13T20:33:17","guid":{"rendered":"http:\/\/107.6.182.27\/tr\/?p=269145"},"modified":"2022-12-15T07:23:28","modified_gmt":"2022-12-15T05:23:28","slug":"amerikan-isgal-gucleri-el-sedaddideki-ussune-gelismis-toplar-getirdi","status":"publish","type":"post","link":"https:\/\/archive.sana.sy\/tr\/?p=269145","title":{"rendered":"Amerikan \u0130\u015fgal G\u00fc\u00e7leri, El \u015eedaddi\u2019deki \u00dcss\u00fcne Geli\u015fmi\u015f Toplar Getirdi"},"content":{"rendered":"<p>HASEKE \u2013 Amerikan i\u015fgal g\u00fc\u00e7leri, Haseke&#8217;nin g\u00fcneyindeki El \u015eedaddi\u2019deki yasad\u0131\u015f\u0131 \u00fcslerine geli\u015fmi\u015f toplar da dahil olmak \u00fczere askeri te\u00e7hizat ve silahlar getirdi.<\/p>\n<p>yerel kaynaklar SANA muhabirine, &#8220;Amerikan i\u015fgal g\u00fc\u00e7leri, Irak&#8217;\u0131n kuzeyindeki \u00fcslerinden gelen, geli\u015fmi\u015f top, m\u00fchimmat ve \u00e7e\u015fitli askeri te\u00e7hizat ta\u015f\u0131yan bir kamyon konvoyunu Haseke&#8217;nin g\u00fcneyindeki El \u015eeddadi&#8217;deki \u00fcslerine getirdi&#8221; dedi.<\/p>\n<p>Kaynaklar, Amerikan i\u015fgal g\u00fc\u00e7lerinin genellikle kendisine ba\u011fl\u0131 \u201cDSG\u201d milislerini \u00fcslerine getirdi\u011fi b\u00fcy\u00fck miktarlarda silah ve m\u00fchimmatla destekledi\u011fine dikkat \u00e7ekti.<\/p>\n<p><span style=\"color: #0000ff;\">#Telegram_Kanal\u0131m\u0131z: https:\/\/t.me\/SuriyeArapHaberAjans\u0131<\/span><\/p>\n","protected":false},"excerpt":{"rendered":"<p>HASEKE \u2013 Amerikan i\u015fgal g\u00fc\u00e7leri, Haseke&#8217;nin g\u00fcneyindeki El \u015eedaddi\u2019deki yasad\u0131\u015f\u0131 \u00fcslerine geli\u015fmi\u015f toplar da dahil olmak \u00fczere askeri te\u00e7hizat ve silahlar getirdi. yerel kaynaklar SANA muhabirine, &#8220;Amerikan i\u015fgal g\u00fc\u00e7leri, Irak&#8217;\u0131n kuzeyindeki \u00fcslerinden gelen, geli\u015fmi\u015f top, m\u00fchimmat ve \u00e7e\u015fitli askeri te\u00e7hizat ta\u015f\u0131yan bir kamyon konvoyunu Haseke&#8217;nin g\u00fcneyindeki El \u015eeddadi&#8217;deki \u00fcslerine getirdi&#8221; dedi. Kaynaklar, Amerikan i\u015fgal g\u00fc\u00e7lerinin &hellip;<\/p>\n","protected":false},"author":36,"featured_media":269146,"comment_status":"closed","ping_status":"closed","sticky":false,"template":"","format":"standard","meta":{"footnotes":""},"categories":[479,17988,478],"tags":[],"class_list":["post-269145","post","type-post","status-publish","format-standard","has-post-thumbnail","","category-haberler-yerel","category-son-haberler","category-yerel"],"_links":{"self":[{"href":"https:\/\/archive.sana.sy\/tr\/index.php?rest_route=\/wp\/v2\/posts\/269145","targetHints":{"allow":["GET"]}}],"collection":[{"href":"https:\/\/archive.sana.sy\/tr\/index.php?rest_route=\/wp\/v2\/posts"}],"about":[{"href":"https:\/\/archive.sana.sy\/tr\/index.php?rest_route=\/wp\/v2\/types\/post"}],"author":[{"embeddable":true,"href":"https:\/\/archive.sana.sy\/tr\/index.php?rest_route=\/wp\/v2\/users\/36"}],"replies":[{"embeddable":true,"href":"https:\/\/archive.sana.sy\/tr\/index.php?rest_route=%2Fwp%2Fv2%2Fcomments&post=269145"}],"version-history":[{"count":0,"href":"https:\/\/archive.sana.sy\/tr\/index.php?rest_route=\/wp\/v2\/posts\/269145\/revisions"}],"wp:featuredmedia":[{"embeddable":true,"href":"https:\/\/archive.sana.sy\/tr\/index.php?rest_route=\/wp\/v2\/media\/269146"}],"wp:attachment":[{"href":"https:\/\/archive.sana.sy\/tr\/index.php?rest_route=%2Fwp%2Fv2%2Fmedia&parent=269145"}],"wp:term":[{"taxonomy":"category","embeddable":true,"href":"https:\/\/archive.sana.sy\/tr\/index.php?rest_route=%2Fwp%2Fv2%2Fcategories&post=269145"},{"taxonomy":"post_tag","embeddable":true,"href":"https:\/\/archive.sana.sy\/tr\/index.php?rest_route=%2Fwp%2Fv2%2Ftags&post=269145"}],"curies":[{"name":"wp","href":"https:\/\/api.w.org\/{rel}","templated":true}]}}