{"id":269155,"date":"2022-12-14T10:01:35","date_gmt":"2022-12-14T08:01:35","guid":{"rendered":"http:\/\/107.6.182.27\/tr\/?p=269155"},"modified":"2022-12-15T07:23:49","modified_gmt":"2022-12-15T05:23:49","slug":"sirbistan-cumhurbaskani-suriyenin-bolgede-ve-dunyadaki-oncu-rolunu-yerine-getirmek-icin-en-kisa-surede-geri-donmesini-umuyoruz","status":"publish","type":"post","link":"https:\/\/archive.sana.sy\/tr\/?p=269155","title":{"rendered":"S\u0131rbistan Cumhurba\u015fkan\u0131: Suriye&#8217;nin B\u00f6lgede Ve D\u00fcnyadaki \u00d6nc\u00fc Rol\u00fcn\u00fc Yerine Getirmek \u0130\u00e7in En K\u0131sa S\u00fcrede Geri D\u00f6nmesini Umuyoruz"},"content":{"rendered":"<p>BELGRAD \u2013 S\u0131rbistan Cumhurba\u015fkan\u0131 Aleksandar Vuci\u00e7, Suriye&#8217;nin egemenli\u011fine ve toprak b\u00fct\u00fcnl\u00fc\u011f\u00fcne sayg\u0131 duyulmas\u0131 gerekti\u011fini belirtirken, Suriye&#8217;nin i\u00e7inden ge\u00e7mekte oldu\u011fu zorluklar\u0131n \u00fcstesinden gelerek toparlanma ve refah yoluna girmesi umudunu dile getirdi.<\/p>\n<p>Bu, S\u0131rbistan Cumhurba\u015fkan\u0131&#8217;n\u0131n Suriye Arap Cumhuriyeti Ola\u011fan\u00fcst\u00fc B\u00fcy\u00fckel\u00e7isi ve S\u0131rbistan Cumhuriyeti Tam Yetkili B\u00fcy\u00fckel\u00e7isi Bessem Camaan A\u011fa&#8217;n\u0131n itimatnamesini kabul etmesiyle geldi.<\/p>\n<p>Cumhurba\u015fkan\u0131 Vuci\u00e7, iki dost \u00fclke ve halk aras\u0131ndaki i\u015fbirli\u011finin b\u00fcy\u00fckel\u00e7ilerin atanmas\u0131yla yeni bir ivme ve g\u00fc\u00e7 kazanmas\u0131n\u0131 dilerken, \u0130ki \u00fclke aras\u0131ndaki ili\u015fkilerin eski Yugoslavya d\u00f6nemine kadar uzanan kar\u015f\u0131l\u0131kl\u0131 sayg\u0131 ve dostlu\u011fa dayand\u0131\u011f\u0131n\u0131 vurgulad\u0131.<\/p>\n<p>Cumhurba\u015fkan\u0131 Vuci\u00e7, S\u0131rbistan&#8217;\u0131n egemenli\u011fini ve toprak b\u00fct\u00fcnl\u00fc\u011f\u00fcn\u00fc korumaya y\u00f6nelik ilkeli ve s\u00fcrekli deste\u011fi i\u00e7in Suriye&#8217;ye te\u015fekk\u00fcr ederek, kadim Suriye&#8217;ye, medeniyetine ve halk\u0131na duydu\u011fu derin sayg\u0131ya at\u0131fta bulundu.<\/p>\n<p>S\u0131rbistan Cumhurba\u015fkan\u0131, b\u00fcy\u00fckel\u00e7iden Cumhurba\u015fkan\u0131 Be\u015far Esad&#8217;a s\u0131cak selamlar\u0131n\u0131 iletmesini istedi.<\/p>\n<p>B\u00fcy\u00fckel\u00e7i Camaan A\u011fa da buna kar\u015f\u0131l\u0131k Cumhurba\u015fkan\u0131 Vucic&#8217;e ve t\u00fcm dost S\u0131rp halk\u0131na Cumhurba\u015fkan\u0131 Esad&#8217;\u0131n selamlar\u0131n\u0131 ileterek, S\u0131rbistan&#8217;\u0131n daha da geli\u015fmesi ve refaha kavu\u015fmas\u0131 i\u00e7in dileklerini iletti ve Suriye&#8217;ye, halk\u0131na ve liderli\u011fine y\u00f6nelik iyi duygular\u0131 i\u00e7in kendisine te\u015fekk\u00fcr etti.<\/p>\n<p>B\u00fcy\u00fckel\u00e7i Camaan A\u011fa, Suriye&#8217;deki duruma ili\u015fkin genel bir de\u011ferlendirme yaparak, baz\u0131 Bat\u0131l\u0131 \u00fclkeler taraf\u0131ndan uygulanan tek tarafl\u0131 zorlay\u0131c\u0131 tedbirler sonucunda Suriye halk\u0131n\u0131n \u00e7ekti\u011fi ac\u0131ya dikkat \u00e7ekti.<\/p>\n<p><a class=\"x1i10hfl xjbqb8w x6umtig x1b1mbwd xaqea5y xav7gou x9f619 x1ypdohk xt0psk2 xe8uvvx xdj266r x11i5rnm xat24cr x1mh8g0r xexx8yu x4uap5 x18d9i69 xkhd6sd x16tdsg8 x1hl2dhg xggy1nq x1a2a7pz xt0b8zv x1qq9wsj xo1l8bm\" tabindex=\"0\" role=\"link\" href=\"https:\/\/www.facebook.com\/hashtag\/telegram_kanal%C4%B1m%C4%B1z?__eep__=6&amp;__cft__[0]=AZVO3hg-bXSXarAD5yRxdy30l2mFkdtW4v58anXx4wVR3jQ74XfAgOjnjn4z360dUyjbVJu3UGJziidZHeVNdHfQ7nfdSyOUpSHj9Fbeb-ot_Vq_vxRo-rGBkKWc18CkzfM&amp;__tn__=*NK-R\">#Telegram_Kanal\u0131m\u0131z<\/a>:\u00a0<a class=\"x1i10hfl xjbqb8w x6umtig x1b1mbwd xaqea5y xav7gou x9f619 x1ypdohk xt0psk2 xe8uvvx xdj266r x11i5rnm xat24cr x1mh8g0r xexx8yu x4uap5 x18d9i69 xkhd6sd x16tdsg8 x1hl2dhg xggy1nq x1a2a7pz xt0b8zv x1fey0fg\" tabindex=\"0\" role=\"link\" href=\"https:\/\/l.facebook.com\/l.php?u=https%3A%2F%2Ft.me%2FSuriyeArapHaberAjans%C4%B1%3Ffbclid%3DIwAR26kea5Sj3uwzlhJNOd1xA3PV6VSsLhECtMReVSCJD-djjc6EMF6ahIgpQ&amp;h=AT0R9SmkUii95SXJDCDRVoR0V6VGuBNCGXZTbbmee4syTTJJCMm4sIMiNPoInvK-pqRnC5D1f8yTVYWekTXKV-nHqy6PRLxRMFC_yh_B6zCBBA3hG2p-2NArOCsePPd_pcw&amp;__tn__=-UK-R&amp;c[0]=AT2A8iMghYnQcWRpRfvlbXCw7r9pQT2YNtrFZBbtOd26YaPMjkutpPp6TnzcSI2x14KOy5OE49sjJKjlIAeReAj7ufOD478wTmUnWkntj_Wf7mMvjCedYr_CmUVTM1vLBe9dhnLnu_O9Xuo-QgBu0a1DzUyx-A\" target=\"_blank\" rel=\"nofollow noopener\">https:\/\/t.me\/SuriyeArapHaberAjans\u0131<\/a><\/p>\n","protected":false},"excerpt":{"rendered":"<p>BELGRAD \u2013 S\u0131rbistan Cumhurba\u015fkan\u0131 Aleksandar Vuci\u00e7, Suriye&#8217;nin egemenli\u011fine ve toprak b\u00fct\u00fcnl\u00fc\u011f\u00fcne sayg\u0131 duyulmas\u0131 gerekti\u011fini belirtirken, Suriye&#8217;nin i\u00e7inden ge\u00e7mekte oldu\u011fu zorluklar\u0131n \u00fcstesinden gelerek toparlanma ve refah yoluna girmesi umudunu dile getirdi. Bu, S\u0131rbistan Cumhurba\u015fkan\u0131&#8217;n\u0131n Suriye Arap Cumhuriyeti Ola\u011fan\u00fcst\u00fc B\u00fcy\u00fckel\u00e7isi ve S\u0131rbistan Cumhuriyeti Tam Yetkili B\u00fcy\u00fckel\u00e7isi Bessem Camaan A\u011fa&#8217;n\u0131n itimatnamesini kabul etmesiyle geldi. Cumhurba\u015fkan\u0131 Vuci\u00e7, iki dost &hellip;<\/p>\n","protected":false},"author":36,"featured_media":269156,"comment_status":"closed","ping_status":"closed","sticky":false,"template":"","format":"standard","meta":{"footnotes":""},"categories":[458,459,17988],"tags":[],"class_list":["post-269155","post","type-post","status-publish","format-standard","has-post-thumbnail","","category-dunya1","category-haberler-arap-uluslararasi-politika","category-son-haberler"],"_links":{"self":[{"href":"https:\/\/archive.sana.sy\/tr\/index.php?rest_route=\/wp\/v2\/posts\/269155","targetHints":{"allow":["GET"]}}],"collection":[{"href":"https:\/\/archive.sana.sy\/tr\/index.php?rest_route=\/wp\/v2\/posts"}],"about":[{"href":"https:\/\/archive.sana.sy\/tr\/index.php?rest_route=\/wp\/v2\/types\/post"}],"author":[{"embeddable":true,"href":"https:\/\/archive.sana.sy\/tr\/index.php?rest_route=\/wp\/v2\/users\/36"}],"replies":[{"embeddable":true,"href":"https:\/\/archive.sana.sy\/tr\/index.php?rest_route=%2Fwp%2Fv2%2Fcomments&post=269155"}],"version-history":[{"count":0,"href":"https:\/\/archive.sana.sy\/tr\/index.php?rest_route=\/wp\/v2\/posts\/269155\/revisions"}],"wp:featuredmedia":[{"embeddable":true,"href":"https:\/\/archive.sana.sy\/tr\/index.php?rest_route=\/wp\/v2\/media\/269156"}],"wp:attachment":[{"href":"https:\/\/archive.sana.sy\/tr\/index.php?rest_route=%2Fwp%2Fv2%2Fmedia&parent=269155"}],"wp:term":[{"taxonomy":"category","embeddable":true,"href":"https:\/\/archive.sana.sy\/tr\/index.php?rest_route=%2Fwp%2Fv2%2Fcategories&post=269155"},{"taxonomy":"post_tag","embeddable":true,"href":"https:\/\/archive.sana.sy\/tr\/index.php?rest_route=%2Fwp%2Fv2%2Ftags&post=269155"}],"curies":[{"name":"wp","href":"https:\/\/api.w.org\/{rel}","templated":true}]}}