{"id":26916,"date":"2015-03-18T18:42:38","date_gmt":"2015-03-18T16:42:38","guid":{"rendered":"http:\/\/www.sana.sy\/tr\/?p=26916"},"modified":"2015-03-18T18:42:38","modified_gmt":"2015-03-18T16:42:38","slug":"ebu-sait-teror-orgutleri-suriyede-savas-ve-insanlik-suclari-isliyorlar","status":"publish","type":"post","link":"https:\/\/archive.sana.sy\/tr\/?p=26916","title":{"rendered":"Ebu Sait: Ter\u00f6r \u00d6rg\u00fctleri Suriye&#8217;de Sava\u015f ve \u0130nsanl\u0131k Su\u00e7lar\u0131 \u0130\u015fliyorlar"},"content":{"rendered":"<p>BEYRUT \u2013 Uluslararas\u0131 G\u00fcvenlik ve Bar\u0131\u015f Parlamentosu D\u0131\u015fi\u015fleri Bakan\u0131 Heysem Ebu Sait, I\u015e\u0130D ve Nusra Cephesi gibi ter\u00f6r \u00f6rg\u00fctlerinin Suriye ve Irak\u2019ta insanl\u0131k ve sava\u015f su\u00e7lar\u0131 i\u015flediklerini ifade ederek belirli devletlerde kimi yetkililerin bu ter\u00f6r su\u00e7lar\u0131na ortak olduklar\u0131n\u0131 belirtti.<\/p>\n<p>Bug\u00fcn bas\u0131na bir a\u00e7\u0131klama yapan Ebu Sait, Ortado\u011fu b\u00f6lgesinin bu s\u00fcre\u00e7te t\u0131rmanmakta olan bir g\u00fcvenlik sorunu ya\u015fad\u0131\u011f\u0131na i\u015faret ederek \u201cIl\u0131ml\u0131 Muhalefet\u201d olarak isimlendirilerek, ABD ve Bat\u0131 taraf\u0131ndan silahland\u0131r\u0131lmas\u0131 \u00e7a\u011fr\u0131s\u0131 yap\u0131lan olu\u015fumun bir felaket te\u015fkil etti\u011fini dile getirdi.<\/p>\n<p>\u201cIl\u0131ml\u0131 Muhalefet\u201d \u015feklinde isimlendirilen olu\u015fumun uluslararas\u0131 taraflar ve ter\u00f6r gruplar\u0131yla ba\u011flant\u0131l\u0131 oldu\u011funun bilindi\u011fine dikkat \u00e7eken Ebu Sait; ABD y\u00f6netiminin s\u00f6z konusu olu\u015fum ile ilgili politikalar\u0131nda geri ad\u0131m atmas\u0131 gere\u011fini vurgulad\u0131.<\/p>\n<p>Bilinece\u011fi \u00fczere Ebu Sait i\u00e7inde bulundu\u011fumuz Mart ay\u0131 ba\u015flar\u0131nda \u015eam\u2019a d\u00fczenledi\u011fi ziyaret \u00e7er\u00e7evesinde incelemelerde bulunarak Suriye&#8217;de ya\u015fanan krizin \u00e7\u00f6z\u00fcm\u00fcn\u00fcn ivedili\u011fini dile getirmi\u015fti.<\/p>\n<p>F.B. &#8211; M.M.<\/p>\n","protected":false},"excerpt":{"rendered":"<p>BEYRUT \u2013 Uluslararas\u0131 G\u00fcvenlik ve Bar\u0131\u015f Parlamentosu D\u0131\u015fi\u015fleri Bakan\u0131 Heysem Ebu Sait, I\u015e\u0130D ve Nusra Cephesi gibi ter\u00f6r \u00f6rg\u00fctlerinin Suriye ve Irak\u2019ta insanl\u0131k ve sava\u015f su\u00e7lar\u0131 i\u015flediklerini ifade ederek belirli devletlerde kimi yetkililerin bu ter\u00f6r su\u00e7lar\u0131na ortak olduklar\u0131n\u0131 belirtti. Bug\u00fcn bas\u0131na bir a\u00e7\u0131klama yapan Ebu Sait, Ortado\u011fu b\u00f6lgesinin bu s\u00fcre\u00e7te t\u0131rmanmakta olan bir g\u00fcvenlik sorunu &hellip;<\/p>\n","protected":false},"author":1,"featured_media":26917,"comment_status":"closed","ping_status":"closed","sticky":false,"template":"","format":"standard","meta":{"footnotes":""},"categories":[458,459,447],"tags":[12694,12693,12695],"class_list":["post-26916","post","type-post","status-publish","format-standard","has-post-thumbnail","","category-dunya1","category-haberler-arap-uluslararasi-politika","category-politika","tag-beyrut-uluslararasi-guvenlik-ve-baris-parlamentosu-disisleri-bakani-heysem-ebu-sait","tag-ebu-sait-teror-orgutleri-suriyede-savas-ve-insanlik-suclari-isliyorlar","tag-isid-ve-nusra-cephesi-gibi-teror-orgutlerinin-suriye-ve-irakta-insanlik-ve-savas-suclari-islediklerini-ifade-ederek-belirli-devletlerde-kimi-yetkililerin-bu-teror-suclarina-ortak-olduklarini"],"_links":{"self":[{"href":"https:\/\/archive.sana.sy\/tr\/index.php?rest_route=\/wp\/v2\/posts\/26916","targetHints":{"allow":["GET"]}}],"collection":[{"href":"https:\/\/archive.sana.sy\/tr\/index.php?rest_route=\/wp\/v2\/posts"}],"about":[{"href":"https:\/\/archive.sana.sy\/tr\/index.php?rest_route=\/wp\/v2\/types\/post"}],"author":[{"embeddable":true,"href":"https:\/\/archive.sana.sy\/tr\/index.php?rest_route=\/wp\/v2\/users\/1"}],"replies":[{"embeddable":true,"href":"https:\/\/archive.sana.sy\/tr\/index.php?rest_route=%2Fwp%2Fv2%2Fcomments&post=26916"}],"version-history":[{"count":0,"href":"https:\/\/archive.sana.sy\/tr\/index.php?rest_route=\/wp\/v2\/posts\/26916\/revisions"}],"wp:featuredmedia":[{"embeddable":true,"href":"https:\/\/archive.sana.sy\/tr\/index.php?rest_route=\/wp\/v2\/media\/26917"}],"wp:attachment":[{"href":"https:\/\/archive.sana.sy\/tr\/index.php?rest_route=%2Fwp%2Fv2%2Fmedia&parent=26916"}],"wp:term":[{"taxonomy":"category","embeddable":true,"href":"https:\/\/archive.sana.sy\/tr\/index.php?rest_route=%2Fwp%2Fv2%2Fcategories&post=26916"},{"taxonomy":"post_tag","embeddable":true,"href":"https:\/\/archive.sana.sy\/tr\/index.php?rest_route=%2Fwp%2Fv2%2Ftags&post=26916"}],"curies":[{"name":"wp","href":"https:\/\/api.w.org\/{rel}","templated":true}]}}