{"id":269169,"date":"2022-12-14T09:52:46","date_gmt":"2022-12-14T07:52:46","guid":{"rendered":"http:\/\/107.6.182.27\/tr\/?p=269169"},"modified":"2022-12-15T07:23:46","modified_gmt":"2022-12-15T05:23:46","slug":"suriye-iran-konsolosluk-komitesi-ortak-toplanti-tutanaklari-imzalandi","status":"publish","type":"post","link":"https:\/\/archive.sana.sy\/tr\/?p=269169","title":{"rendered":"Suriye-\u0130ran Konsolosluk Komitesi Ortak Toplant\u0131 Tutanaklar\u0131 \u0130mzaland\u0131"},"content":{"rendered":"<p>\u015eAM \u2013 \u015eam&#8217;da toplanan Suriye-\u0130ran ortak konsolosluk heyetinin tutanaklar\u0131n\u0131 D\u0131\u015fi\u015fleri ve Gurbet\u00e7iler Bakan Yard\u0131mc\u0131s\u0131 Dr. Ayman Sosan ile \u0130ran D\u0131\u015fi\u015fleri Bakan Yard\u0131mc\u0131s\u0131 Ali Reza Bekdli imzalad\u0131.<\/p>\n<p>D\u00fcn ger\u00e7ekle\u015ftirilen imza t\u00f6reninde \u0130ki taraf, g\u00f6r\u00fc\u015fmelerde hakim olan atmosferden duyduklar\u0131 memnuniyeti dile getirerek, iki \u00fclke aras\u0131ndaki \u00e7e\u015fitli alanlardaki dostluk ve karde\u015flik ili\u015fkilerinin v\u00fccut bulmu\u015f hali olarak konsolosluk ili\u015fkilerinin g\u00fc\u00e7lendirilmesinin \u00f6nemini vurgulad\u0131lar.<\/p>\n<p><a class=\"x1i10hfl xjbqb8w x6umtig x1b1mbwd xaqea5y xav7gou x9f619 x1ypdohk xt0psk2 xe8uvvx xdj266r x11i5rnm xat24cr x1mh8g0r xexx8yu x4uap5 x18d9i69 xkhd6sd x16tdsg8 x1hl2dhg xggy1nq x1a2a7pz xt0b8zv x1qq9wsj xo1l8bm\" tabindex=\"0\" role=\"link\" href=\"https:\/\/www.facebook.com\/hashtag\/telegram_kanal%C4%B1m%C4%B1z?__eep__=6&amp;__cft__[0]=AZVEFRdbT-halEQXlBSKD5uVeJ2HbMw5S31upYC_3U7s4tfvQd4bgdDHTsG1suGQmrsN5vCCQsWkLw9KPnAwkbh34XSLR-6u-aCbCcBip-vm_Dtt9Tw3ZxXHPRa64tLa5g8&amp;__tn__=*NK-R\">#Telegram_Kanal\u0131m\u0131z<\/a>:\u00a0<a class=\"x1i10hfl xjbqb8w x6umtig x1b1mbwd xaqea5y xav7gou x9f619 x1ypdohk xt0psk2 xe8uvvx xdj266r x11i5rnm xat24cr x1mh8g0r xexx8yu x4uap5 x18d9i69 xkhd6sd x16tdsg8 x1hl2dhg xggy1nq x1a2a7pz xt0b8zv x1fey0fg\" tabindex=\"0\" role=\"link\" href=\"https:\/\/t.me\/SuriyeArapHaberAjans%C4%B1?fbclid=IwAR3p7vDSDzVl_hhGBQARMPWuyBkNJRbKDzKk_R0uxYHCwX16jlrmRD4RwFU\" target=\"_blank\" rel=\"nofollow noopener\">https:\/\/t.me\/SuriyeArapHaberAjans\u0131<\/a><\/p>\n<div id='gallery-1' class='gallery galleryid-269169 gallery-columns-1 gallery-size-full'><figure class='gallery-item'>\n\t\t\t<div class='gallery-icon landscape'>\n\t\t\t\t<a href='https:\/\/archive.sana.sy\/tr\/wp-content\/uploads\/2022\/12\/7.jpg'><img loading=\"lazy\" decoding=\"async\" width=\"660\" height=\"348\" src=\"https:\/\/archive.sana.sy\/tr\/wp-content\/uploads\/2022\/12\/7.jpg\" class=\"attachment-full size-full\" alt=\"\" srcset=\"https:\/\/archive.sana.sy\/tr\/wp-content\/uploads\/2022\/12\/7.jpg 660w, https:\/\/archive.sana.sy\/tr\/wp-content\/uploads\/2022\/12\/7-300x158.jpg 300w, https:\/\/archive.sana.sy\/tr\/wp-content\/uploads\/2022\/12\/7-150x79.jpg 150w\" sizes=\"auto, (max-width: 660px) 100vw, 660px\" \/><\/a>\n\t\t\t<\/div><\/figure>\n\t\t<\/div>\n\n","protected":false},"excerpt":{"rendered":"<p>\u015eAM \u2013 \u015eam&#8217;da toplanan Suriye-\u0130ran ortak konsolosluk heyetinin tutanaklar\u0131n\u0131 D\u0131\u015fi\u015fleri ve Gurbet\u00e7iler Bakan Yard\u0131mc\u0131s\u0131 Dr. Ayman Sosan ile \u0130ran D\u0131\u015fi\u015fleri Bakan Yard\u0131mc\u0131s\u0131 Ali Reza Bekdli imzalad\u0131. D\u00fcn ger\u00e7ekle\u015ftirilen imza t\u00f6reninde \u0130ki taraf, g\u00f6r\u00fc\u015fmelerde hakim olan atmosferden duyduklar\u0131 memnuniyeti dile getirerek, iki \u00fclke aras\u0131ndaki \u00e7e\u015fitli alanlardaki dostluk ve karde\u015flik ili\u015fkilerinin v\u00fccut bulmu\u015f hali olarak konsolosluk ili\u015fkilerinin &hellip;<\/p>\n","protected":false},"author":36,"featured_media":269172,"comment_status":"closed","ping_status":"closed","sticky":false,"template":"","format":"standard","meta":{"footnotes":""},"categories":[479,17988,478],"tags":[],"class_list":["post-269169","post","type-post","status-publish","format-standard","has-post-thumbnail","","category-haberler-yerel","category-son-haberler","category-yerel"],"_links":{"self":[{"href":"https:\/\/archive.sana.sy\/tr\/index.php?rest_route=\/wp\/v2\/posts\/269169","targetHints":{"allow":["GET"]}}],"collection":[{"href":"https:\/\/archive.sana.sy\/tr\/index.php?rest_route=\/wp\/v2\/posts"}],"about":[{"href":"https:\/\/archive.sana.sy\/tr\/index.php?rest_route=\/wp\/v2\/types\/post"}],"author":[{"embeddable":true,"href":"https:\/\/archive.sana.sy\/tr\/index.php?rest_route=\/wp\/v2\/users\/36"}],"replies":[{"embeddable":true,"href":"https:\/\/archive.sana.sy\/tr\/index.php?rest_route=%2Fwp%2Fv2%2Fcomments&post=269169"}],"version-history":[{"count":0,"href":"https:\/\/archive.sana.sy\/tr\/index.php?rest_route=\/wp\/v2\/posts\/269169\/revisions"}],"wp:featuredmedia":[{"embeddable":true,"href":"https:\/\/archive.sana.sy\/tr\/index.php?rest_route=\/wp\/v2\/media\/269172"}],"wp:attachment":[{"href":"https:\/\/archive.sana.sy\/tr\/index.php?rest_route=%2Fwp%2Fv2%2Fmedia&parent=269169"}],"wp:term":[{"taxonomy":"category","embeddable":true,"href":"https:\/\/archive.sana.sy\/tr\/index.php?rest_route=%2Fwp%2Fv2%2Fcategories&post=269169"},{"taxonomy":"post_tag","embeddable":true,"href":"https:\/\/archive.sana.sy\/tr\/index.php?rest_route=%2Fwp%2Fv2%2Ftags&post=269169"}],"curies":[{"name":"wp","href":"https:\/\/api.w.org\/{rel}","templated":true}]}}