{"id":26919,"date":"2015-03-18T18:52:51","date_gmt":"2015-03-18T16:52:51","guid":{"rendered":"http:\/\/www.sana.sy\/tr\/?p=26919"},"modified":"2015-03-18T18:52:51","modified_gmt":"2015-03-18T16:52:51","slug":"semhani-mantik-ve-diyaloga-onem-vermek-sorunlarin-cozumu-icin-tek-yontemdir","status":"publish","type":"post","link":"https:\/\/archive.sana.sy\/tr\/?p=26919","title":{"rendered":"\u015eemhani: Mant\u0131k ve Diyaloga \u00d6nem Vermek Sorunlar\u0131n \u00c7\u00f6z\u00fcm\u00fc \u0130\u00e7in Tek Y\u00f6ntemdir"},"content":{"rendered":"<p>TAHRAN \u2013 \u0130ran Milli G\u00fcvenlik Y\u00fcksek Komisyonu Genel Sekreteri Ali \u015eemhani, Suriye-\u0130ran ve Irak aras\u0131ndaki stratejik i\u015fbirli\u011finin halklar aras\u0131nda da yak\u0131nla\u015fma sa\u011flad\u0131\u011f\u0131n\u0131 dile getirdi.<\/p>\n<p>\u0130ran Milli G\u00fcvenlik Komisyonu toplant\u0131s\u0131nda konu\u015fma yapan \u015eemhani, ter\u00f6r ger\u00e7e\u011fine kar\u015f\u0131 m\u00fccadele ve b\u00f6lge halklar\u0131na acil yard\u0131m sa\u011flanmas\u0131n\u0131n \u0130ran\u2019\u0131n iyi niyetinin bir kan\u0131t\u0131n\u0131 te\u015fkil etti\u011fine de\u011finerek \u0130ran d\u0131\u015fi\u015fleri politikas\u0131n\u0131n ba\u015fta civar \u00fclkeler olmak \u00fczere b\u00fct\u00fcn \u00fclkelerle i\u015fbirli\u011fi temeline dayand\u0131\u011f\u0131n\u0131 ibraz etti.<\/p>\n<p>Mant\u0131k ve diyaloga \u00f6nem vermenin sorunlar\u0131n \u00e7\u00f6z\u00fcm\u00fc ve ileti\u015fim i\u00e7in tek y\u00f6ntem oldu\u011funu hat\u0131rlatan \u015eemhani, N\u00fckleer Enerji konusuyla ilgili \u0130ran\u2019a uluslararas\u0131 kanunlar \u00e7er\u00e7evesindeki haklar\u0131n\u0131n tan\u0131nmas\u0131yla nihai ve iyi bir uzla\u015fmaya ula\u015f\u0131labilece\u011finin alt\u0131n\u0131 \u00e7izdi.<\/p>\n<p>F.B. &#8211; M.M.<\/p>\n","protected":false},"excerpt":{"rendered":"<p>TAHRAN \u2013 \u0130ran Milli G\u00fcvenlik Y\u00fcksek Komisyonu Genel Sekreteri Ali \u015eemhani, Suriye-\u0130ran ve Irak aras\u0131ndaki stratejik i\u015fbirli\u011finin halklar aras\u0131nda da yak\u0131nla\u015fma sa\u011flad\u0131\u011f\u0131n\u0131 dile getirdi. \u0130ran Milli G\u00fcvenlik Komisyonu toplant\u0131s\u0131nda konu\u015fma yapan \u015eemhani, ter\u00f6r ger\u00e7e\u011fine kar\u015f\u0131 m\u00fccadele ve b\u00f6lge halklar\u0131na acil yard\u0131m sa\u011flanmas\u0131n\u0131n \u0130ran\u2019\u0131n iyi niyetinin bir kan\u0131t\u0131n\u0131 te\u015fkil etti\u011fine de\u011finerek \u0130ran d\u0131\u015fi\u015fleri politikas\u0131n\u0131n ba\u015fta civar &hellip;<\/p>\n","protected":false},"author":1,"featured_media":19256,"comment_status":"closed","ping_status":"closed","sticky":false,"template":"","format":"standard","meta":{"footnotes":""},"categories":[458,459,447],"tags":[12696,12698,12697],"class_list":["post-26919","post","type-post","status-publish","format-standard","has-post-thumbnail","","category-dunya1","category-haberler-arap-uluslararasi-politika","category-politika","tag-semhani-mantik-ve-diyaloga-onem-vermek-sorunlarin-cozumu-icin-tek-yontemdir","tag-suriye-iran-ve-irak-arasindaki-stratejik-isbirliginin-halklar-arasinda-da-yakinlasma-sagladigini-dile-getirdi","tag-tahran-iran-milli-guvenlik-yuksek-komisyonu-genel-sekreteri-ali-semhani"],"_links":{"self":[{"href":"https:\/\/archive.sana.sy\/tr\/index.php?rest_route=\/wp\/v2\/posts\/26919","targetHints":{"allow":["GET"]}}],"collection":[{"href":"https:\/\/archive.sana.sy\/tr\/index.php?rest_route=\/wp\/v2\/posts"}],"about":[{"href":"https:\/\/archive.sana.sy\/tr\/index.php?rest_route=\/wp\/v2\/types\/post"}],"author":[{"embeddable":true,"href":"https:\/\/archive.sana.sy\/tr\/index.php?rest_route=\/wp\/v2\/users\/1"}],"replies":[{"embeddable":true,"href":"https:\/\/archive.sana.sy\/tr\/index.php?rest_route=%2Fwp%2Fv2%2Fcomments&post=26919"}],"version-history":[{"count":0,"href":"https:\/\/archive.sana.sy\/tr\/index.php?rest_route=\/wp\/v2\/posts\/26919\/revisions"}],"wp:featuredmedia":[{"embeddable":true,"href":"https:\/\/archive.sana.sy\/tr\/index.php?rest_route=\/wp\/v2\/media\/19256"}],"wp:attachment":[{"href":"https:\/\/archive.sana.sy\/tr\/index.php?rest_route=%2Fwp%2Fv2%2Fmedia&parent=26919"}],"wp:term":[{"taxonomy":"category","embeddable":true,"href":"https:\/\/archive.sana.sy\/tr\/index.php?rest_route=%2Fwp%2Fv2%2Fcategories&post=26919"},{"taxonomy":"post_tag","embeddable":true,"href":"https:\/\/archive.sana.sy\/tr\/index.php?rest_route=%2Fwp%2Fv2%2Ftags&post=26919"}],"curies":[{"name":"wp","href":"https:\/\/api.w.org\/{rel}","templated":true}]}}