{"id":2692,"date":"2014-06-10T17:48:25","date_gmt":"2014-06-10T14:48:25","guid":{"rendered":"http:\/\/sanasyria.org\/tr\/?p=2692"},"modified":"2014-06-14T13:34:15","modified_gmt":"2014-06-14T10:34:15","slug":"dusunce-ve-vatanseverligi-ile-her-daim-aramizda","status":"publish","type":"post","link":"https:\/\/archive.sana.sy\/tr\/?p=2692","title":{"rendered":"D\u00fc\u015f\u00fcnce ve Vatanseverli\u011fi ile Her Daim Aram\u0131zda"},"content":{"rendered":"<p>\u015eAM &#8211; 14. Vefat Y\u0131ld\u00f6n\u00fcm\u00fcnde b\u00fcy\u00fck \u00f6nder, \u00f6l\u00fcms\u00fcz lider Haf\u0131z El-Esad\u2019\u0131 sayg\u0131 ve sevgiyle an\u0131yoruz.<br \/>\n\u00d6l\u00fcms\u00fcz lider Haf\u0131z el-Esad\u2019\u0131n aram\u0131zdan ayr\u0131l\u0131p hakka kavu\u015fmas\u0131n\u0131n 14. Y\u0131ld\u00f6n\u00fcm\u00fc; b\u00fcy\u00fck \u00f6nderin hayat\u0131n\u0131 yap\u0131land\u0131rmaya, kalk\u0131nd\u0131rmaya ve uluslar aras\u0131 d\u00fczeyde stratejik bir konuma getirmeye adad\u0131\u011f\u0131 modern Suriye&#8217;nin T\u00fcrkiye\u2019deki AKP h\u00fck\u00fcmetinin yan\u0131 s\u0131ra Arap ve Bat\u0131 devletleri taraf\u0131ndan benzeri g\u00f6r\u00fclmemi\u015f h\u0131r\u00e7\u0131n bir ter\u00f6rle hedef al\u0131nd\u0131\u011f\u0131 bir zamana denk geliyor.<br \/>\n\u00d6nder Haf\u0131z el-Esad\u2019\u0131n tarihi ulusal ve milli ba\u015far\u0131larla dolu olup; yerel ve uluslar aras\u0131 alanda Suriye\u2019nin zor bir durumdan \u00e7\u0131kar\u0131l\u0131p dayanaklar\u0131n\u0131 ve kurumlar\u0131n\u0131 yap\u0131land\u0131rma, istikrar ve g\u00fcvenli\u011fini sa\u011flama, egemenlik ve ba\u011f\u0131ms\u0131zl\u0131\u011f\u0131n\u0131 koruma, gasp edilen Arap haklar\u0131n\u0131n geri al\u0131nmas\u0131nda \u00f6nc\u00fc haline getirme y\u00f6n\u00fcnde planlar yapmak ve bu planlar\u0131 hayata ge\u00e7irmek b\u00fcy\u00fck \u00f6nderin en b\u00fcy\u00fck gayesiydi.<br \/>\nReform Hareketinin ba\u015flamas\u0131yla birlikte b\u00fct\u00fcn bunlar h\u0131zla ve a\u00e7\u0131k\u00e7a ortaya \u00e7\u0131km\u0131\u015ft\u0131. Suriye&#8217;de her alanda tan\u0131k oldu\u011fumuz ve g\u00f6rd\u00fc\u011f\u00fcm\u00fcz geli\u015fmeler, uzun ve zorlu bir \u00e7al\u0131\u015fma s\u00fcrecinin \u00fcr\u00fcn\u00fcd\u00fcr.<br \/>\nArap ve ulusal d\u00fczeyde ise, \u00d6l\u00fcms\u00fcz Lider el-Esad, ulusal ate\u015fi yeniden alevlendirme, de\u011ferlerini yerle\u015ftirme ve Arap nesillerine aktarma y\u00f6n\u00fcnde silinmeyecek izler b\u0131rakt\u0131. \u00c7\u00fcnk\u00fc ulusalc\u0131l\u0131k, ulusun bu d\u00fcnyada s\u00f6z ve konum sahibi olabilmesi y\u00f6n\u00fcnde en aktif ve en g\u00fcvenilir se\u00e7enek olmakla birlikte, Arap haklar\u0131n\u0131n tamam\u0131yla geri alma hedefinin gerekliliklerinden birini olu\u015fturmaktayd\u0131.<br \/>\nHaziran yenilgisinin izlerini silen Ekim Kurtulu\u015f Sava\u015f\u0131, Araplar\u0131, \u00d6nder el-Esad\u2019\u0131n on d\u00f6rt\u00a0y\u0131l \u00f6nce 10 Haziran tarihinde \u00f6l\u00fcm\u00fcne kadar, Araplar\u0131n stratejik se\u00e7ene\u011fi olarak kabul etti\u011fi d\u00fc\u015f\u00fcncenin do\u011fal bir sonucu olan i\u015fbirli\u011fi ve dayan\u0131\u015fma yoluna soktu.<br \/>\nB\u00fcy\u00fck \u00d6nderin ulus ve vatan evlatlar\u0131na b\u0131rakt\u0131klar\u0131na ilaveten maddi ve bilimsel ba\u015far\u0131lar, ilke ve haklara ba\u011fl\u0131l\u0131k, bu ilke ve haklardan \u00f6d\u00fcn vermeme, karamsarl\u0131\u011fa d\u00fc\u015fmeme, ulusun gelece\u011fi, b\u00f6lgesel ve uluslararas\u0131 \u00f6nemi ve konumuna s\u00fcrekli inanma, ulusa sevgi ve bask\u0131lara kar\u015f\u0131 direnme, diyalogu \u00e7al\u0131\u015fma, sorunlar\u0131 \u00e7\u00f6zme ve anla\u015fma y\u00f6ntemi olarak yayg\u0131nla\u015ft\u0131rma, d\u0131\u015f tehditlere kar\u015f\u0131 dayatma ve korku k\u00fclt\u00fcr\u00fcn\u00fc reddetme, her zaman hak sahibi ve bu b\u00f6lgenin uygarl\u0131k kurucular\u0131, d\u00fcnya uygarl\u0131\u011f\u0131n\u0131n aktif ve temel kat\u0131l\u0131mc\u0131lar\u0131 oldu\u011fumuza inanma gibi de\u011ferleri yerle\u015ftirdi.<br \/>\nSayd\u0131klar\u0131m\u0131z \u00d6l\u00fcms\u00fcz Liderin Suriye ve Arap ulusuna b\u0131rakt\u0131klar\u0131n\u0131n sadece bir damlas\u0131n\u0131 olu\u015fturuyor. T\u00fcm bunlar \u015fu an, vatan\u0131n de\u011fi\u015fik d\u00fczey ve boyutlardaki politikalar\u0131n\u0131n cevherini olu\u015ftururken Suriye\u2019nin, b\u00f6lge ve \u00e7evresindeki karar merkezlerinde rol\u00fcn\u00fc, g\u00fcc\u00fcn\u00fc ve konumunu peki\u015ftirmektedir. ,<br \/>\nSuriye bug\u00fcn; b\u00fcy\u00fck liderin ba\u015far\u0131larla dolu tarihini anarken, Cumhurba\u015fkan\u0131 Be\u015f\u015far el-Esad\u2019\u0131n liderli\u011finde g\u00fcvenli ad\u0131mlarla ilerliyor, uzun vadeli stratejik bir vizyonla rol\u00fc ve konumu her d\u00fczeyde peki\u015fiyor.<br \/>\nArap davalar\u0131n\u0131 savunmada tutum ve m\u00fccadelesinde sert bir direni\u015f\u00e7i olan \u00f6l\u00fcms\u00fcz lider Haf\u0131z el-Esad gelecek nesillerin gurur duyaca\u011f\u0131 b\u00fcy\u00fck bir ulusal ve milli m\u00fccadele miras\u0131 b\u0131rakt\u0131.<br \/>\nD\u00f6neminde d\u00fcnyan\u0131n \u00f6nde gelen politikac\u0131lar\u0131n\u0131n \u00f6n\u00fcnde sayg\u0131yla e\u011fildi\u011fi, karakterini ve siyasetini \u00f6vd\u00fckleri b\u00fcy\u00fck pir \u015fahsiyetti Haf\u0131z el-Esad.<br \/>\nB\u00fcy\u00fck \u00f6nder; sadece Suriye&#8217;nin i\u00e7 davalar\u0131nda kalmay\u0131p, L\u00fcbnan&#8217;\u0131n birli\u011fini korudu\u011fu gibi, 17 Mart pakt\u0131n\u0131 da ba\u015far\u0131s\u0131zl\u0131\u011fa u\u011fratt\u0131. Ayn\u0131 zamanda d\u00fc\u015fman \u0130srail&#8217;i g\u00fcney L\u00fcbnan&#8217;dan defeden ulusal direni\u015fi kucaklad\u0131.<br \/>\nSuriye halk\u0131n\u0131n uzun y\u0131llar boyunca nimetini ya\u015fad\u0131\u011f\u0131 ulusal birlik ilkelerini peki\u015ftiren \u00f6nder, Arap k\u00fclt\u00fcr\u00fcn\u00fc teslimiyetten direni\u015fe, yenilgiden de zafere ta\u015f\u0131d\u0131.<br \/>\nHaf\u0131z el-Esad, milleti savuran d\u00f6n\u00fc\u015f\u00fcm ve geli\u015fmeler g\u00f6lgesinde Suriye\u2019yi do\u011fru vizyonu ve keskin g\u00f6r\u00fc\u015f\u00fcyle y\u00f6netirken, Arap ve b\u00f6lgesel alanlarda yap\u0131c\u0131 ve etkili bir konuma gelmesini sa\u011flayan kalk\u0131nma hareketinin sa\u011flam zeminini haz\u0131rlad\u0131.<br \/>\nSuriye \u00f6l\u00fcms\u00fcz liderin zeminlerini haz\u0131rlad\u0131\u011f\u0131 \u2018D\u00fczeltme Hareketinin\u2019 sonu\u00e7lar\u0131n\u0131 sa\u011flam bir zemin \u00fczerinde ya\u015farken, \u00e7a\u011fda\u015fl\u0131\u011f\u0131n\u0131 ve g\u00fcc\u00fcn\u00fc peki\u015ftirmeye \u00e7al\u0131\u015fan Cumhurba\u015fkan\u0131 Be\u015f\u015far el-Esad\u2019\u0131n d\u00f6neminde yenilgi kavram\u0131ndan uzak bir \u015fekilde Arap milletinin umutlar\u0131n\u0131 canland\u0131ran zafer ve ba\u015far\u0131lar peki\u015fiyor.<br \/>\n\u00d6nder Haf\u0131z el-Esad, Suriye tarihinde b\u00fcy\u00fck ve \u00f6nemli d\u00f6n\u00fc\u015f\u00fcmler sa\u011flamas\u0131na ilaveten, halklar\u0131n m\u00fccadele ruhunun devam etmesinde ilham kayna\u011f\u0131 oldu. 8 Mart Devrimini peki\u015ftirerek, Suriye tarihinde yeni bir a\u015faman\u0131n ba\u015flang\u0131c\u0131 olmas\u0131, Suriye&#8217;nin siyasi ve ekonomik olarak g\u00fc\u00e7l\u00fc ve k\u00f6kl\u00fc bir devlet olmas\u0131n\u0131n yan\u0131 s\u0131ra siyasi ve ekonomik olarak ba\u011f\u0131ms\u0131z karar sahibi olmas\u0131nda etken bir rol oynad\u0131.<br \/>\nMilli \u00d6nder Haf\u0131z el-Esad\u2019\u0131n liderli\u011finde ger\u00e7ekle\u015ftirilen Reform Hareketi, ulusal ve b\u00f6lgesel d\u00fczeyde kazan\u0131mlar\u0131 ve etkileri olurken, bir\u00e7ok de\u011fi\u015fim, yenilik ve geli\u015fmeye yol a\u00e7t\u0131.<br \/>\nB\u00fcy\u00fck lider; adil ve e\u015fit bir toplum in\u015fa etme, s\u00f6m\u00fcr\u00fcy\u00fc yok etme, vatanda\u015flar\u0131n maddi, manevi ve d\u00fc\u015f\u00fcnsel ya\u015fam d\u00fczeylerini y\u00fckseltmenin yan\u0131 s\u0131ra Suriye\u2019nin adil Arap toplumunu olu\u015fturma s\u00fcrecindeki ulusal rol\u00fcn\u00fc b\u00fcy\u00fctme ama\u00e7lar\u0131yla bir dizi faaliyet ve direktiflerde bulundu.<br \/>\nModern Suriye&#8217;nin kurucusu olan ve d\u00fcnya genelinde h\u00fcr insanlarca b\u00fcy\u00fck bir sayg\u0131nl\u0131kla tan\u0131nan \u00f6l\u00fcms\u00fcz \u00f6nder Haf\u0131z el-Esad kimdir?<br \/>\n06 Ekim 1930 tarihinde Lazkiye k\u0131rsal\u0131n\u0131n K\u0131rdaha Kasabas\u0131nda asil ve emek\u00e7i bir Arap ailesinin evinde d\u00fcnyaya geldi. \u0130lk\u00f6\u011frenimini K\u0131rdaha\u2019da, lise \u00f6\u011frenimini de Lazkiye Kentinde tamamlayan b\u00fcy\u00fck \u00f6nder; derslerindeki ba\u015far\u0131lar\u0131na ilaveten ders kitaplar\u0131yla yetinmeyip, inceleme ve ara\u015ft\u0131rma merak\u0131yla bilinirdi.<br \/>\nO zamanlarda politikaya da b\u00fcy\u00fck bir e\u011filimi olan \u00f6nder, II d\u00fcnya sava\u015f\u0131 ve Frans\u0131z i\u015fgali d\u00f6neminde okul \u00e7evresinde milli d\u00fc\u015f\u00fcnceleri ve m\u00fccadeleci ruhuyla \u00fcn kazand\u0131. Frans\u0131z i\u015fgaline kar\u015f\u0131 o s\u00fcre\u00e7te d\u00fczenlenen g\u00f6steriler ve milli d\u00fc\u015f\u00fcncelerin yay\u0131lmas\u0131nda \u00f6nemli etkinliklere katk\u0131 sa\u011flad\u0131. Ard\u0131ndan Lazkiye \u00d6\u011frenci Komitesine se\u00e7ildi ve \u00f6\u011frenci etkinliklerine \u00f6nderlik etti. O zamanlarda siyasi \u00e7al\u0131\u015fmalar\u0131 Frans\u0131z i\u015fgalinin sonland\u0131r\u0131lmas\u0131 ve Filistin davas\u0131 gibi temel davalara odakland\u0131.<br \/>\nArd\u0131ndan 1946 y\u0131l\u0131nda Sosyalist Arap el-Baas Partisine kat\u0131ld\u0131 ve m\u00fccadele saflar\u0131nda etkin bir rol oynad\u0131. Aktif, kararl\u0131, popiler, milliyet\u00e7i, ayd\u0131n ve derin bir vizyona sahip gen\u00e7 partiye yeni \u015feyler kazand\u0131rmas\u0131yla, kendisi de partinin ideolojisinden \u00f6nemli \u015feyler kazand\u0131.<br \/>\nB\u00fcy\u00fck \u00f6nder parti i\u00e7inde gemiyi y\u00f6nlendirmeye ba\u015flamas\u0131yla Suriye tarihinde \u00f6nemli bir d\u00f6n\u00fcm noktas\u0131 te\u015fkil eden D\u00fczeltme Hareketi ger\u00e7ekle\u015ftirildi.<br \/>\nLise fen b\u00f6l\u00fcm\u00fcnden mezun olan \u00f6nder; 1952 y\u0131l\u0131nda Askeri Harp Akademisine kay\u0131t oldu. 1955 y\u0131l\u0131nda hava kuvvetleri subay\u0131 olarak mezun oldu. Akademinin t\u00fcm s\u0131n\u0131flar\u0131nda birincilik \u00f6d\u00fcl\u00fc alan \u00f6nder, mezuniyetinde de hava oyunlar\u0131 kupas\u0131n\u0131 ald\u0131. Ard\u0131ndan bir dizi askeri e\u011fitim devrelerine kat\u0131larak t\u00fcm bunlar\u0131 ba\u015far\u0131 \u00f6d\u00fclleriyle tamamlad\u0131. Gece ve g\u00fcnd\u00fcz sava\u015f u\u00e7u\u015flar\u0131nda ba\u015far\u0131lar\u0131 ard\u0131ndan 1964 y\u0131l\u0131nda hava kurmay\u0131 diplomas\u0131n\u0131 ald\u0131.<br \/>\n1961 y\u0131l\u0131na dek s\u00fcren Suriye \u2013 M\u0131s\u0131r birle\u015fmesini ba\u015far\u0131l\u0131 bir sava\u015f pilotu ve bariz bir milli m\u00fccadeleci olarak ya\u015fayan \u00f6nder, 1961 y\u0131l\u0131nda iki karde\u015fin ayr\u0131lmas\u0131na yol a\u00e7an komployla ayr\u0131lmaya kar\u015f\u0131 tutumlar\u0131ndan dolay\u0131 hava kuvvetlerinden uzakla\u015ft\u0131r\u0131l\u0131p sivil bir bakanl\u0131\u011fa sevk edildi. Buna ra\u011fmen milliyet\u00e7i m\u00fccadele azmi k\u0131r\u0131lmayan \u00f6l\u00fcms\u00fcz lider, m\u00fccadele eylemlerinde her daim \u00f6nc\u00fc bir rol oynad\u0131. 8 Mart Devriminin illegal komitesinde yer alarak, askeri y\u00f6netim komitesinde bariz ve etkin bir yer ald\u0131.<br \/>\nTarihi boyunca ileti\u015fim ve koordinasyonda etkin karakteriyle bilinen \u00f6nder; 8 Mart Devrimi ve \u00f6ncesinde de parti etkinliklerinde \u00f6nc\u00fc misyon \u00fcstlendi. 8 Mart Devriminden sonra \u00f6nder partinin ulusal ve milli y\u00f6netim kurullar\u0131nda \u00f6nemli g\u00f6revler \u00fcstlendi. 1970 y\u0131l\u0131na dek parti kongrelerinde dikkatleri \u00fcst\u00fcne toplayan bir \u015fahsiyet olup, 1966 \u015eubat hareketinde partide otoriterli\u011fe son verip sa\u011f g\u00f6r\u00fc\u015f\u00fc partiden uzakla\u015ft\u0131rd\u0131.<br \/>\nT\u00fcm bu parti \u00e7al\u0131\u015fmalar\u0131na e\u015f zamanl\u0131 olarak silahl\u0131 kuvvetlere de ilgi ve \u00f6nem g\u00f6steren \u00f6l\u00fcms\u00fcz \u00f6nder, 8 Mart Devrimi ard\u0131ndan yeniden silahl\u0131 kuvvetlere d\u00f6nm\u00fc\u015ft\u00fc.<br \/>\n02 Aral\u0131k 1964 y\u0131l\u0131nda hava kuvvetlerinde pilot t\u00fcmgeneral r\u00fctbesine y\u00fckseldi. Ard\u0131ndan hava savunma kuvvetleri genel komutan\u0131, 23 \u015eubat 1966 tarihinde bu g\u00f6revine ek olarak savunma bakan\u0131 g\u00f6revini \u00fcstlendi. 1 Temmuz 1968 tarihinde orgeneral r\u00fctbesine \u00fcstlenen \u00f6nder, partinin halk taban\u0131 ve t\u00fcm Arap ulusuna a\u00e7\u0131lmas\u0131na yol a\u00e7an D\u00fczeltme Hareketine komuta etmesi ard\u0131ndan 21 Kas\u0131m 1970 tarihinde savunma bakan\u0131 g\u00f6revine ilaveten ba\u015fbakan g\u00f6revini de \u00fcstlendi.<br \/>\nHalk kitleler halinde parti ve milli ba\u015far\u0131lar\u0131yla \u00fcn kazanan bu \u015fahsiyetin etraf\u0131nda kenetle\u015fip Suriye ve t\u00fcm Arap milletinin tarihinde ciddi bir d\u00f6n\u00fc\u015f\u00fcm noktas\u0131 te\u015fkil eden D\u00fczeltme Hareketini geni\u015fletmeye ve geli\u015ftirmeye \u00e7al\u0131\u015ft\u0131.<br \/>\nB\u00fcy\u00fck \u00f6nder \u00f6l\u00fcms\u00fcz lider Haf\u0131z el-Esad maruz kald\u0131\u011f\u0131 zorluklar\u0131 \u00fcst\u00fcn bir hikmetle a\u015farak her daim Suriye&#8217;yi b\u00f6lgesel ve evrensel d\u00fczeyde daha ileri konumlara ta\u015f\u0131d\u0131. Ekim kurtulu\u015f sava\u015f\u0131nda \u0130srail&#8217;e kar\u015f\u0131 sa\u011flad\u0131\u011f\u0131 zaferle Araplar\u0131n onur ve m\u00fccadele ruhlar\u0131n\u0131 canland\u0131ran \u00f6nder, ekonomik d\u00fczeyde de Suriye&#8217;yi kendine yetecek d\u00fczeye getirdi.<br \/>\nToprak reformu kanunuyla sosyalist sistemi Suriye&#8217;ye oturttu. E\u011fitim, sa\u011fl\u0131k ve t\u00fcm alanlarda soysala hizmetlere de odaklanarak, bunlar\u0131 t\u00fcm vatanda\u015flara neredeyse \u00fccretsiz hale getirdi.<br \/>\nEmek\u00e7i bir aileden gelmesiyle her daim eme\u011fe, \u00e7ift\u00e7iye b\u00fcy\u00fck bir \u00f6nem verdi. K\u00fclt\u00fcr ve sanat da b\u00fcy\u00fck \u00f6nderin her daim te\u015fvik etti\u011fi alanlar oldu.<br \/>\nB\u00fcy\u00fck \u00f6nderin ba\u015far\u0131 ve kalk\u0131nmalarla kurdu\u011fu Suriye Arap Cumhuriyeti, Cumhurba\u015fkan\u0131 Be\u015f\u015far el-Esad\u2019\u0131n bilgeliyi, cesareti ve ulusal ilkelere ba\u011fl\u0131l\u0131\u011f\u0131 ile maruz kald\u0131\u011f\u0131 bask\u0131 ve dayatmalara ra\u011fmen kalk\u0131nma ve zafer s\u00fcrecini s\u00fcrd\u00fcr\u00fcyor ve s\u00fcrd\u00fcrecektir.<br \/>\n10 Haziran 2000 tarihinde ba\u015f\u0131 dik, onurlu ve h\u00fcr bir insan olarak aram\u0131zdan ayr\u0131lan, Suriye ve t\u00fcm Arap milletinin yan\u0131 s\u0131ra d\u00fcnyan\u0131n h\u00fcr ve egemen insanlar\u0131n\u0131 h\u00fczne bo\u011fan b\u00fcy\u00fck \u00f6nder \u00f6l\u00fcms\u00fcz lideri sayg\u0131 ve sevgi ve \u015f\u00fckranla an\u0131yoruz.<br \/>\nRuhu \u015fad, mekan\u0131 cennet olsun.<\/p>\n<p><a href=\"http:\/\/sanasyria.org\/tr\/wp-content\/uploads\/2014\/06\/ax-14.jpg\">\u00a0<\/a><\/p>\n<div id='gallery-1' class='gallery galleryid-2692 gallery-columns-3 gallery-size-thumbnail'><figure class='gallery-item'>\n\t\t\t<div class='gallery-icon landscape'>\n\t\t\t\t<a href='https:\/\/archive.sana.sy\/tr\/wp-content\/uploads\/2014\/06\/ax-14.jpg'><img loading=\"lazy\" decoding=\"async\" width=\"150\" height=\"101\" src=\"https:\/\/archive.sana.sy\/tr\/wp-content\/uploads\/2014\/06\/ax-14-150x101.jpg\" class=\"attachment-thumbnail size-thumbnail\" alt=\"\" srcset=\"https:\/\/archive.sana.sy\/tr\/wp-content\/uploads\/2014\/06\/ax-14-150x101.jpg 150w, https:\/\/archive.sana.sy\/tr\/wp-content\/uploads\/2014\/06\/ax-14-300x202.jpg 300w, https:\/\/archive.sana.sy\/tr\/wp-content\/uploads\/2014\/06\/ax-14-1024x692.jpg 1024w, https:\/\/archive.sana.sy\/tr\/wp-content\/uploads\/2014\/06\/ax-14.jpg 1669w\" sizes=\"auto, (max-width: 150px) 100vw, 150px\" \/><\/a>\n\t\t\t<\/div><\/figure><figure class='gallery-item'>\n\t\t\t<div class='gallery-icon landscape'>\n\t\t\t\t<a href='https:\/\/archive.sana.sy\/tr\/wp-content\/uploads\/2014\/06\/ax-13.jpg'><img loading=\"lazy\" decoding=\"async\" width=\"150\" height=\"102\" src=\"https:\/\/archive.sana.sy\/tr\/wp-content\/uploads\/2014\/06\/ax-13-150x102.jpg\" class=\"attachment-thumbnail size-thumbnail\" alt=\"\" srcset=\"https:\/\/archive.sana.sy\/tr\/wp-content\/uploads\/2014\/06\/ax-13-150x102.jpg 150w, https:\/\/archive.sana.sy\/tr\/wp-content\/uploads\/2014\/06\/ax-13-300x204.jpg 300w, https:\/\/archive.sana.sy\/tr\/wp-content\/uploads\/2014\/06\/ax-13-1024x697.jpg 1024w, https:\/\/archive.sana.sy\/tr\/wp-content\/uploads\/2014\/06\/ax-13.jpg 1669w\" sizes=\"auto, (max-width: 150px) 100vw, 150px\" \/><\/a>\n\t\t\t<\/div><\/figure><figure class='gallery-item'>\n\t\t\t<div class='gallery-icon landscape'>\n\t\t\t\t<a href='https:\/\/archive.sana.sy\/tr\/wp-content\/uploads\/2014\/06\/ax-12.jpg'><img loading=\"lazy\" decoding=\"async\" width=\"150\" height=\"100\" src=\"https:\/\/archive.sana.sy\/tr\/wp-content\/uploads\/2014\/06\/ax-12-150x100.jpg\" class=\"attachment-thumbnail size-thumbnail\" alt=\"\" srcset=\"https:\/\/archive.sana.sy\/tr\/wp-content\/uploads\/2014\/06\/ax-12-150x100.jpg 150w, https:\/\/archive.sana.sy\/tr\/wp-content\/uploads\/2014\/06\/ax-12-300x201.jpg 300w, https:\/\/archive.sana.sy\/tr\/wp-content\/uploads\/2014\/06\/ax-12-1024x688.jpg 1024w, https:\/\/archive.sana.sy\/tr\/wp-content\/uploads\/2014\/06\/ax-12.jpg 1685w\" sizes=\"auto, (max-width: 150px) 100vw, 150px\" \/><\/a>\n\t\t\t<\/div><\/figure><figure class='gallery-item'>\n\t\t\t<div class='gallery-icon landscape'>\n\t\t\t\t<a href='https:\/\/archive.sana.sy\/tr\/wp-content\/uploads\/2014\/06\/ax-8.jpg'><img loading=\"lazy\" decoding=\"async\" width=\"150\" height=\"105\" src=\"https:\/\/archive.sana.sy\/tr\/wp-content\/uploads\/2014\/06\/ax-8-150x105.jpg\" class=\"attachment-thumbnail size-thumbnail\" alt=\"\" srcset=\"https:\/\/archive.sana.sy\/tr\/wp-content\/uploads\/2014\/06\/ax-8-150x105.jpg 150w, https:\/\/archive.sana.sy\/tr\/wp-content\/uploads\/2014\/06\/ax-8-300x210.jpg 300w, https:\/\/archive.sana.sy\/tr\/wp-content\/uploads\/2014\/06\/ax-8-1024x718.jpg 1024w\" sizes=\"auto, (max-width: 150px) 100vw, 150px\" \/><\/a>\n\t\t\t<\/div><\/figure><figure class='gallery-item'>\n\t\t\t<div class='gallery-icon landscape'>\n\t\t\t\t<a href='https:\/\/archive.sana.sy\/tr\/wp-content\/uploads\/2014\/06\/ax-9.jpg'><img loading=\"lazy\" decoding=\"async\" width=\"150\" height=\"108\" src=\"https:\/\/archive.sana.sy\/tr\/wp-content\/uploads\/2014\/06\/ax-9-150x108.jpg\" class=\"attachment-thumbnail size-thumbnail\" alt=\"\" srcset=\"https:\/\/archive.sana.sy\/tr\/wp-content\/uploads\/2014\/06\/ax-9-150x108.jpg 150w, https:\/\/archive.sana.sy\/tr\/wp-content\/uploads\/2014\/06\/ax-9-300x216.jpg 300w, https:\/\/archive.sana.sy\/tr\/wp-content\/uploads\/2014\/06\/ax-9-1024x737.jpg 1024w, https:\/\/archive.sana.sy\/tr\/wp-content\/uploads\/2014\/06\/ax-9.jpg 1603w\" sizes=\"auto, (max-width: 150px) 100vw, 150px\" \/><\/a>\n\t\t\t<\/div><\/figure><figure class='gallery-item'>\n\t\t\t<div class='gallery-icon landscape'>\n\t\t\t\t<a href='https:\/\/archive.sana.sy\/tr\/wp-content\/uploads\/2014\/06\/ax-10.jpg'><img loading=\"lazy\" decoding=\"async\" width=\"150\" height=\"105\" src=\"https:\/\/archive.sana.sy\/tr\/wp-content\/uploads\/2014\/06\/ax-10-150x105.jpg\" class=\"attachment-thumbnail size-thumbnail\" alt=\"\" srcset=\"https:\/\/archive.sana.sy\/tr\/wp-content\/uploads\/2014\/06\/ax-10-150x105.jpg 150w, https:\/\/archive.sana.sy\/tr\/wp-content\/uploads\/2014\/06\/ax-10-300x211.jpg 300w, https:\/\/archive.sana.sy\/tr\/wp-content\/uploads\/2014\/06\/ax-10-1024x723.jpg 1024w, https:\/\/archive.sana.sy\/tr\/wp-content\/uploads\/2014\/06\/ax-10.jpg 1581w\" sizes=\"auto, (max-width: 150px) 100vw, 150px\" \/><\/a>\n\t\t\t<\/div><\/figure><figure class='gallery-item'>\n\t\t\t<div class='gallery-icon landscape'>\n\t\t\t\t<a href='https:\/\/archive.sana.sy\/tr\/wp-content\/uploads\/2014\/06\/ax-11.jpg'><img loading=\"lazy\" decoding=\"async\" width=\"150\" height=\"103\" src=\"https:\/\/archive.sana.sy\/tr\/wp-content\/uploads\/2014\/06\/ax-11-150x103.jpg\" class=\"attachment-thumbnail size-thumbnail\" alt=\"\" srcset=\"https:\/\/archive.sana.sy\/tr\/wp-content\/uploads\/2014\/06\/ax-11-150x103.jpg 150w, https:\/\/archive.sana.sy\/tr\/wp-content\/uploads\/2014\/06\/ax-11-300x207.jpg 300w, https:\/\/archive.sana.sy\/tr\/wp-content\/uploads\/2014\/06\/ax-11-1024x709.jpg 1024w, https:\/\/archive.sana.sy\/tr\/wp-content\/uploads\/2014\/06\/ax-11.jpg 1617w\" sizes=\"auto, (max-width: 150px) 100vw, 150px\" \/><\/a>\n\t\t\t<\/div><\/figure><figure class='gallery-item'>\n\t\t\t<div class='gallery-icon landscape'>\n\t\t\t\t<a href='https:\/\/archive.sana.sy\/tr\/wp-content\/uploads\/2014\/06\/ax-7.jpg'><img loading=\"lazy\" decoding=\"async\" width=\"150\" height=\"103\" src=\"https:\/\/archive.sana.sy\/tr\/wp-content\/uploads\/2014\/06\/ax-7-150x103.jpg\" class=\"attachment-thumbnail size-thumbnail\" alt=\"\" srcset=\"https:\/\/archive.sana.sy\/tr\/wp-content\/uploads\/2014\/06\/ax-7-150x103.jpg 150w, https:\/\/archive.sana.sy\/tr\/wp-content\/uploads\/2014\/06\/ax-7-300x206.jpg 300w, https:\/\/archive.sana.sy\/tr\/wp-content\/uploads\/2014\/06\/ax-7-1024x704.jpg 1024w, https:\/\/archive.sana.sy\/tr\/wp-content\/uploads\/2014\/06\/ax-7.jpg 1657w\" sizes=\"auto, (max-width: 150px) 100vw, 150px\" \/><\/a>\n\t\t\t<\/div><\/figure><figure class='gallery-item'>\n\t\t\t<div class='gallery-icon landscape'>\n\t\t\t\t<a href='https:\/\/archive.sana.sy\/tr\/wp-content\/uploads\/2014\/06\/ax-6.jpg'><img loading=\"lazy\" decoding=\"async\" width=\"150\" height=\"105\" src=\"https:\/\/archive.sana.sy\/tr\/wp-content\/uploads\/2014\/06\/ax-6-150x105.jpg\" class=\"attachment-thumbnail size-thumbnail\" alt=\"\" srcset=\"https:\/\/archive.sana.sy\/tr\/wp-content\/uploads\/2014\/06\/ax-6-150x105.jpg 150w, https:\/\/archive.sana.sy\/tr\/wp-content\/uploads\/2014\/06\/ax-6-300x210.jpg 300w, https:\/\/archive.sana.sy\/tr\/wp-content\/uploads\/2014\/06\/ax-6-1024x719.jpg 1024w, https:\/\/archive.sana.sy\/tr\/wp-content\/uploads\/2014\/06\/ax-6.jpg 1772w\" sizes=\"auto, (max-width: 150px) 100vw, 150px\" \/><\/a>\n\t\t\t<\/div><\/figure><figure class='gallery-item'>\n\t\t\t<div class='gallery-icon landscape'>\n\t\t\t\t<a href='https:\/\/archive.sana.sy\/tr\/wp-content\/uploads\/2014\/06\/ax-5.jpg'><img loading=\"lazy\" decoding=\"async\" width=\"150\" height=\"99\" src=\"https:\/\/archive.sana.sy\/tr\/wp-content\/uploads\/2014\/06\/ax-5-150x99.jpg\" class=\"attachment-thumbnail size-thumbnail\" alt=\"\" srcset=\"https:\/\/archive.sana.sy\/tr\/wp-content\/uploads\/2014\/06\/ax-5-150x99.jpg 150w, https:\/\/archive.sana.sy\/tr\/wp-content\/uploads\/2014\/06\/ax-5-300x199.jpg 300w, https:\/\/archive.sana.sy\/tr\/wp-content\/uploads\/2014\/06\/ax-5-1024x682.jpg 1024w, https:\/\/archive.sana.sy\/tr\/wp-content\/uploads\/2014\/06\/ax-5.jpg 1717w\" sizes=\"auto, (max-width: 150px) 100vw, 150px\" \/><\/a>\n\t\t\t<\/div><\/figure><figure class='gallery-item'>\n\t\t\t<div class='gallery-icon landscape'>\n\t\t\t\t<a href='https:\/\/archive.sana.sy\/tr\/wp-content\/uploads\/2014\/06\/ax-4.jpg'><img loading=\"lazy\" decoding=\"async\" width=\"150\" height=\"101\" src=\"https:\/\/archive.sana.sy\/tr\/wp-content\/uploads\/2014\/06\/ax-4-150x101.jpg\" class=\"attachment-thumbnail size-thumbnail\" alt=\"\" srcset=\"https:\/\/archive.sana.sy\/tr\/wp-content\/uploads\/2014\/06\/ax-4-150x101.jpg 150w, https:\/\/archive.sana.sy\/tr\/wp-content\/uploads\/2014\/06\/ax-4-300x203.jpg 300w, https:\/\/archive.sana.sy\/tr\/wp-content\/uploads\/2014\/06\/ax-4-1024x696.jpg 1024w, https:\/\/archive.sana.sy\/tr\/wp-content\/uploads\/2014\/06\/ax-4.jpg 1687w\" sizes=\"auto, (max-width: 150px) 100vw, 150px\" \/><\/a>\n\t\t\t<\/div><\/figure><figure class='gallery-item'>\n\t\t\t<div class='gallery-icon landscape'>\n\t\t\t\t<a href='https:\/\/archive.sana.sy\/tr\/wp-content\/uploads\/2014\/06\/qqqqqqqqqqqqqqqqqqqqqqqqqq.jpg'><img loading=\"lazy\" decoding=\"async\" width=\"150\" height=\"100\" src=\"https:\/\/archive.sana.sy\/tr\/wp-content\/uploads\/2014\/06\/qqqqqqqqqqqqqqqqqqqqqqqqqq-150x100.jpg\" class=\"attachment-thumbnail size-thumbnail\" alt=\"\" srcset=\"https:\/\/archive.sana.sy\/tr\/wp-content\/uploads\/2014\/06\/qqqqqqqqqqqqqqqqqqqqqqqqqq-150x100.jpg 150w, https:\/\/archive.sana.sy\/tr\/wp-content\/uploads\/2014\/06\/qqqqqqqqqqqqqqqqqqqqqqqqqq-300x201.jpg 300w, https:\/\/archive.sana.sy\/tr\/wp-content\/uploads\/2014\/06\/qqqqqqqqqqqqqqqqqqqqqqqqqq.jpg 400w\" sizes=\"auto, (max-width: 150px) 100vw, 150px\" \/><\/a>\n\t\t\t<\/div><\/figure><figure class='gallery-item'>\n\t\t\t<div class='gallery-icon landscape'>\n\t\t\t\t<a href='https:\/\/archive.sana.sy\/tr\/wp-content\/uploads\/2014\/06\/ax-0.jpg'><img loading=\"lazy\" decoding=\"async\" width=\"150\" height=\"101\" src=\"https:\/\/archive.sana.sy\/tr\/wp-content\/uploads\/2014\/06\/ax-0-150x101.jpg\" class=\"attachment-thumbnail size-thumbnail\" alt=\"\" srcset=\"https:\/\/archive.sana.sy\/tr\/wp-content\/uploads\/2014\/06\/ax-0-150x101.jpg 150w, https:\/\/archive.sana.sy\/tr\/wp-content\/uploads\/2014\/06\/ax-0-300x202.jpg 300w, https:\/\/archive.sana.sy\/tr\/wp-content\/uploads\/2014\/06\/ax-0-1024x691.jpg 1024w, https:\/\/archive.sana.sy\/tr\/wp-content\/uploads\/2014\/06\/ax-0.jpg 1677w\" sizes=\"auto, (max-width: 150px) 100vw, 150px\" \/><\/a>\n\t\t\t<\/div><\/figure><figure class='gallery-item'>\n\t\t\t<div class='gallery-icon landscape'>\n\t\t\t\t<a href='https:\/\/archive.sana.sy\/tr\/wp-content\/uploads\/2014\/06\/ax-1.jpg'><img loading=\"lazy\" decoding=\"async\" width=\"150\" height=\"93\" src=\"https:\/\/archive.sana.sy\/tr\/wp-content\/uploads\/2014\/06\/ax-1-150x93.jpg\" class=\"attachment-thumbnail size-thumbnail\" alt=\"\" srcset=\"https:\/\/archive.sana.sy\/tr\/wp-content\/uploads\/2014\/06\/ax-1-150x93.jpg 150w, https:\/\/archive.sana.sy\/tr\/wp-content\/uploads\/2014\/06\/ax-1-300x187.jpg 300w, https:\/\/archive.sana.sy\/tr\/wp-content\/uploads\/2014\/06\/ax-1-1024x639.jpg 1024w, https:\/\/archive.sana.sy\/tr\/wp-content\/uploads\/2014\/06\/ax-1.jpg 1689w\" sizes=\"auto, (max-width: 150px) 100vw, 150px\" \/><\/a>\n\t\t\t<\/div><\/figure><figure class='gallery-item'>\n\t\t\t<div class='gallery-icon landscape'>\n\t\t\t\t<a href='https:\/\/archive.sana.sy\/tr\/wp-content\/uploads\/2014\/06\/ax-3.jpg'><img loading=\"lazy\" decoding=\"async\" width=\"150\" height=\"96\" src=\"https:\/\/archive.sana.sy\/tr\/wp-content\/uploads\/2014\/06\/ax-3-150x96.jpg\" class=\"attachment-thumbnail size-thumbnail\" alt=\"\" srcset=\"https:\/\/archive.sana.sy\/tr\/wp-content\/uploads\/2014\/06\/ax-3-150x96.jpg 150w, https:\/\/archive.sana.sy\/tr\/wp-content\/uploads\/2014\/06\/ax-3-300x192.jpg 300w, https:\/\/archive.sana.sy\/tr\/wp-content\/uploads\/2014\/06\/ax-3-1024x658.jpg 1024w\" sizes=\"auto, (max-width: 150px) 100vw, 150px\" \/><\/a>\n\t\t\t<\/div><\/figure>\n\t\t<\/div>\n\n<p>&nbsp;<\/p>\n","protected":false},"excerpt":{"rendered":"<p>\u015eAM &#8211; 14. Vefat Y\u0131ld\u00f6n\u00fcm\u00fcnde b\u00fcy\u00fck \u00f6nder, \u00f6l\u00fcms\u00fcz lider Haf\u0131z El-Esad\u2019\u0131 sayg\u0131 ve sevgiyle an\u0131yoruz. \u00d6l\u00fcms\u00fcz lider Haf\u0131z el-Esad\u2019\u0131n aram\u0131zdan ayr\u0131l\u0131p hakka kavu\u015fmas\u0131n\u0131n 14. Y\u0131ld\u00f6n\u00fcm\u00fc; b\u00fcy\u00fck \u00f6nderin hayat\u0131n\u0131 yap\u0131land\u0131rmaya, kalk\u0131nd\u0131rmaya ve uluslar aras\u0131 d\u00fczeyde stratejik bir konuma getirmeye adad\u0131\u011f\u0131 modern Suriye&#8217;nin T\u00fcrkiye\u2019deki AKP h\u00fck\u00fcmetinin yan\u0131 s\u0131ra Arap ve Bat\u0131 devletleri taraf\u0131ndan benzeri g\u00f6r\u00fclmemi\u015f h\u0131r\u00e7\u0131n bir &hellip;<\/p>\n","protected":false},"author":1,"featured_media":2708,"comment_status":"closed","ping_status":"closed","sticky":false,"template":"","format":"standard","meta":{"footnotes":""},"categories":[478],"tags":[614],"class_list":["post-2692","post","type-post","status-publish","format-standard","has-post-thumbnail","","category-yerel","tag-dusunce-ve-vatanseverligi-ile-her-daim-aramizda"],"_links":{"self":[{"href":"https:\/\/archive.sana.sy\/tr\/index.php?rest_route=\/wp\/v2\/posts\/2692","targetHints":{"allow":["GET"]}}],"collection":[{"href":"https:\/\/archive.sana.sy\/tr\/index.php?rest_route=\/wp\/v2\/posts"}],"about":[{"href":"https:\/\/archive.sana.sy\/tr\/index.php?rest_route=\/wp\/v2\/types\/post"}],"author":[{"embeddable":true,"href":"https:\/\/archive.sana.sy\/tr\/index.php?rest_route=\/wp\/v2\/users\/1"}],"replies":[{"embeddable":true,"href":"https:\/\/archive.sana.sy\/tr\/index.php?rest_route=%2Fwp%2Fv2%2Fcomments&post=2692"}],"version-history":[{"count":0,"href":"https:\/\/archive.sana.sy\/tr\/index.php?rest_route=\/wp\/v2\/posts\/2692\/revisions"}],"wp:featuredmedia":[{"embeddable":true,"href":"https:\/\/archive.sana.sy\/tr\/index.php?rest_route=\/wp\/v2\/media\/2708"}],"wp:attachment":[{"href":"https:\/\/archive.sana.sy\/tr\/index.php?rest_route=%2Fwp%2Fv2%2Fmedia&parent=2692"}],"wp:term":[{"taxonomy":"category","embeddable":true,"href":"https:\/\/archive.sana.sy\/tr\/index.php?rest_route=%2Fwp%2Fv2%2Fcategories&post=2692"},{"taxonomy":"post_tag","embeddable":true,"href":"https:\/\/archive.sana.sy\/tr\/index.php?rest_route=%2Fwp%2Fv2%2Ftags&post=2692"}],"curies":[{"name":"wp","href":"https:\/\/api.w.org\/{rel}","templated":true}]}}