{"id":26921,"date":"2015-03-18T19:15:53","date_gmt":"2015-03-18T17:15:53","guid":{"rendered":"http:\/\/www.sana.sy\/tr\/?p=26921"},"modified":"2015-03-18T19:15:53","modified_gmt":"2015-03-18T17:15:53","slug":"hepatit-a-vakalarinda-ciddi-bir-azalma-oldugu-tespit-edildi","status":"publish","type":"post","link":"https:\/\/archive.sana.sy\/tr\/?p=26921","title":{"rendered":"Hepatit A Vakalar\u0131nda Ciddi Bir Azalma Oldu\u011fu Tespit Edildi"},"content":{"rendered":"<p>\u015eAM \u2013 Sa\u011fl\u0131k Bakan\u0131 Yard\u0131mc\u0131s\u0131 Ahmet Halifavi i\u00e7inde bulundu\u011fumuz y\u0131l\u0131n onuncu haftas\u0131nda vatanda\u015flar\u0131n sa\u011fl\u0131k ko\u015fullar\u0131na dikkat edilmesi sonucu Hepatit A hastal\u0131\u011f\u0131 vakalar\u0131nda ciddi bir azalma g\u00f6r\u00fcld\u00fc\u011f\u00fcn\u00fc a\u00e7\u0131klad\u0131.<\/p>\n<p>Bakanl\u0131\u011f\u0131n bula\u015f\u0131c\u0131 niteli\u011fi bulunan hastal\u0131klara kar\u015f\u0131 ciddi tedbirler alma \u00e7abas\u0131nda oldu\u011funa i\u015faret eden Halifavi, b\u00fct\u00fcn illerden gelen hastal\u0131k verilerine g\u00f6re olu\u015fturulacak sa\u011fl\u0131k haritas\u0131 \u00e7er\u00e7evesinde a\u015f\u0131 da\u011f\u0131t\u0131laca\u011f\u0131n\u0131 ve ek \u00f6nlemlerin al\u0131naca\u011f\u0131n\u0131 belirtti.<\/p>\n<p>Y\u0131l\u0131n dokuzuncu haftas\u0131nda \u00fclkede 2584 Hepatit A vakas\u0131 tespit edildi\u011fine de\u011finen Halifavi, onuncu haftada belirlenen Hepatit A vakas\u0131 say\u0131s\u0131n\u0131n 1512 oldu\u011funu beyan etti.<\/p>\n<p>F.B. &#8211; M.M.<\/p>\n","protected":false},"excerpt":{"rendered":"<p>\u015eAM \u2013 Sa\u011fl\u0131k Bakan\u0131 Yard\u0131mc\u0131s\u0131 Ahmet Halifavi i\u00e7inde bulundu\u011fumuz y\u0131l\u0131n onuncu haftas\u0131nda vatanda\u015flar\u0131n sa\u011fl\u0131k ko\u015fullar\u0131na dikkat edilmesi sonucu Hepatit A hastal\u0131\u011f\u0131 vakalar\u0131nda ciddi bir azalma g\u00f6r\u00fcld\u00fc\u011f\u00fcn\u00fc a\u00e7\u0131klad\u0131. Bakanl\u0131\u011f\u0131n bula\u015f\u0131c\u0131 niteli\u011fi bulunan hastal\u0131klara kar\u015f\u0131 ciddi tedbirler alma \u00e7abas\u0131nda oldu\u011funa i\u015faret eden Halifavi, b\u00fct\u00fcn illerden gelen hastal\u0131k verilerine g\u00f6re olu\u015fturulacak sa\u011fl\u0131k haritas\u0131 \u00e7er\u00e7evesinde a\u015f\u0131 da\u011f\u0131t\u0131laca\u011f\u0131n\u0131 ve ek &hellip;<\/p>\n","protected":false},"author":1,"featured_media":26922,"comment_status":"closed","ping_status":"closed","sticky":false,"template":"","format":"standard","meta":{"footnotes":""},"categories":[479,478],"tags":[12699,12700],"class_list":["post-26921","post","type-post","status-publish","format-standard","has-post-thumbnail","","category-haberler-yerel","category-yerel","tag-hepatit-a-vakalarinda-ciddi-bir-azalma-oldugu-tespit-edildi","tag-sam-saglik-bakani-yardimcisi-ahmet-halifavi-icinde-bulundugumuz-yilin-onuncu-haftasinda-vatandaslarin-saglik-kosullarina-dikkat-edilmesi-sonucu-hepatit-a-hastaligi-vakalarinda-ciddi-bir-azal"],"_links":{"self":[{"href":"https:\/\/archive.sana.sy\/tr\/index.php?rest_route=\/wp\/v2\/posts\/26921","targetHints":{"allow":["GET"]}}],"collection":[{"href":"https:\/\/archive.sana.sy\/tr\/index.php?rest_route=\/wp\/v2\/posts"}],"about":[{"href":"https:\/\/archive.sana.sy\/tr\/index.php?rest_route=\/wp\/v2\/types\/post"}],"author":[{"embeddable":true,"href":"https:\/\/archive.sana.sy\/tr\/index.php?rest_route=\/wp\/v2\/users\/1"}],"replies":[{"embeddable":true,"href":"https:\/\/archive.sana.sy\/tr\/index.php?rest_route=%2Fwp%2Fv2%2Fcomments&post=26921"}],"version-history":[{"count":0,"href":"https:\/\/archive.sana.sy\/tr\/index.php?rest_route=\/wp\/v2\/posts\/26921\/revisions"}],"wp:featuredmedia":[{"embeddable":true,"href":"https:\/\/archive.sana.sy\/tr\/index.php?rest_route=\/wp\/v2\/media\/26922"}],"wp:attachment":[{"href":"https:\/\/archive.sana.sy\/tr\/index.php?rest_route=%2Fwp%2Fv2%2Fmedia&parent=26921"}],"wp:term":[{"taxonomy":"category","embeddable":true,"href":"https:\/\/archive.sana.sy\/tr\/index.php?rest_route=%2Fwp%2Fv2%2Fcategories&post=26921"},{"taxonomy":"post_tag","embeddable":true,"href":"https:\/\/archive.sana.sy\/tr\/index.php?rest_route=%2Fwp%2Fv2%2Ftags&post=26921"}],"curies":[{"name":"wp","href":"https:\/\/api.w.org\/{rel}","templated":true}]}}