{"id":269217,"date":"2022-12-14T22:38:00","date_gmt":"2022-12-14T20:38:00","guid":{"rendered":"http:\/\/107.6.182.27\/tr\/?p=269217"},"modified":"2022-12-15T11:50:56","modified_gmt":"2022-12-15T09:50:56","slug":"halep-valisi-cumhurbaskani-esad-ve-esinin-adina-sair-safuh-sagalanin-olumu-nedeniyle-taziyelerini-sundu","status":"publish","type":"post","link":"https:\/\/archive.sana.sy\/tr\/?p=269217","title":{"rendered":"Halep Valisi, Cumhurba\u015fkan\u0131 Esad ve E\u015finin Ad\u0131na \u015eair Safuh \u015ea\u011fala&#8217;n\u0131n \u00d6l\u00fcm\u00fc Nedeniyle Taziyelerini Sundu"},"content":{"rendered":"<p>HALEP \u2013 Halep Valisi H\u00fcseyin Diyab, d\u00fcn 66 ya\u015f\u0131nda vefat eden \u015fair Safuh \u015ea\u011fala&#8217;n\u0131n vefat\u0131 dolay\u0131s\u0131yla Say\u0131n Cumhurba\u015fkan\u0131 Be\u015far Esad ve e\u015fi Esma el Esad ad\u0131na taziyelerde bulundu.<\/p>\n<p><img loading=\"lazy\" decoding=\"async\" class=\"size-medium wp-image-269218 alignright\" src=\"http:\/\/107.6.182.27\/tr\/wp-content\/uploads\/2022\/12\/1-11-300x200.jpg\" alt=\"\" width=\"300\" height=\"200\" srcset=\"https:\/\/archive.sana.sy\/tr\/wp-content\/uploads\/2022\/12\/1-11-300x200.jpg 300w, https:\/\/archive.sana.sy\/tr\/wp-content\/uploads\/2022\/12\/1-11-1024x682.jpg 1024w, https:\/\/archive.sana.sy\/tr\/wp-content\/uploads\/2022\/12\/1-11-150x100.jpg 150w, https:\/\/archive.sana.sy\/tr\/wp-content\/uploads\/2022\/12\/1-11-768x512.jpg 768w, https:\/\/archive.sana.sy\/tr\/wp-content\/uploads\/2022\/12\/1-11.jpg 1280w\" sizes=\"auto, (max-width: 300px) 100vw, 300px\" \/>Halep Valisi, merhum \u015fair \u015ea\u011fala&#8217;n\u0131n ailesine, Cumhurba\u015fkan\u0131&#8217;n\u0131n ve e\u015finin ba\u015fsa\u011fl\u0131\u011f\u0131 dileklerini ileterek, kendisinin Suriye&#8217;nin genelinde, \u00f6zelde Halep&#8217;in sanat ve k\u00fclt\u00fcr ortam\u0131n\u0131n bir\u00e7ok se\u00e7kin ve \u00f6l\u00fcms\u00fcz eserle desteklenmesindeki b\u00fcy\u00fck rol\u00fcne dikkat \u00e7ekti.<\/p>\n<p>Diyab, merhum \u015fairin vatansever duru\u015flar\u0131na kariyeri boyunca ve vatansever eserleri arac\u0131l\u0131\u011f\u0131yla at\u0131fta bulundu.<\/p>\n<p>Merhumun yak\u0131nlar\u0131 ise, merhumun ya\u015fam\u0131 boyunca g\u00f6sterdi\u011fi vatansever duru\u015fu takdirle kar\u015f\u0131layan Cumhurba\u015fkan\u0131&#8217;n\u0131n bu t\u00fcr giri\u015fiminden dolay\u0131 \u015f\u00fckranlar\u0131n\u0131 ve takdirlerini dile getirdiler ve merhumun Cumhurba\u015fkan\u0131 Esad&#8217;dan ve Say\u0131n Esma han\u0131m\u2019dan s\u00fcrekli ve s\u00fcrekli ilgi g\u00f6rd\u00fc\u011f\u00fcn\u00fc ve sanat kariyeri boyunca bir\u00e7ok toplant\u0131 yapt\u0131\u011f\u0131n\u0131 belirttiler.,<\/p>\n<p><a class=\"x1i10hfl xjbqb8w x6umtig x1b1mbwd xaqea5y xav7gou x9f619 x1ypdohk xt0psk2 xe8uvvx xdj266r x11i5rnm xat24cr x1mh8g0r xexx8yu x4uap5 x18d9i69 xkhd6sd x16tdsg8 x1hl2dhg xggy1nq x1a2a7pz xt0b8zv x1qq9wsj xo1l8bm\" tabindex=\"0\" role=\"link\" href=\"https:\/\/www.facebook.com\/hashtag\/telegram_kanal%C4%B1m%C4%B1z?__eep__=6&amp;__cft__[0]=AZVEFRdbT-halEQXlBSKD5uVeJ2HbMw5S31upYC_3U7s4tfvQd4bgdDHTsG1suGQmrsN5vCCQsWkLw9KPnAwkbh34XSLR-6u-aCbCcBip-vm_Dtt9Tw3ZxXHPRa64tLa5g8&amp;__tn__=*NK-R\">#Telegram_Kanal\u0131m\u0131z<\/a>:\u00a0<a class=\"x1i10hfl xjbqb8w x6umtig x1b1mbwd xaqea5y xav7gou x9f619 x1ypdohk xt0psk2 xe8uvvx xdj266r x11i5rnm xat24cr x1mh8g0r xexx8yu x4uap5 x18d9i69 xkhd6sd x16tdsg8 x1hl2dhg xggy1nq x1a2a7pz xt0b8zv x1fey0fg\" tabindex=\"0\" role=\"link\" href=\"https:\/\/t.me\/SuriyeArapHaberAjans%C4%B1?fbclid=IwAR3p7vDSDzVl_hhGBQARMPWuyBkNJRbKDzKk_R0uxYHCwX16jlrmRD4RwFU\" target=\"_blank\" rel=\"nofollow noopener\">https:\/\/t.me\/SuriyeArapHaberAjans\u0131<\/a><\/p>\n<div id='gallery-1' class='gallery galleryid-269217 gallery-columns-2 gallery-size-full'><figure class='gallery-item'>\n\t\t\t<div class='gallery-icon landscape'>\n\t\t\t\t<a href='https:\/\/archive.sana.sy\/tr\/wp-content\/uploads\/2022\/12\/2-41.jpg'><img loading=\"lazy\" decoding=\"async\" width=\"1280\" height=\"853\" src=\"https:\/\/archive.sana.sy\/tr\/wp-content\/uploads\/2022\/12\/2-41.jpg\" class=\"attachment-full size-full\" alt=\"\" srcset=\"https:\/\/archive.sana.sy\/tr\/wp-content\/uploads\/2022\/12\/2-41.jpg 1280w, https:\/\/archive.sana.sy\/tr\/wp-content\/uploads\/2022\/12\/2-41-300x200.jpg 300w, https:\/\/archive.sana.sy\/tr\/wp-content\/uploads\/2022\/12\/2-41-1024x682.jpg 1024w, https:\/\/archive.sana.sy\/tr\/wp-content\/uploads\/2022\/12\/2-41-150x100.jpg 150w, https:\/\/archive.sana.sy\/tr\/wp-content\/uploads\/2022\/12\/2-41-768x512.jpg 768w\" sizes=\"auto, (max-width: 1280px) 100vw, 1280px\" \/><\/a>\n\t\t\t<\/div><\/figure><figure class='gallery-item'>\n\t\t\t<div class='gallery-icon landscape'>\n\t\t\t\t<a href='https:\/\/archive.sana.sy\/tr\/wp-content\/uploads\/2022\/12\/4-30.jpg'><img loading=\"lazy\" decoding=\"async\" width=\"1280\" height=\"853\" src=\"https:\/\/archive.sana.sy\/tr\/wp-content\/uploads\/2022\/12\/4-30.jpg\" class=\"attachment-full size-full\" alt=\"\" srcset=\"https:\/\/archive.sana.sy\/tr\/wp-content\/uploads\/2022\/12\/4-30.jpg 1280w, https:\/\/archive.sana.sy\/tr\/wp-content\/uploads\/2022\/12\/4-30-300x200.jpg 300w, https:\/\/archive.sana.sy\/tr\/wp-content\/uploads\/2022\/12\/4-30-1024x682.jpg 1024w, https:\/\/archive.sana.sy\/tr\/wp-content\/uploads\/2022\/12\/4-30-150x100.jpg 150w, https:\/\/archive.sana.sy\/tr\/wp-content\/uploads\/2022\/12\/4-30-768x512.jpg 768w\" sizes=\"auto, (max-width: 1280px) 100vw, 1280px\" \/><\/a>\n\t\t\t<\/div><\/figure>\n\t\t<\/div>\n\n","protected":false},"excerpt":{"rendered":"<p>HALEP \u2013 Halep Valisi H\u00fcseyin Diyab, d\u00fcn 66 ya\u015f\u0131nda vefat eden \u015fair Safuh \u015ea\u011fala&#8217;n\u0131n vefat\u0131 dolay\u0131s\u0131yla Say\u0131n Cumhurba\u015fkan\u0131 Be\u015far Esad ve e\u015fi Esma el Esad ad\u0131na taziyelerde bulundu. Halep Valisi, merhum \u015fair \u015ea\u011fala&#8217;n\u0131n ailesine, Cumhurba\u015fkan\u0131&#8217;n\u0131n ve e\u015finin ba\u015fsa\u011fl\u0131\u011f\u0131 dileklerini ileterek, kendisinin Suriye&#8217;nin genelinde, \u00f6zelde Halep&#8217;in sanat ve k\u00fclt\u00fcr ortam\u0131n\u0131n bir\u00e7ok se\u00e7kin ve \u00f6l\u00fcms\u00fcz eserle desteklenmesindeki &hellip;<\/p>\n","protected":false},"author":36,"featured_media":269222,"comment_status":"closed","ping_status":"closed","sticky":false,"template":"","format":"standard","meta":{"footnotes":""},"categories":[596,479,17988,478],"tags":[],"class_list":["post-269217","post","type-post","status-publish","format-standard","has-post-thumbnail","","category-fotografli-raporlar","category-haberler-yerel","category-son-haberler","category-yerel"],"_links":{"self":[{"href":"https:\/\/archive.sana.sy\/tr\/index.php?rest_route=\/wp\/v2\/posts\/269217","targetHints":{"allow":["GET"]}}],"collection":[{"href":"https:\/\/archive.sana.sy\/tr\/index.php?rest_route=\/wp\/v2\/posts"}],"about":[{"href":"https:\/\/archive.sana.sy\/tr\/index.php?rest_route=\/wp\/v2\/types\/post"}],"author":[{"embeddable":true,"href":"https:\/\/archive.sana.sy\/tr\/index.php?rest_route=\/wp\/v2\/users\/36"}],"replies":[{"embeddable":true,"href":"https:\/\/archive.sana.sy\/tr\/index.php?rest_route=%2Fwp%2Fv2%2Fcomments&post=269217"}],"version-history":[{"count":0,"href":"https:\/\/archive.sana.sy\/tr\/index.php?rest_route=\/wp\/v2\/posts\/269217\/revisions"}],"wp:featuredmedia":[{"embeddable":true,"href":"https:\/\/archive.sana.sy\/tr\/index.php?rest_route=\/wp\/v2\/media\/269222"}],"wp:attachment":[{"href":"https:\/\/archive.sana.sy\/tr\/index.php?rest_route=%2Fwp%2Fv2%2Fmedia&parent=269217"}],"wp:term":[{"taxonomy":"category","embeddable":true,"href":"https:\/\/archive.sana.sy\/tr\/index.php?rest_route=%2Fwp%2Fv2%2Fcategories&post=269217"},{"taxonomy":"post_tag","embeddable":true,"href":"https:\/\/archive.sana.sy\/tr\/index.php?rest_route=%2Fwp%2Fv2%2Ftags&post=269217"}],"curies":[{"name":"wp","href":"https:\/\/api.w.org\/{rel}","templated":true}]}}