{"id":269239,"date":"2022-12-15T07:47:44","date_gmt":"2022-12-15T05:47:44","guid":{"rendered":"http:\/\/107.6.182.27\/tr\/?p=269239"},"modified":"2022-12-15T07:47:44","modified_gmt":"2022-12-15T05:47:44","slug":"yaratici-endustriler-konferansi-el-esad-ulusal-kutuphanesinde-basladi-2","status":"publish","type":"post","link":"https:\/\/archive.sana.sy\/tr\/?p=269239","title":{"rendered":"Yarat\u0131c\u0131 End\u00fcstriler Konferans\u0131 El Esad Ulusal K\u00fct\u00fcphanesi&#8217;nde Ba\u015flad\u0131"},"content":{"rendered":"<p>Yarat\u0131c\u0131 End\u00fcstriler Konferans\u0131 El Esad Ulusal K\u00fct\u00fcphanesi&#8217;nde Ba\u015flad\u0131<\/p>\n<p style=\"text-align: center;\"><iframe loading=\"lazy\" title=\"\u0627\u0646\u0637\u0644\u0627\u0642 \u0641\u0639\u0627\u0644\u064a\u0627\u062a \u0645\u0624\u062a\u0645\u0631 \u0627\u0644\u0635\u0646\u0627\u0639\u0627\u062a \u0627\u0644\u0625\u0628\u062f\u0627\u0639\u064a\u0629 \u0628\u0645\u0643\u062a\u0628\u0629 \u0627\u0644\u0623\u0633\u062f \u0627\u0644\u0648\u0637\u0646\u064a\u0629\" src=\"https:\/\/www.youtube.com\/embed\/tV0jKDsYENM\" width=\"620\" height=\"348\" frameborder=\"0\" allowfullscreen=\"allowfullscreen\"><\/iframe><\/p>\n","protected":false},"excerpt":{"rendered":"<p>Yarat\u0131c\u0131 End\u00fcstriler Konferans\u0131 El Esad Ulusal K\u00fct\u00fcphanesi&#8217;nde Ba\u015flad\u0131<\/p>\n","protected":false},"author":36,"featured_media":269240,"comment_status":"closed","ping_status":"closed","sticky":false,"template":"","format":"standard","meta":{"footnotes":""},"categories":[18295],"tags":[],"class_list":["post-269239","post","type-post","status-publish","format-standard","has-post-thumbnail","","category-sana-video"],"_links":{"self":[{"href":"https:\/\/archive.sana.sy\/tr\/index.php?rest_route=\/wp\/v2\/posts\/269239","targetHints":{"allow":["GET"]}}],"collection":[{"href":"https:\/\/archive.sana.sy\/tr\/index.php?rest_route=\/wp\/v2\/posts"}],"about":[{"href":"https:\/\/archive.sana.sy\/tr\/index.php?rest_route=\/wp\/v2\/types\/post"}],"author":[{"embeddable":true,"href":"https:\/\/archive.sana.sy\/tr\/index.php?rest_route=\/wp\/v2\/users\/36"}],"replies":[{"embeddable":true,"href":"https:\/\/archive.sana.sy\/tr\/index.php?rest_route=%2Fwp%2Fv2%2Fcomments&post=269239"}],"version-history":[{"count":0,"href":"https:\/\/archive.sana.sy\/tr\/index.php?rest_route=\/wp\/v2\/posts\/269239\/revisions"}],"wp:featuredmedia":[{"embeddable":true,"href":"https:\/\/archive.sana.sy\/tr\/index.php?rest_route=\/wp\/v2\/media\/269240"}],"wp:attachment":[{"href":"https:\/\/archive.sana.sy\/tr\/index.php?rest_route=%2Fwp%2Fv2%2Fmedia&parent=269239"}],"wp:term":[{"taxonomy":"category","embeddable":true,"href":"https:\/\/archive.sana.sy\/tr\/index.php?rest_route=%2Fwp%2Fv2%2Fcategories&post=269239"},{"taxonomy":"post_tag","embeddable":true,"href":"https:\/\/archive.sana.sy\/tr\/index.php?rest_route=%2Fwp%2Fv2%2Ftags&post=269239"}],"curies":[{"name":"wp","href":"https:\/\/api.w.org\/{rel}","templated":true}]}}