{"id":269245,"date":"2022-12-15T07:56:09","date_gmt":"2022-12-15T05:56:09","guid":{"rendered":"http:\/\/107.6.182.27\/tr\/?p=269245"},"modified":"2022-12-16T08:03:37","modified_gmt":"2022-12-16T06:03:37","slug":"washingtondaki-rusya-buyukelciligi-kieve-patriot-sistemleri-saglamanin-beklenmedik-sonuclari-konusunda-uyardi","status":"publish","type":"post","link":"https:\/\/archive.sana.sy\/tr\/?p=269245","title":{"rendered":"Washington&#8217;daki Rusya B\u00fcy\u00fckel\u00e7ili\u011fi, Kiev&#8217;e Patriot Sistemleri Sa\u011flaman\u0131n Beklenmedik Sonu\u00e7lar\u0131 Konusunda Uyard\u0131"},"content":{"rendered":"<p>WASH\u0130NGTON \u2013 Washington&#8217;daki Rusya B\u00fcy\u00fckel\u00e7ili\u011fi, ABD&#8217;nin Kiev rejimine Patriot f\u00fcze sistemleri teslim etmesinin \u00f6ng\u00f6r\u00fclemeyen sonu\u00e7lara yol a\u00e7abilecek provokatif bir ad\u0131m olaca\u011f\u0131 konusunda uyard\u0131.<\/p>\n<p>TASS Haber Ajans\u0131n\u0131n aktard\u0131\u011f\u0131na g\u00f6re b\u00fcy\u00fckel\u00e7ilikten yap\u0131lan a\u00e7\u0131klamada, \u201cAmerika Birle\u015fik Devletleri&#8217;nde, y\u00fcksek teknolojili hava savunma sistemlerinin Kiev&#8217;e sevk edilece\u011fi iddias\u0131yla ilgili bir medya kampanyas\u0131 ba\u015flat\u0131ld\u0131\u201d diyerek, \u201cbu bilgi do\u011frulan\u0131rsa, ABD y\u00f6netiminin beklenmedik sonu\u00e7lara yol a\u00e7abilecek provokatif bir ad\u0131m\u0131na daha tan\u0131k olaca\u011f\u0131z\u201d dedi.<\/p>\n<p>B\u00fcy\u00fckel\u00e7ilik, Amerika Birle\u015fik Devletleri&#8217;nin Patriot f\u00fczeleri sa\u011flamasa bile \u00e7at\u0131\u015fmaya giderek daha fazla m\u00fcdahil oldu\u011funu ve bu yolun sadece Rus-Amerikan ili\u015fkilerine b\u00fcy\u00fck zarar vermekle kalmay\u0131p k\u00fcresel g\u00fcvenlik i\u00e7in ek riskler yaratt\u0131\u011f\u0131n\u0131 belirtti.<\/p>\n<p><span style=\"color: #0000ff;\">#Telegram_Kanal\u0131m\u0131z: https:\/\/t.me\/SuriyeArapHaberAjans\u0131<\/span><\/p>\n<section id=\"check-also-box\" class=\"post-listing check-also-right\"><\/section>\n","protected":false},"excerpt":{"rendered":"<p>WASH\u0130NGTON \u2013 Washington&#8217;daki Rusya B\u00fcy\u00fckel\u00e7ili\u011fi, ABD&#8217;nin Kiev rejimine Patriot f\u00fcze sistemleri teslim etmesinin \u00f6ng\u00f6r\u00fclemeyen sonu\u00e7lara yol a\u00e7abilecek provokatif bir ad\u0131m olaca\u011f\u0131 konusunda uyard\u0131. TASS Haber Ajans\u0131n\u0131n aktard\u0131\u011f\u0131na g\u00f6re b\u00fcy\u00fckel\u00e7ilikten yap\u0131lan a\u00e7\u0131klamada, \u201cAmerika Birle\u015fik Devletleri&#8217;nde, y\u00fcksek teknolojili hava savunma sistemlerinin Kiev&#8217;e sevk edilece\u011fi iddias\u0131yla ilgili bir medya kampanyas\u0131 ba\u015flat\u0131ld\u0131\u201d diyerek, \u201cbu bilgi do\u011frulan\u0131rsa, ABD y\u00f6netiminin beklenmedik &hellip;<\/p>\n","protected":false},"author":36,"featured_media":269246,"comment_status":"closed","ping_status":"closed","sticky":false,"template":"","format":"standard","meta":{"footnotes":""},"categories":[458,459,17988],"tags":[],"class_list":["post-269245","post","type-post","status-publish","format-standard","has-post-thumbnail","","category-dunya1","category-haberler-arap-uluslararasi-politika","category-son-haberler"],"_links":{"self":[{"href":"https:\/\/archive.sana.sy\/tr\/index.php?rest_route=\/wp\/v2\/posts\/269245","targetHints":{"allow":["GET"]}}],"collection":[{"href":"https:\/\/archive.sana.sy\/tr\/index.php?rest_route=\/wp\/v2\/posts"}],"about":[{"href":"https:\/\/archive.sana.sy\/tr\/index.php?rest_route=\/wp\/v2\/types\/post"}],"author":[{"embeddable":true,"href":"https:\/\/archive.sana.sy\/tr\/index.php?rest_route=\/wp\/v2\/users\/36"}],"replies":[{"embeddable":true,"href":"https:\/\/archive.sana.sy\/tr\/index.php?rest_route=%2Fwp%2Fv2%2Fcomments&post=269245"}],"version-history":[{"count":0,"href":"https:\/\/archive.sana.sy\/tr\/index.php?rest_route=\/wp\/v2\/posts\/269245\/revisions"}],"wp:featuredmedia":[{"embeddable":true,"href":"https:\/\/archive.sana.sy\/tr\/index.php?rest_route=\/wp\/v2\/media\/269246"}],"wp:attachment":[{"href":"https:\/\/archive.sana.sy\/tr\/index.php?rest_route=%2Fwp%2Fv2%2Fmedia&parent=269245"}],"wp:term":[{"taxonomy":"category","embeddable":true,"href":"https:\/\/archive.sana.sy\/tr\/index.php?rest_route=%2Fwp%2Fv2%2Fcategories&post=269245"},{"taxonomy":"post_tag","embeddable":true,"href":"https:\/\/archive.sana.sy\/tr\/index.php?rest_route=%2Fwp%2Fv2%2Ftags&post=269245"}],"curies":[{"name":"wp","href":"https:\/\/api.w.org\/{rel}","templated":true}]}}