{"id":269258,"date":"2022-12-15T11:46:24","date_gmt":"2022-12-15T09:46:24","guid":{"rendered":"http:\/\/107.6.182.27\/tr\/?p=269258"},"modified":"2022-12-16T08:04:04","modified_gmt":"2022-12-16T06:04:04","slug":"suriye-ve-umman-hava-tasimaciligi-hizmetlerini-duzenlemek-icin-bir-mutabakat-zapti-imzaladi","status":"publish","type":"post","link":"https:\/\/archive.sana.sy\/tr\/?p=269258","title":{"rendered":"Suriye ve Umman, Hava Ta\u015f\u0131mac\u0131l\u0131\u011f\u0131 Hizmetlerini D\u00fczenlemek \u0130\u00e7in Bir Mutabakat Zapt\u0131 \u0130mzalad\u0131"},"content":{"rendered":"<p>MASKAT \u2013 Suriye ile Umman Sultanl\u0131\u011f\u0131, d\u00fcn Maskat&#8217;ta ger\u00e7ekle\u015ftirilen g\u00f6r\u00fc\u015fmelerin sonunda iki karde\u015f \u00fclke aras\u0131ndaki hava ta\u015f\u0131mac\u0131l\u0131\u011f\u0131 hizmetlerini d\u00fczenlemek i\u00e7in bir mutabakat zapt\u0131 imzalad\u0131.<\/p>\n<p><img loading=\"lazy\" decoding=\"async\" class=\"size-medium wp-image-269259 alignright\" src=\"http:\/\/107.6.182.27\/tr\/wp-content\/uploads\/2022\/12\/2-13-300x144.jpg\" alt=\"\" width=\"300\" height=\"144\" srcset=\"https:\/\/archive.sana.sy\/tr\/wp-content\/uploads\/2022\/12\/2-13-300x144.jpg 300w, https:\/\/archive.sana.sy\/tr\/wp-content\/uploads\/2022\/12\/2-13-150x72.jpg 150w, https:\/\/archive.sana.sy\/tr\/wp-content\/uploads\/2022\/12\/2-13.jpg 660w\" sizes=\"auto, (max-width: 300px) 100vw, 300px\" \/>Mutabakat muht\u0131ras\u0131n\u0131 Suriye taraf\u0131 ad\u0131na Sivil Havac\u0131l\u0131k Genel Te\u015fkilat\u0131 Genel M\u00fcd\u00fcr\u00fc M\u00fch. Basem Mansur, Umman taraf\u0131nda ise Sivil Havac\u0131l\u0131k Otoritesi Ba\u015fkan\u0131 Nayef bin Ali bin Hamad l Abri imzalad\u0131.<\/p>\n<p>Oturumda, hava ta\u015f\u0131mac\u0131l\u0131\u011f\u0131 sekt\u00f6r\u00fcnde ikili i\u015fbirli\u011fi ger\u00e7e\u011fi ve bu i\u015fbirli\u011fini iki \u00fclke ve iki karde\u015f halk\u0131n \u00e7\u0131karlar\u0131na hizmet edecek \u015fekilde geli\u015ftirmenin yollar\u0131 ele al\u0131nd\u0131.<\/p>\n<p>\u0130mza t\u00f6renine Suriye&#8217;nin Umman Sultanl\u0131\u011f\u0131 B\u00fcy\u00fckel\u00e7isi Dr. \u0130dris Myya \u00a0kat\u0131ld\u0131.<\/p>\n<p><span style=\"color: #0000ff;\">#Telegram_Kanal\u0131m\u0131z: https:\/\/t.me\/SuriyeArapHaberAjans\u0131<\/span><\/p>\n","protected":false},"excerpt":{"rendered":"<p>MASKAT \u2013 Suriye ile Umman Sultanl\u0131\u011f\u0131, d\u00fcn Maskat&#8217;ta ger\u00e7ekle\u015ftirilen g\u00f6r\u00fc\u015fmelerin sonunda iki karde\u015f \u00fclke aras\u0131ndaki hava ta\u015f\u0131mac\u0131l\u0131\u011f\u0131 hizmetlerini d\u00fczenlemek i\u00e7in bir mutabakat zapt\u0131 imzalad\u0131. Mutabakat muht\u0131ras\u0131n\u0131 Suriye taraf\u0131 ad\u0131na Sivil Havac\u0131l\u0131k Genel Te\u015fkilat\u0131 Genel M\u00fcd\u00fcr\u00fc M\u00fch. Basem Mansur, Umman taraf\u0131nda ise Sivil Havac\u0131l\u0131k Otoritesi Ba\u015fkan\u0131 Nayef bin Ali bin Hamad l Abri imzalad\u0131. Oturumda, hava &hellip;<\/p>\n","protected":false},"author":36,"featured_media":269260,"comment_status":"closed","ping_status":"closed","sticky":false,"template":"","format":"standard","meta":{"footnotes":""},"categories":[458,459,17988],"tags":[],"class_list":["post-269258","post","type-post","status-publish","format-standard","has-post-thumbnail","","category-dunya1","category-haberler-arap-uluslararasi-politika","category-son-haberler"],"_links":{"self":[{"href":"https:\/\/archive.sana.sy\/tr\/index.php?rest_route=\/wp\/v2\/posts\/269258","targetHints":{"allow":["GET"]}}],"collection":[{"href":"https:\/\/archive.sana.sy\/tr\/index.php?rest_route=\/wp\/v2\/posts"}],"about":[{"href":"https:\/\/archive.sana.sy\/tr\/index.php?rest_route=\/wp\/v2\/types\/post"}],"author":[{"embeddable":true,"href":"https:\/\/archive.sana.sy\/tr\/index.php?rest_route=\/wp\/v2\/users\/36"}],"replies":[{"embeddable":true,"href":"https:\/\/archive.sana.sy\/tr\/index.php?rest_route=%2Fwp%2Fv2%2Fcomments&post=269258"}],"version-history":[{"count":0,"href":"https:\/\/archive.sana.sy\/tr\/index.php?rest_route=\/wp\/v2\/posts\/269258\/revisions"}],"wp:featuredmedia":[{"embeddable":true,"href":"https:\/\/archive.sana.sy\/tr\/index.php?rest_route=\/wp\/v2\/media\/269260"}],"wp:attachment":[{"href":"https:\/\/archive.sana.sy\/tr\/index.php?rest_route=%2Fwp%2Fv2%2Fmedia&parent=269258"}],"wp:term":[{"taxonomy":"category","embeddable":true,"href":"https:\/\/archive.sana.sy\/tr\/index.php?rest_route=%2Fwp%2Fv2%2Fcategories&post=269258"},{"taxonomy":"post_tag","embeddable":true,"href":"https:\/\/archive.sana.sy\/tr\/index.php?rest_route=%2Fwp%2Fv2%2Ftags&post=269258"}],"curies":[{"name":"wp","href":"https:\/\/api.w.org\/{rel}","templated":true}]}}