{"id":269280,"date":"2022-12-16T13:04:27","date_gmt":"2022-12-16T11:04:27","guid":{"rendered":"http:\/\/107.6.182.27\/tr\/?p=269280"},"modified":"2022-12-19T07:48:52","modified_gmt":"2022-12-19T05:48:52","slug":"genel-kurul-filistin-halkinin-kendi-kaderini-tayin-hakkini-onaylayan-bir-karari-oy-cokluguyla-kabul-etti","status":"publish","type":"post","link":"https:\/\/archive.sana.sy\/tr\/?p=269280","title":{"rendered":"Genel Kurul, Filistin Halk\u0131n\u0131n Kendi Kaderini Tayin Hakk\u0131n\u0131 Onaylayan Bir Karar\u0131 Oy \u00c7oklu\u011fuyla Kabul Etti"},"content":{"rendered":"<p>NEW YORK &#8211; Birle\u015fmi\u015f Milletler Genel Kurulu, Filistin halk\u0131n\u0131n kendi kaderini tayin hakk\u0131n\u0131 onaylayan bir karar\u0131 oy \u00e7oklu\u011fuyla kabul etti.<\/p>\n<p>Filistinli WAFA Ajans\u0131, karara 168 \u00fclkenin aleyhte oy kulland\u0131\u011f\u0131n\u0131, 6 \u00fclkenin ise \u00e7ekimser oy kulland\u0131\u011f\u0131n\u0131 bildirdi.<\/p>\n<p>Filistin D\u0131\u015fi\u015fleri Bakan\u0131 Riyad El Maliki, Birle\u015fmi\u015f Milletler Genel Kurulu taraf\u0131ndan Filistin halk\u0131n\u0131n kendi kaderini tayin hakk\u0131n\u0131 destekleyen bir karar\u0131n \u00e7o\u011funluk taraf\u0131ndan kabul edilmesinin, Filistin davas\u0131n\u0131n adaletinin ve \u0130srail i\u015fgal varl\u0131\u011f\u0131n\u0131n ba\u015far\u0131s\u0131zl\u0131\u011f\u0131n\u0131n teyidinden ba\u015fka bir \u015fey olmad\u0131\u011f\u0131n\u0131 belirtti.<\/p>\n<p>El Maliki, karara kar\u015f\u0131 oy kullanan veya lehte oy kullanmaktan ka\u00e7\u0131nan \u00fclkelere, muhalefetlerinin uluslararas\u0131 hukuk ilkelerinin a\u011f\u0131r bir ihlali oldu\u011funu d\u00fc\u015f\u00fcnerek tutumlar\u0131n\u0131 g\u00f6zden ge\u00e7irmeleri \u00e7a\u011fr\u0131s\u0131nda bulundu ve onlar\u0131 s\u00f6m\u00fcrgecilik ve i\u015fgal yetkilileri taraf\u0131ndan Filistinlilere kar\u015f\u0131 i\u015flenen insanl\u0131\u011fa kar\u015f\u0131 di\u011fer ter\u00f6r su\u00e7lar\u0131na ortak etti\u011fini ifade etti.<\/p>\n<p>El Maliki, uluslararas\u0131 toplumu, ba\u015fkenti Kud\u00fcs olan ba\u011f\u0131ms\u0131z bir devlet kurarak Filistin halk\u0131n\u0131n devredilemez haklar\u0131n\u0131 koruma sorumluluklar\u0131n\u0131 \u00fcstlenmeye ve \u0130srail i\u015fgalini devam eden su\u00e7lar\u0131ndan sorumlu tutmaya \u00e7a\u011f\u0131rd\u0131.<\/p>\n<p><a class=\"x1i10hfl xjbqb8w x6umtig x1b1mbwd xaqea5y xav7gou x9f619 x1ypdohk xt0psk2 xe8uvvx xdj266r x11i5rnm xat24cr x1mh8g0r xexx8yu x4uap5 x18d9i69 xkhd6sd x16tdsg8 x1hl2dhg xggy1nq x1a2a7pz xt0b8zv x1qq9wsj xo1l8bm\" tabindex=\"0\" role=\"link\" href=\"https:\/\/www.facebook.com\/hashtag\/telegram_kanal%C4%B1m%C4%B1z?__eep__=6&amp;__cft__[0]=AZVEFRdbT-halEQXlBSKD5uVeJ2HbMw5S31upYC_3U7s4tfvQd4bgdDHTsG1suGQmrsN5vCCQsWkLw9KPnAwkbh34XSLR-6u-aCbCcBip-vm_Dtt9Tw3ZxXHPRa64tLa5g8&amp;__tn__=*NK-R\">#Telegram_Kanal\u0131m\u0131z<\/a>:\u00a0<a class=\"x1i10hfl xjbqb8w x6umtig x1b1mbwd xaqea5y xav7gou x9f619 x1ypdohk xt0psk2 xe8uvvx xdj266r x11i5rnm xat24cr x1mh8g0r xexx8yu x4uap5 x18d9i69 xkhd6sd x16tdsg8 x1hl2dhg xggy1nq x1a2a7pz xt0b8zv x1fey0fg\" tabindex=\"0\" role=\"link\" href=\"https:\/\/t.me\/SuriyeArapHaberAjans%C4%B1?fbclid=IwAR3p7vDSDzVl_hhGBQARMPWuyBkNJRbKDzKk_R0uxYHCwX16jlrmRD4RwFU\" target=\"_blank\" rel=\"nofollow noopener\">https:\/\/t.me\/SuriyeArapHaberAjans\u0131<\/a><\/p>\n","protected":false},"excerpt":{"rendered":"<p>NEW YORK &#8211; Birle\u015fmi\u015f Milletler Genel Kurulu, Filistin halk\u0131n\u0131n kendi kaderini tayin hakk\u0131n\u0131 onaylayan bir karar\u0131 oy \u00e7oklu\u011fuyla kabul etti. Filistinli WAFA Ajans\u0131, karara 168 \u00fclkenin aleyhte oy kulland\u0131\u011f\u0131n\u0131, 6 \u00fclkenin ise \u00e7ekimser oy kulland\u0131\u011f\u0131n\u0131 bildirdi. Filistin D\u0131\u015fi\u015fleri Bakan\u0131 Riyad El Maliki, Birle\u015fmi\u015f Milletler Genel Kurulu taraf\u0131ndan Filistin halk\u0131n\u0131n kendi kaderini tayin hakk\u0131n\u0131 destekleyen bir &hellip;<\/p>\n","protected":false},"author":1,"featured_media":269281,"comment_status":"closed","ping_status":"closed","sticky":false,"template":"","format":"standard","meta":{"footnotes":""},"categories":[458,459,17988],"tags":[],"class_list":["post-269280","post","type-post","status-publish","format-standard","has-post-thumbnail","","category-dunya1","category-haberler-arap-uluslararasi-politika","category-son-haberler"],"_links":{"self":[{"href":"https:\/\/archive.sana.sy\/tr\/index.php?rest_route=\/wp\/v2\/posts\/269280","targetHints":{"allow":["GET"]}}],"collection":[{"href":"https:\/\/archive.sana.sy\/tr\/index.php?rest_route=\/wp\/v2\/posts"}],"about":[{"href":"https:\/\/archive.sana.sy\/tr\/index.php?rest_route=\/wp\/v2\/types\/post"}],"author":[{"embeddable":true,"href":"https:\/\/archive.sana.sy\/tr\/index.php?rest_route=\/wp\/v2\/users\/1"}],"replies":[{"embeddable":true,"href":"https:\/\/archive.sana.sy\/tr\/index.php?rest_route=%2Fwp%2Fv2%2Fcomments&post=269280"}],"version-history":[{"count":0,"href":"https:\/\/archive.sana.sy\/tr\/index.php?rest_route=\/wp\/v2\/posts\/269280\/revisions"}],"wp:featuredmedia":[{"embeddable":true,"href":"https:\/\/archive.sana.sy\/tr\/index.php?rest_route=\/wp\/v2\/media\/269281"}],"wp:attachment":[{"href":"https:\/\/archive.sana.sy\/tr\/index.php?rest_route=%2Fwp%2Fv2%2Fmedia&parent=269280"}],"wp:term":[{"taxonomy":"category","embeddable":true,"href":"https:\/\/archive.sana.sy\/tr\/index.php?rest_route=%2Fwp%2Fv2%2Fcategories&post=269280"},{"taxonomy":"post_tag","embeddable":true,"href":"https:\/\/archive.sana.sy\/tr\/index.php?rest_route=%2Fwp%2Fv2%2Ftags&post=269280"}],"curies":[{"name":"wp","href":"https:\/\/api.w.org\/{rel}","templated":true}]}}