{"id":269286,"date":"2022-12-16T14:15:16","date_gmt":"2022-12-16T12:15:16","guid":{"rendered":"http:\/\/107.6.182.27\/tr\/?p=269286"},"modified":"2022-12-19T07:49:11","modified_gmt":"2022-12-19T05:49:11","slug":"bessur-suriyeye-yonelik-amerikan-ambargosu-insanlik-haklari-sucudur","status":"publish","type":"post","link":"https:\/\/archive.sana.sy\/tr\/?p=269286","title":{"rendered":"Be\u015f\u015fur: Suriye&#8217;ye Y\u00f6nelik Amerikan Ambargosu \u0130nsanl\u0131k Haklar\u0131 Su\u00e7udur"},"content":{"rendered":"<p>BEYRUT &#8211; Arap Ulusal Forumu&#8217;nun kurucu ba\u015fkan\u0131 Maan Be\u015f\u015fur, ABD&#8217;nin Suriye&#8217;ye y\u00f6nelik yapt\u0131r\u0131mlar\u0131n\u0131, zorlay\u0131c\u0131 ve gayri me\u015fru \u00f6nlemlerini iptal etmek i\u00e7in Arap ve uluslararas\u0131 geni\u015f bir hareketlenme \u00e7a\u011fr\u0131s\u0131nda bulundu.<\/p>\n<p>Be\u015f\u015fur, yapt\u0131\u011f\u0131 a\u00e7\u0131klamada, &#8220;\u0130srail ve Amerika&#8217;n\u0131n Suriye topraklar\u0131na y\u00f6nelik sald\u0131r\u0131lar\u0131n\u0131n devam etti\u011fi bir d\u00f6nemde, Amerikan y\u00f6netiminin perde arkas\u0131nda s\u00f6zde (uyu\u015fturucuyla m\u00fccadele yasas\u0131) ad\u0131 alt\u0131nda yeni yapt\u0131r\u0131mlar uygulanmaya \u00e7al\u0131\u015f\u0131l\u0131yor. Washington&#8217;un Suriye halk\u0131 \u00fczerindeki ablukay\u0131 s\u0131k\u0131la\u015ft\u0131rmak ile ila\u00e7 ve di\u011ferleri gibi temel malzemeleri ithal etmelerini engellemek i\u00e7in bahane olarak kullan\u0131yor onu ticari, ekonomik ve parasal d\u00fczeyde abluka alt\u0131na alm\u0131\u015ft\u0131r&#8221; dedi.<\/p>\n<p>Be\u015f\u015fur: &#8220;Suriye&#8217;ye y\u00f6nelik bu abluka, ona kar\u015f\u0131 11 y\u0131l\u0131 a\u015fk\u0131n s\u00fcredir devam eden k\u00fcresel sava\u015f\u0131n bir devam\u0131 olarak geliyor ve Suriye&#8217;nin bu sava\u015f kar\u015f\u0131s\u0131nda halk, ordu ve liderlik olarak kararl\u0131l\u0131\u011f\u0131n\u0131 ve duru\u015funu kan\u0131tl\u0131yor&#8221; diyerek; bu ku\u015fatman\u0131n fitne, korkutma ve bombalama y\u00f6ntemleri ba\u015far\u0131s\u0131z olduktan sonra, Suriye halk\u0131ndan g\u0131da, ila\u00e7 ve sonraki ya\u015famla intikam almaya \u00e7al\u0131\u015ft\u0131\u011f\u0131n\u0131 g\u00f6sterdi\u011fini dile getirdi.<\/p>\n<p>L\u00fcbnan ile birlikte Suriye&#8217;ye y\u00f6nelik bu ablukan\u0131n insanl\u0131\u011fa kar\u015f\u0131 bir su\u00e7 oldu\u011funu ve sorumlular\u0131n\u0131n uluslararas\u0131 ceza mahkemelerine sevk edilmesini hak etti\u011fini vurgulayan Be\u015f\u015fur, ancak bunun i\u00e7in \u00f6ncelikle t\u00fcm Arap ve d\u00fcnya \u00fclkelerinde Suriye ile dayan\u0131\u015fma kampanyalar\u0131 d\u00fczenleyen bir Arap ve uluslararas\u0131 halk hareketinin gerekli oldu\u011funu vurgulad\u0131.<\/p>\n<p><a class=\"x1i10hfl xjbqb8w x6umtig x1b1mbwd xaqea5y xav7gou x9f619 x1ypdohk xt0psk2 xe8uvvx xdj266r x11i5rnm xat24cr x1mh8g0r xexx8yu x4uap5 x18d9i69 xkhd6sd x16tdsg8 x1hl2dhg xggy1nq x1a2a7pz xt0b8zv x1qq9wsj xo1l8bm\" tabindex=\"0\" role=\"link\" href=\"https:\/\/www.facebook.com\/hashtag\/telegram_kanal%C4%B1m%C4%B1z?__eep__=6&amp;__cft__[0]=AZVEFRdbT-halEQXlBSKD5uVeJ2HbMw5S31upYC_3U7s4tfvQd4bgdDHTsG1suGQmrsN5vCCQsWkLw9KPnAwkbh34XSLR-6u-aCbCcBip-vm_Dtt9Tw3ZxXHPRa64tLa5g8&amp;__tn__=*NK-R\">#Telegram_Kanal\u0131m\u0131z<\/a>:\u00a0<a class=\"x1i10hfl xjbqb8w x6umtig x1b1mbwd xaqea5y xav7gou x9f619 x1ypdohk xt0psk2 xe8uvvx xdj266r x11i5rnm xat24cr x1mh8g0r xexx8yu x4uap5 x18d9i69 xkhd6sd x16tdsg8 x1hl2dhg xggy1nq x1a2a7pz xt0b8zv x1fey0fg\" tabindex=\"0\" role=\"link\" href=\"https:\/\/t.me\/SuriyeArapHaberAjans%C4%B1?fbclid=IwAR3p7vDSDzVl_hhGBQARMPWuyBkNJRbKDzKk_R0uxYHCwX16jlrmRD4RwFU\" target=\"_blank\" rel=\"nofollow noopener\">https:\/\/t.me\/SuriyeArapHaberAjans\u0131<\/a><\/p>\n","protected":false},"excerpt":{"rendered":"<p>BEYRUT &#8211; Arap Ulusal Forumu&#8217;nun kurucu ba\u015fkan\u0131 Maan Be\u015f\u015fur, ABD&#8217;nin Suriye&#8217;ye y\u00f6nelik yapt\u0131r\u0131mlar\u0131n\u0131, zorlay\u0131c\u0131 ve gayri me\u015fru \u00f6nlemlerini iptal etmek i\u00e7in Arap ve uluslararas\u0131 geni\u015f bir hareketlenme \u00e7a\u011fr\u0131s\u0131nda bulundu. Be\u015f\u015fur, yapt\u0131\u011f\u0131 a\u00e7\u0131klamada, &#8220;\u0130srail ve Amerika&#8217;n\u0131n Suriye topraklar\u0131na y\u00f6nelik sald\u0131r\u0131lar\u0131n\u0131n devam etti\u011fi bir d\u00f6nemde, Amerikan y\u00f6netiminin perde arkas\u0131nda s\u00f6zde (uyu\u015fturucuyla m\u00fccadele yasas\u0131) ad\u0131 alt\u0131nda yeni yapt\u0131r\u0131mlar &hellip;<\/p>\n","protected":false},"author":1,"featured_media":269287,"comment_status":"closed","ping_status":"closed","sticky":false,"template":"","format":"standard","meta":{"footnotes":""},"categories":[458,459,17988],"tags":[],"class_list":["post-269286","post","type-post","status-publish","format-standard","has-post-thumbnail","","category-dunya1","category-haberler-arap-uluslararasi-politika","category-son-haberler"],"_links":{"self":[{"href":"https:\/\/archive.sana.sy\/tr\/index.php?rest_route=\/wp\/v2\/posts\/269286","targetHints":{"allow":["GET"]}}],"collection":[{"href":"https:\/\/archive.sana.sy\/tr\/index.php?rest_route=\/wp\/v2\/posts"}],"about":[{"href":"https:\/\/archive.sana.sy\/tr\/index.php?rest_route=\/wp\/v2\/types\/post"}],"author":[{"embeddable":true,"href":"https:\/\/archive.sana.sy\/tr\/index.php?rest_route=\/wp\/v2\/users\/1"}],"replies":[{"embeddable":true,"href":"https:\/\/archive.sana.sy\/tr\/index.php?rest_route=%2Fwp%2Fv2%2Fcomments&post=269286"}],"version-history":[{"count":0,"href":"https:\/\/archive.sana.sy\/tr\/index.php?rest_route=\/wp\/v2\/posts\/269286\/revisions"}],"wp:featuredmedia":[{"embeddable":true,"href":"https:\/\/archive.sana.sy\/tr\/index.php?rest_route=\/wp\/v2\/media\/269287"}],"wp:attachment":[{"href":"https:\/\/archive.sana.sy\/tr\/index.php?rest_route=%2Fwp%2Fv2%2Fmedia&parent=269286"}],"wp:term":[{"taxonomy":"category","embeddable":true,"href":"https:\/\/archive.sana.sy\/tr\/index.php?rest_route=%2Fwp%2Fv2%2Fcategories&post=269286"},{"taxonomy":"post_tag","embeddable":true,"href":"https:\/\/archive.sana.sy\/tr\/index.php?rest_route=%2Fwp%2Fv2%2Ftags&post=269286"}],"curies":[{"name":"wp","href":"https:\/\/api.w.org\/{rel}","templated":true}]}}