{"id":26936,"date":"2015-03-19T11:03:42","date_gmt":"2015-03-19T09:03:42","guid":{"rendered":"http:\/\/www.sana.sy\/tr\/?p=26936"},"modified":"2015-03-19T11:03:42","modified_gmt":"2015-03-19T09:03:42","slug":"askeri-kaynak-ordu-birliklerimizin-hama-dogu-kirsalindaki-el-kafat-koyu-girisinde-bulunan-bir-askeri-kontrol-noktasina-saldiri-girisiminde-bulunan-buyuk-miktarda-patlayici-yuklu-iki-araci-imha-ettikl","status":"publish","type":"post","link":"https:\/\/archive.sana.sy\/tr\/?p=26936","title":{"rendered":"Askeri kaynak, ordu birliklerimizin Hama do\u011fu k\u0131rsal\u0131ndaki el K\u00e2f\u00e2t K\u00f6y\u00fc giri\u015finde bulunan bir askeri kontrol noktas\u0131na sald\u0131r\u0131 giri\u015fiminde bulunan b\u00fcy\u00fck miktarda patlay\u0131c\u0131 y\u00fckl\u00fc iki arac\u0131 imha ettiklerini, ter\u00f6ristlerin K\u00f6y dahiline s\u0131zma giri\u015fimlerini de \u00e7\u00f6kerttiklerini belirtti."},"content":{"rendered":"<p>Askeri kaynak, ordu birliklerimizin Hama do\u011fu k\u0131rsal\u0131ndaki el K\u00e2f\u00e2t K\u00f6y\u00fc giri\u015finde bulunan bir askeri kontrol noktas\u0131na sald\u0131r\u0131 giri\u015fiminde bulunan b\u00fcy\u00fck miktarda patlay\u0131c\u0131 y\u00fckl\u00fc iki arac\u0131 imha ettiklerini, ter\u00f6ristlerin K\u00f6y dahiline s\u0131zma giri\u015fimlerini de \u00e7\u00f6kerttiklerini belirtti.<\/p>\n","protected":false},"excerpt":{"rendered":"<p>Askeri kaynak, ordu birliklerimizin Hama do\u011fu k\u0131rsal\u0131ndaki el K\u00e2f\u00e2t K\u00f6y\u00fc giri\u015finde bulunan bir askeri kontrol noktas\u0131na sald\u0131r\u0131 giri\u015fiminde bulunan b\u00fcy\u00fck miktarda patlay\u0131c\u0131 y\u00fckl\u00fc iki arac\u0131 imha ettiklerini, ter\u00f6ristlerin K\u00f6y dahiline s\u0131zma giri\u015fimlerini de \u00e7\u00f6kerttiklerini belirtti.<\/p>\n","protected":false},"author":1,"featured_media":0,"comment_status":"closed","ping_status":"closed","sticky":false,"template":"","format":"standard","meta":{"footnotes":""},"categories":[1],"tags":[1031,12714,12715],"class_list":["post-26936","post","type-post","status-publish","format-standard","","category-news-not-sorted","tag-askeri-kaynak","tag-ordu-birliklerimizin-hama-dogu-kirsalindaki-el-kafat-koyu-girisinde-bulunan-bir-askeri-kontrol-noktasina-saldiri-girisiminde-bulunan-buyuk-miktarda-patlayici-yuklu-iki-araci-imha-ettiklerini","tag-teroristlerin-koy-dahiline-sizma-girisimlerini-de-cokerttiklerini-belirtti"],"_links":{"self":[{"href":"https:\/\/archive.sana.sy\/tr\/index.php?rest_route=\/wp\/v2\/posts\/26936","targetHints":{"allow":["GET"]}}],"collection":[{"href":"https:\/\/archive.sana.sy\/tr\/index.php?rest_route=\/wp\/v2\/posts"}],"about":[{"href":"https:\/\/archive.sana.sy\/tr\/index.php?rest_route=\/wp\/v2\/types\/post"}],"author":[{"embeddable":true,"href":"https:\/\/archive.sana.sy\/tr\/index.php?rest_route=\/wp\/v2\/users\/1"}],"replies":[{"embeddable":true,"href":"https:\/\/archive.sana.sy\/tr\/index.php?rest_route=%2Fwp%2Fv2%2Fcomments&post=26936"}],"version-history":[{"count":0,"href":"https:\/\/archive.sana.sy\/tr\/index.php?rest_route=\/wp\/v2\/posts\/26936\/revisions"}],"wp:attachment":[{"href":"https:\/\/archive.sana.sy\/tr\/index.php?rest_route=%2Fwp%2Fv2%2Fmedia&parent=26936"}],"wp:term":[{"taxonomy":"category","embeddable":true,"href":"https:\/\/archive.sana.sy\/tr\/index.php?rest_route=%2Fwp%2Fv2%2Fcategories&post=26936"},{"taxonomy":"post_tag","embeddable":true,"href":"https:\/\/archive.sana.sy\/tr\/index.php?rest_route=%2Fwp%2Fv2%2Ftags&post=26936"}],"curies":[{"name":"wp","href":"https:\/\/api.w.org\/{rel}","templated":true}]}}