{"id":26938,"date":"2015-03-19T11:24:27","date_gmt":"2015-03-19T09:24:27","guid":{"rendered":"http:\/\/www.sana.sy\/tr\/?p=26938"},"modified":"2015-03-19T11:24:27","modified_gmt":"2015-03-19T09:24:27","slug":"suriye-tunus-vatani-muzesine-yonelik-duzenlenen-teror-saldirisini-siddetle-kinayarak-kardes-tunusla-dayanismasini-kurbanlarin-ailelerine-en-derin-taziyelerini-sundu","status":"publish","type":"post","link":"https:\/\/archive.sana.sy\/tr\/?p=26938","title":{"rendered":"Suriye, Tunus Vatani M\u00fczesine y\u00f6nelik d\u00fczenlenen ter\u00f6r sald\u0131r\u0131s\u0131n\u0131 \u015fiddetle k\u0131nayarak, karde\u015f Tunus\u2019la dayan\u0131\u015fmas\u0131n\u0131 kurbanlar\u0131n ailelerine en derin taziyelerini sundu."},"content":{"rendered":"<p>Suriye, Tunus Vatani M\u00fczesine y\u00f6nelik d\u00fczenlenen ter\u00f6r sald\u0131r\u0131s\u0131n\u0131 \u015fiddetle k\u0131nayarak, karde\u015f Tunus\u2019la dayan\u0131\u015fmas\u0131n\u0131 kurbanlar\u0131n ailelerine de en derin taziyelerini sundu.<\/p>\n","protected":false},"excerpt":{"rendered":"<p>Suriye, Tunus Vatani M\u00fczesine y\u00f6nelik d\u00fczenlenen ter\u00f6r sald\u0131r\u0131s\u0131n\u0131 \u015fiddetle k\u0131nayarak, karde\u015f Tunus\u2019la dayan\u0131\u015fmas\u0131n\u0131 kurbanlar\u0131n ailelerine de en derin taziyelerini sundu.<\/p>\n","protected":false},"author":1,"featured_media":0,"comment_status":"closed","ping_status":"closed","sticky":false,"template":"","format":"standard","meta":{"footnotes":""},"categories":[1],"tags":[12717,16591,12716],"class_list":["post-26938","post","type-post","status-publish","format-standard","","category-news-not-sorted","tag-kardes-tunusla-dayanismasini-kurbanlarin-ailelerine-de-en-derin-taziyelerini-sundu","tag-suriye","tag-tunus-vatani-muzesine-yonelik-duzenlenen-teror-saldirisini-siddetle-kinayarak"],"_links":{"self":[{"href":"https:\/\/archive.sana.sy\/tr\/index.php?rest_route=\/wp\/v2\/posts\/26938","targetHints":{"allow":["GET"]}}],"collection":[{"href":"https:\/\/archive.sana.sy\/tr\/index.php?rest_route=\/wp\/v2\/posts"}],"about":[{"href":"https:\/\/archive.sana.sy\/tr\/index.php?rest_route=\/wp\/v2\/types\/post"}],"author":[{"embeddable":true,"href":"https:\/\/archive.sana.sy\/tr\/index.php?rest_route=\/wp\/v2\/users\/1"}],"replies":[{"embeddable":true,"href":"https:\/\/archive.sana.sy\/tr\/index.php?rest_route=%2Fwp%2Fv2%2Fcomments&post=26938"}],"version-history":[{"count":0,"href":"https:\/\/archive.sana.sy\/tr\/index.php?rest_route=\/wp\/v2\/posts\/26938\/revisions"}],"wp:attachment":[{"href":"https:\/\/archive.sana.sy\/tr\/index.php?rest_route=%2Fwp%2Fv2%2Fmedia&parent=26938"}],"wp:term":[{"taxonomy":"category","embeddable":true,"href":"https:\/\/archive.sana.sy\/tr\/index.php?rest_route=%2Fwp%2Fv2%2Fcategories&post=26938"},{"taxonomy":"post_tag","embeddable":true,"href":"https:\/\/archive.sana.sy\/tr\/index.php?rest_route=%2Fwp%2Fv2%2Ftags&post=26938"}],"curies":[{"name":"wp","href":"https:\/\/api.w.org\/{rel}","templated":true}]}}